{"id":5153,"date":"2026-03-05T16:11:50","date_gmt":"2026-03-05T19:11:50","guid":{"rendered":"https:\/\/oexpressobr.com.br\/?p=5153"},"modified":"2026-03-05T16:12:01","modified_gmt":"2026-03-05T19:12:01","slug":"mendonca-e-gonet-entram-em-rota-de-colisao-por-prisoes-no-caso-master","status":"publish","type":"post","link":"https:\/\/oexpressobr.com.br\/?p=5153","title":{"rendered":"Mendon\u00e7a e Gonet entram em rota de colis\u00e3o por pris\u00f5es no caso Master"},"content":{"rendered":"\n<p class=\"wp-block-paragraph\">\u200bO cen\u00e1rio institucional em Bras\u00edlia vive dias de temperatura m\u00e1xima. A condu\u00e7\u00e3o do <strong>caso Master<\/strong>, que investiga uma suposta fraude bilion\u00e1ria de <strong>R$ 12,2 bilh\u00f5es<\/strong>, tornou-se o novo epicentro de um embate direto entre o Judici\u00e1rio e o Minist\u00e9rio P\u00fablico. Na \u00faltima quarta-feira (4), o ministro <strong>Andr\u00e9 Mendon\u00e7a<\/strong>, do Supremo Tribunal Federal (STF), e o procurador-geral da Rep\u00fablica, <strong>Paulo Gonet<\/strong>, explicitaram diverg\u00eancias profundas sobre a urg\u00eancia de medidas cautelares na <strong>Opera\u00e7\u00e3o Compliance Zero<\/strong>.<\/p>\n\n\n\n<h3 class=\"wp-block-heading\">\u200bO estopim do conflito<\/h3>\n\n\n\n<p class=\"wp-block-paragraph\">\u200bO ponto de ruptura ocorreu quando o ministro Mendon\u00e7a determinou a pris\u00e3o preventiva do banqueiro <strong>Daniel Vorcaro<\/strong>, fundador do Banco Master, e de outros investigados. A decis\u00e3o foi tomada \u00e0 revelia da manifesta\u00e7\u00e3o conclusiva da <strong>Procuradoria-Geral da Rep\u00fablica (PGR)<\/strong>.<\/p>\n\n\n\n<p class=\"wp-block-paragraph\">\u200bGonet havia solicitado mais tempo para analisar o caso, alegando que o prazo de 72 horas concedido era &#8220;ex\u00edguo&#8221; e de &#8220;imposs\u00edvel atendimento&#8221;. Em sua manifesta\u00e7\u00e3o, o PGR afirmou n\u00e3o vislumbrar &#8220;perigo iminente&#8221; que justificasse a pressa nas pris\u00f5es.<\/p>\n\n\n\n<h3 class=\"wp-block-heading\">\u200bA resposta de Mendon\u00e7a<\/h3>\n\n\n\n<p class=\"wp-block-paragraph\">\u200bO ministro Andr\u00e9 Mendon\u00e7a, que assumiu a relatoria do caso em fevereiro ap\u00f3s a sa\u00edda de <strong>Dias Toffoli<\/strong>, rebateu duramente a postura da PGR. Em sua decis\u00e3o, Mendon\u00e7a:<\/p>\n\n\n\n<ul class=\"wp-block-list\">\n<li>\u200b<strong>Lamentou a posi\u00e7\u00e3o da PGR:<\/strong> Classificou como preocupante a relut\u00e2ncia do \u00f3rg\u00e3o em admitir a urg\u00eancia diante de provas de crimes graves.<\/li>\n\n\n\n<li>\u200b<strong>Citou amea\u00e7as reais:<\/strong> A Pol\u00edcia Federal colheu mensagens em que Vorcaro falava em &#8220;dar um pau&#8221; em um jornalista e &#8220;moer&#8221; uma ex-funcion\u00e1ria.<\/li>\n\n\n\n<li>\u200b<strong>Apontou riscos \u00e0 investiga\u00e7\u00e3o:<\/strong> Houve ind\u00edcios de acessos indevidos a sistemas sigilosos da PF e da Interpol por parte do grupo investigado.<\/li>\n<\/ul>\n\n\n\n<p class=\"wp-block-paragraph\">A crise amea\u00e7a aprofundar o fosso entre os gabinetes do STF, especialmente com a revela\u00e7\u00e3o de mensagens que citam outros ministros da Corte, aumentando a press\u00e3o por uma limpeza institucional definitiva no Sistema Financeiro Nacional.<\/p>\n","protected":false},"excerpt":{"rendered":"<p>\u200bO cen\u00e1rio institucional em Bras\u00edlia vive dias de temperatura m\u00e1xima. A condu\u00e7\u00e3o do caso Master, que investiga uma suposta fraude bilion\u00e1ria de R$ 12,2 bilh\u00f5es, [&#8230;]<\/p>\n","protected":false},"author":1,"featured_media":5154,"comment_status":"open","ping_status":"open","sticky":false,"template":"","format":"standard","meta":{"_crdt_document":"","_jetpack_memberships_contains_paid_content":false,"footnotes":"","jetpack_publicize_message":"","jetpack_publicize_feature_enabled":true,"jetpack_social_post_already_shared":true,"jetpack_social_options":{"image_generator_settings":{"template":"highway","default_image_id":0,"font":"","enabled":false},"version":2}},"categories":[8],"tags":[],"class_list":["post-5153","post","type-post","status-publish","format-standard","has-post-thumbnail","hentry","category-judiciario"],"jetpack_publicize_connections":[],"jetpack_featured_media_url":"https:\/\/i0.wp.com\/oexpressobr.com.br\/wp-content\/uploads\/2026\/03\/IMG-20260305-WA0214.jpg?fit=800%2C1000&ssl=1","jetpack_likes_enabled":true,"jetpack_sharing_enabled":true,"_links":{"self":[{"href":"https:\/\/oexpressobr.com.br\/index.php?rest_route=\/wp\/v2\/posts\/5153","targetHints":{"allow":["GET"]}}],"collection":[{"href":"https:\/\/oexpressobr.com.br\/index.php?rest_route=\/wp\/v2\/posts"}],"about":[{"href":"https:\/\/oexpressobr.com.br\/index.php?rest_route=\/wp\/v2\/types\/post"}],"author":[{"embeddable":true,"href":"https:\/\/oexpressobr.com.br\/index.php?rest_route=\/wp\/v2\/users\/1"}],"replies":[{"embeddable":true,"href":"https:\/\/oexpressobr.com.br\/index.php?rest_route=%2Fwp%2Fv2%2Fcomments&post=5153"}],"version-history":[{"count":1,"href":"https:\/\/oexpressobr.com.br\/index.php?rest_route=\/wp\/v2\/posts\/5153\/revisions"}],"predecessor-version":[{"id":5155,"href":"https:\/\/oexpressobr.com.br\/index.php?rest_route=\/wp\/v2\/posts\/5153\/revisions\/5155"}],"wp:featuredmedia":[{"embeddable":true,"href":"https:\/\/oexpressobr.com.br\/index.php?rest_route=\/wp\/v2\/media\/5154"}],"wp:attachment":[{"href":"https:\/\/oexpressobr.com.br\/index.php?rest_route=%2Fwp%2Fv2%2Fmedia&parent=5153"}],"wp:term":[{"taxonomy":"category","embeddable":true,"href":"https:\/\/oexpressobr.com.br\/index.php?rest_route=%2Fwp%2Fv2%2Fcategories&post=5153"},{"taxonomy":"post_tag","embeddable":true,"href":"https:\/\/oexpressobr.com.br\/index.php?rest_route=%2Fwp%2Fv2%2Ftags&post=5153"}],"curies":[{"name":"wp","href":"https:\/\/api.w.org\/{rel}","templated":true}]}}