{"id":5156,"date":"2026-03-05T16:18:32","date_gmt":"2026-03-05T19:18:32","guid":{"rendered":"https:\/\/oexpressobr.com.br\/?p=5156"},"modified":"2026-03-05T16:18:40","modified_gmt":"2026-03-05T19:18:40","slug":"britney-spears-e-detida-na-california","status":"publish","type":"post","link":"https:\/\/oexpressobr.com.br\/?p=5156","title":{"rendered":"Britney Spears \u00e9 detida na Calif\u00f3rnia"},"content":{"rendered":"\n<p class=\"wp-block-paragraph\">A cantora Britney Spears, de 44 anos, foi presa na noite da \u00faltima quarta-feira, 4 de mar\u00e7o, no condado de Ventura, Calif\u00f3rnia. Segundo registros do Gabinete do Xerife local e informa\u00e7\u00f5es confirmadas pela Patrulha Rodovi\u00e1ria da Calif\u00f3rnia (CHP), a artista foi abordada por volta das 21h30 e levada sob cust\u00f3dia por suspeita de dirigir sob influ\u00eancia de \u00e1lcool ou subst\u00e2ncias (DUI).<\/p>\n\n\n\n<p class=\"wp-block-paragraph\">\u200bDe acordo com o site TMZ e a revista Variety, Spears foi fichada na delegacia \u00e0s 3h da manh\u00e3 desta quinta-feira (5). Ap\u00f3s permanecer detida por cerca de nove horas, ela foi liberada por volta das 6h no sistema &#8220;cite and release&#8221; (notificada e solta). O ve\u00edculo da cantora foi guinchado durante a abordagem.<\/p>\n\n\n\n<p class=\"wp-block-paragraph\">\u200bEmbora inicialmente n\u00e3o houvesse manifesta\u00e7\u00e3o, o empres\u00e1rio da cantora, Cade Hudson, enviou um comunicado \u00e0 imprensa internacional descrevendo o ocorrido como um &#8220;incidente lament\u00e1vel e completamente injustific\u00e1vel&#8221;. Hudson afirmou que Britney pretende cumprir a lei e que este pode ser o passo inicial para uma &#8220;mudan\u00e7a h\u00e1 muito necess\u00e1ria&#8221; em sua vida, visando seu bem-estar e apoio.<\/p>\n\n\n\n<p class=\"wp-block-paragraph\">\u200b<strong>Desdobramentos e Contexto<\/strong><\/p>\n\n\n\n<p class=\"wp-block-paragraph\">O caso ganha repercuss\u00e3o em uma semana de contrastes para a estrela pop. Pouco antes da deten\u00e7\u00e3o, Spears obteve uma vit\u00f3ria judicial importante: uma medida protetiva permanente contra um perseguidor (stalker) que a assediava online desde 2013 e que j\u00e1 havia sido preso por invadir sua propriedade em 2025.<\/p>\n\n\n\n<p class=\"wp-block-paragraph\">\u200bAl\u00e9m disso, not\u00edcias recentes indicam que a cantora concluiu uma negocia\u00e7\u00e3o hist\u00f3rica de seu cat\u00e1logo musical com a empresa Primary Wave. Embora os valores n\u00e3o tenham sido revelados oficialmente, especula-se que o acordo possa girar em torno de US$ 330 milh\u00f5es, compar\u00e1vel a grandes transa\u00e7\u00f5es do mercado fonogr\u00e1fico atual.<\/p>\n\n\n\n<p class=\"wp-block-paragraph\">\u200bBritney Spears deve se apresentar ao tribunal no dia 4 de maio para prestar esclarecimentos sobre a infra\u00e7\u00e3o de tr\u00e2nsito. Ap\u00f3s o incidente, a cantora desativou temporariamente seu perfil oficial no Instagram.<\/p>\n","protected":false},"excerpt":{"rendered":"<p>A cantora Britney Spears, de 44 anos, foi presa na noite da \u00faltima quarta-feira, 4 de mar\u00e7o, no condado de Ventura, Calif\u00f3rnia. Segundo registros do [&#8230;]<\/p>\n","protected":false},"author":1,"featured_media":5157,"comment_status":"open","ping_status":"open","sticky":false,"template":"","format":"standard","meta":{"_crdt_document":"","_jetpack_memberships_contains_paid_content":false,"footnotes":"","jetpack_publicize_message":"","jetpack_publicize_feature_enabled":true,"jetpack_social_post_already_shared":true,"jetpack_social_options":{"image_generator_settings":{"template":"highway","default_image_id":0,"font":"","enabled":false},"version":2}},"categories":[14],"tags":[],"class_list":["post-5156","post","type-post","status-publish","format-standard","has-post-thumbnail","hentry","category-famosos"],"jetpack_publicize_connections":[],"jetpack_featured_media_url":"https:\/\/i0.wp.com\/oexpressobr.com.br\/wp-content\/uploads\/2026\/03\/IMG-20260305-WA0215.jpg?fit=800%2C1000&ssl=1","jetpack_likes_enabled":true,"jetpack_sharing_enabled":true,"_links":{"self":[{"href":"https:\/\/oexpressobr.com.br\/index.php?rest_route=\/wp\/v2\/posts\/5156","targetHints":{"allow":["GET"]}}],"collection":[{"href":"https:\/\/oexpressobr.com.br\/index.php?rest_route=\/wp\/v2\/posts"}],"about":[{"href":"https:\/\/oexpressobr.com.br\/index.php?rest_route=\/wp\/v2\/types\/post"}],"author":[{"embeddable":true,"href":"https:\/\/oexpressobr.com.br\/index.php?rest_route=\/wp\/v2\/users\/1"}],"replies":[{"embeddable":true,"href":"https:\/\/oexpressobr.com.br\/index.php?rest_route=%2Fwp%2Fv2%2Fcomments&post=5156"}],"version-history":[{"count":1,"href":"https:\/\/oexpressobr.com.br\/index.php?rest_route=\/wp\/v2\/posts\/5156\/revisions"}],"predecessor-version":[{"id":5158,"href":"https:\/\/oexpressobr.com.br\/index.php?rest_route=\/wp\/v2\/posts\/5156\/revisions\/5158"}],"wp:featuredmedia":[{"embeddable":true,"href":"https:\/\/oexpressobr.com.br\/index.php?rest_route=\/wp\/v2\/media\/5157"}],"wp:attachment":[{"href":"https:\/\/oexpressobr.com.br\/index.php?rest_route=%2Fwp%2Fv2%2Fmedia&parent=5156"}],"wp:term":[{"taxonomy":"category","embeddable":true,"href":"https:\/\/oexpressobr.com.br\/index.php?rest_route=%2Fwp%2Fv2%2Fcategories&post=5156"},{"taxonomy":"post_tag","embeddable":true,"href":"https:\/\/oexpressobr.com.br\/index.php?rest_route=%2Fwp%2Fv2%2Ftags&post=5156"}],"curies":[{"name":"wp","href":"https:\/\/api.w.org\/{rel}","templated":true}]}}