{"id":5159,"date":"2026-03-05T16:25:35","date_gmt":"2026-03-05T19:25:35","guid":{"rendered":"https:\/\/oexpressobr.com.br\/?p=5159"},"modified":"2026-03-05T16:25:43","modified_gmt":"2026-03-05T19:25:43","slug":"lulinha-lula-e-cpmi-do-inss-protagonizam-novo-embate-apos-quebra-de-sigilo","status":"publish","type":"post","link":"https:\/\/oexpressobr.com.br\/?p=5159","title":{"rendered":"Lulinha, Lula e CPMI do INSS protagonizam novo embate ap\u00f3s quebra de sigilo"},"content":{"rendered":"\n<p class=\"wp-block-paragraph\">\u200bAs movimenta\u00e7\u00f5es financeiras de F\u00e1bio Lu\u00eds Lula da Silva, o Lulinha, voltaram ao centro do debate pol\u00edtico e jur\u00eddico nesta semana. Relat\u00f3rios detalhados, obtidos ap\u00f3s a quebra de sigilo banc\u00e1rio autorizada no \u00e2mbito da CPMI do INSS, revelam que o empres\u00e1rio e filho do presidente Luiz In\u00e1cio Lula da Silva movimentou aproximadamente R$ 19,5 milh\u00f5es entre janeiro de 2022 e janeiro de 2026.<\/p>\n\n\n\n<p class=\"wp-block-paragraph\">\u200bOs dados, que abrangem quatro anos de transa\u00e7\u00f5es em uma conta do Banco do Brasil, apontam um equil\u00edbrio quase exato entre entradas e sa\u00eddas: foram R$ 9,77 milh\u00f5es em cr\u00e9ditos e R$ 9,75 milh\u00f5es em d\u00e9bitos. De acordo com os documentos analisados pela comiss\u00e3o, o montante inclui repasses diretos feitos pelo presidente Lula ao filho, que somam R$ 721,3 mil. As transfer\u00eancias do petista ocorreram em datas espec\u00edficas: a maior, de R$ 384 mil, em julho de 2022, e outras duas remessas em dezembro de 2023.<\/p>\n\n\n\n<p class=\"wp-block-paragraph\">\u200b<strong>Origem e destino dos recursos<\/strong><\/p>\n\n\n\n<p class=\"wp-block-paragraph\">A investiga\u00e7\u00e3o conduzida pela Pol\u00edcia Federal e pela CPMI busca entender a rela\u00e7\u00e3o de Lulinha com Ant\u00f4nio Carlos Camilo Antunes, conhecido como &#8220;Careca do INSS&#8221;, suspeito de operar um esquema de descontos indevidos em aposentadorias. Embora os investigadores ressaltem que, at\u00e9 o momento, as men\u00e7\u00f5es a F\u00e1bio Lu\u00eds surgiram por meio de terceiros e mensagens interceptadas, o volume financeiro acelerou as apura\u00e7\u00f5es.<\/p>\n\n\n\n<p class=\"wp-block-paragraph\">\u200bA maior parte da receita de Lulinha no per\u00edodo prov\u00e9m de suas pr\u00f3prias empresas de consultoria e tecnologia: a LLF Tech Participa\u00e7\u00f5es (R$ 2,3 milh\u00f5es) e a G4 Entretenimento (R$ 772 mil). O relat\u00f3rio tamb\u00e9m mapeia pagamentos a antigos parceiros, como Jonas Suassuna, que recebeu cerca de R$ 704 mil em parcelas mensais de R$ 10 mil.<\/p>\n\n\n\n<p class=\"wp-block-paragraph\">\u200b<strong>Defesa alega legalidade e cita heran\u00e7a<\/strong><\/p>\n\n\n\n<p class=\"wp-block-paragraph\">Em resposta \u00e0s divulga\u00e7\u00f5es, a defesa de F\u00e1bio Lu\u00eds nega veementemente qualquer irregularidade. Os advogados protocolaram uma reclama\u00e7\u00e3o no Supremo Tribunal Federal (STF) para tentar anular a quebra de sigilo, classificando o vazamento dos dados como um &#8220;crime grave&#8221;. Segundo os representantes, todos os bens e rendimentos s\u00e3o l\u00edcitos, declarados \u00e0 Receita Federal e parte dos valores seria oriunda da heran\u00e7a de sua m\u00e3e, a ex-primeira-dama Marisa Let\u00edcia.<\/p>\n\n\n\n<p class=\"wp-block-paragraph\">\u200bO presidente Lula, que em declara\u00e7\u00f5es recentes afirmou que &#8220;se o filho estiver envolvido, vai pagar o pre\u00e7o&#8221;, mant\u00e9m a postura de que as investiga\u00e7\u00f5es devem seguir o devido processo legal, enquanto seus aliados pol\u00edticos criticam o que chamam de &#8220;espetaculariza\u00e7\u00e3o&#8221; de dados privados pela oposi\u00e7\u00e3o na CPMI.<\/p>\n\n\n\n<p class=\"wp-block-paragraph\">\u200bO caso segue agora para an\u00e1lise do STF, onde o ministro Fl\u00e1vio Dino j\u00e1 proferiu decis\u00f5es suspendendo medidas similares contra outros investigados por falta de fundamenta\u00e7\u00e3o individualizada, o que abre uma brecha jur\u00eddica para a estrat\u00e9gia da defesa de Lulinha.<\/p>\n","protected":false},"excerpt":{"rendered":"<p>\u200bAs movimenta\u00e7\u00f5es financeiras de F\u00e1bio Lu\u00eds Lula da Silva, o Lulinha, voltaram ao centro do debate pol\u00edtico e jur\u00eddico nesta semana. Relat\u00f3rios detalhados, obtidos ap\u00f3s [&#8230;]<\/p>\n","protected":false},"author":1,"featured_media":5160,"comment_status":"open","ping_status":"open","sticky":false,"template":"","format":"standard","meta":{"_crdt_document":"","_jetpack_memberships_contains_paid_content":false,"footnotes":"","jetpack_publicize_message":"","jetpack_publicize_feature_enabled":true,"jetpack_social_post_already_shared":true,"jetpack_social_options":{"image_generator_settings":{"template":"highway","default_image_id":0,"font":"","enabled":false},"version":2}},"categories":[3],"tags":[],"class_list":["post-5159","post","type-post","status-publish","format-standard","has-post-thumbnail","hentry","category-brasil"],"jetpack_publicize_connections":[],"jetpack_featured_media_url":"https:\/\/i0.wp.com\/oexpressobr.com.br\/wp-content\/uploads\/2026\/03\/lulinhajpg-1.webp?fit=900%2C600&ssl=1","jetpack_likes_enabled":true,"jetpack_sharing_enabled":true,"_links":{"self":[{"href":"https:\/\/oexpressobr.com.br\/index.php?rest_route=\/wp\/v2\/posts\/5159","targetHints":{"allow":["GET"]}}],"collection":[{"href":"https:\/\/oexpressobr.com.br\/index.php?rest_route=\/wp\/v2\/posts"}],"about":[{"href":"https:\/\/oexpressobr.com.br\/index.php?rest_route=\/wp\/v2\/types\/post"}],"author":[{"embeddable":true,"href":"https:\/\/oexpressobr.com.br\/index.php?rest_route=\/wp\/v2\/users\/1"}],"replies":[{"embeddable":true,"href":"https:\/\/oexpressobr.com.br\/index.php?rest_route=%2Fwp%2Fv2%2Fcomments&post=5159"}],"version-history":[{"count":1,"href":"https:\/\/oexpressobr.com.br\/index.php?rest_route=\/wp\/v2\/posts\/5159\/revisions"}],"predecessor-version":[{"id":5161,"href":"https:\/\/oexpressobr.com.br\/index.php?rest_route=\/wp\/v2\/posts\/5159\/revisions\/5161"}],"wp:featuredmedia":[{"embeddable":true,"href":"https:\/\/oexpressobr.com.br\/index.php?rest_route=\/wp\/v2\/media\/5160"}],"wp:attachment":[{"href":"https:\/\/oexpressobr.com.br\/index.php?rest_route=%2Fwp%2Fv2%2Fmedia&parent=5159"}],"wp:term":[{"taxonomy":"category","embeddable":true,"href":"https:\/\/oexpressobr.com.br\/index.php?rest_route=%2Fwp%2Fv2%2Fcategories&post=5159"},{"taxonomy":"post_tag","embeddable":true,"href":"https:\/\/oexpressobr.com.br\/index.php?rest_route=%2Fwp%2Fv2%2Ftags&post=5159"}],"curies":[{"name":"wp","href":"https:\/\/api.w.org\/{rel}","templated":true}]}}