{"id":5163,"date":"2026-03-05T16:30:44","date_gmt":"2026-03-05T19:30:44","guid":{"rendered":"https:\/\/oexpressobr.com.br\/?p=5163"},"modified":"2026-03-05T16:30:53","modified_gmt":"2026-03-05T19:30:53","slug":"lula-e-paulo-okamotto-transferiram-r-873-mil-para-lulinha","status":"publish","type":"post","link":"https:\/\/oexpressobr.com.br\/?p=5163","title":{"rendered":"Lula e Paulo Okamotto transferiram R$ 873 mil para Lulinha"},"content":{"rendered":"\n<p class=\"wp-block-paragraph\">Registros banc\u00e1rios obtidos por meio de quebra de sigilo revelaram que o presidente Luiz In\u00e1cio Lula da Silva e o dirigente petista Paulo Okamotto realizaram transfer\u00eancias que somam R$ 873 mil para F\u00e1bio Lu\u00eds Lula da Silva, conhecido como Lulinha. As transa\u00e7\u00f5es, ocorridas entre 2022 e 2023, entraram no radar de investiga\u00e7\u00f5es que apuram movimenta\u00e7\u00f5es financeiras do empres\u00e1rio.<\/p>\n\n\n\n<p class=\"wp-block-paragraph\">\u200bDe acordo com os dados banc\u00e1rios analisados, o presidente Lula efetuou tr\u00eas repasses ao filho, totalizando R$ 721,3 mil. Duas dessas opera\u00e7\u00f5es foram realizadas em 27 de dezembro de 2023, nos valores de R$ 244,8 mil e R$ 92,4 mil. Uma terceira transfer\u00eancia, de R$ 384 mil, havia sido feita anteriormente, em 22 de julho de 2022. Os recursos partiram de uma conta mantida por Lula em uma ag\u00eancia do Banco do Brasil em S\u00e3o Bernardo do Campo (SP).<\/p>\n\n\n\n<p class=\"wp-block-paragraph\">\u200bNa mesma data do repasse de julho de 2022, Paulo Okamotto \u2014 ent\u00e3o presidente da Funda\u00e7\u00e3o Perseu Abramo e diretor do Instituto Lula \u2014 transferiu R$ 152.488,39 para Lulinha. O registro da opera\u00e7\u00e3o consta como &#8220;dep\u00f3sito cheque BB liquidado&#8221;, sem que o motivo da transa\u00e7\u00e3o tenha sido formalmente especificado nos registros banc\u00e1rios iniciais.<\/p>\n\n\n\n<p class=\"wp-block-paragraph\">\u200b<strong>Investimentos e contexto das movimenta\u00e7\u00f5es<\/strong><\/p>\n\n\n\n<p class=\"wp-block-paragraph\">Os documentos indicam que, logo ap\u00f3s receber os valores, Lulinha realizou aplica\u00e7\u00f5es financeiras expressivas. Em julho de 2022, dois dias ap\u00f3s o dep\u00f3sito de Lula, o empres\u00e1rio aplicou R$ 386 mil no fundo BB Renda Fixa Longo Prazo High. Movimenta\u00e7\u00e3o similar foi observada em dezembro de 2023, quando, ap\u00f3s os novos aportes, cerca de R$ 299 mil foram investidos em fundos do Banco do Brasil.<\/p>\n\n\n\n<p class=\"wp-block-paragraph\">\u200bAs informa\u00e7\u00f5es surgem em um momento de press\u00e3o sobre o filho do presidente. Recentemente, a CPMI do INSS aprovou a quebra de seus sigilos banc\u00e1rio, fiscal e telem\u00e1tico para investigar supostos repasses ligados a um esquema de descontos indevidos em aposentadorias, no qual o nome de Lulinha foi citado em mensagens interceptadas pela Pol\u00edcia Federal.<\/p>\n\n\n\n<p class=\"wp-block-paragraph\">\u200b<strong>O que dizem os envolvidos<\/strong><\/p>\n\n\n\n<p class=\"wp-block-paragraph\">Aliados e interlocutores da fam\u00edlia alegam que parte dos recursos movimentados tem origem em heran\u00e7a, justificando a natureza familiar das transfer\u00eancias. A defesa de F\u00e1bio Lu\u00eds Lula da Silva nega veementemente qualquer envolvimento com irregularidades no INSS ou com o lobista conhecido como &#8220;Careca do INSS&#8221;. Em nota, os advogados afirmaram que o foro adequado para prestar esclarecimentos \u00e9 o Supremo Tribunal Federal (STF) e classificaram as suspeitas como &#8220;fofocas e vilanias&#8221; sem materialidade.<\/p>\n\n\n\n<p class=\"wp-block-paragraph\">\u200bO presidente Lula, em declara\u00e7\u00f5es recentes sobre as investiga\u00e7\u00f5es que cercam o filho, afirmou que &#8220;se ele tiver alguma coisa, vai pagar o pre\u00e7o&#8221;, mas refor\u00e7ou acreditar na inoc\u00eancia de Lulinha e orientou o filho a se defender perante a Justi\u00e7a.<\/p>\n","protected":false},"excerpt":{"rendered":"<p>Registros banc\u00e1rios obtidos por meio de quebra de sigilo revelaram que o presidente Luiz In\u00e1cio Lula da Silva e o dirigente petista Paulo Okamotto realizaram [&#8230;]<\/p>\n","protected":false},"author":1,"featured_media":5164,"comment_status":"open","ping_status":"open","sticky":false,"template":"","format":"standard","meta":{"_crdt_document":"","_jetpack_memberships_contains_paid_content":false,"footnotes":"","jetpack_publicize_message":"","jetpack_publicize_feature_enabled":true,"jetpack_social_post_already_shared":true,"jetpack_social_options":{"image_generator_settings":{"template":"highway","default_image_id":0,"font":"","enabled":false},"version":2}},"categories":[3],"tags":[],"class_list":["post-5163","post","type-post","status-publish","format-standard","has-post-thumbnail","hentry","category-brasil"],"jetpack_publicize_connections":[],"jetpack_featured_media_url":"https:\/\/i0.wp.com\/oexpressobr.com.br\/wp-content\/uploads\/2026\/03\/lula-lulinha.webp?fit=900%2C600&ssl=1","jetpack_likes_enabled":true,"jetpack_sharing_enabled":true,"_links":{"self":[{"href":"https:\/\/oexpressobr.com.br\/index.php?rest_route=\/wp\/v2\/posts\/5163","targetHints":{"allow":["GET"]}}],"collection":[{"href":"https:\/\/oexpressobr.com.br\/index.php?rest_route=\/wp\/v2\/posts"}],"about":[{"href":"https:\/\/oexpressobr.com.br\/index.php?rest_route=\/wp\/v2\/types\/post"}],"author":[{"embeddable":true,"href":"https:\/\/oexpressobr.com.br\/index.php?rest_route=\/wp\/v2\/users\/1"}],"replies":[{"embeddable":true,"href":"https:\/\/oexpressobr.com.br\/index.php?rest_route=%2Fwp%2Fv2%2Fcomments&post=5163"}],"version-history":[{"count":1,"href":"https:\/\/oexpressobr.com.br\/index.php?rest_route=\/wp\/v2\/posts\/5163\/revisions"}],"predecessor-version":[{"id":5165,"href":"https:\/\/oexpressobr.com.br\/index.php?rest_route=\/wp\/v2\/posts\/5163\/revisions\/5165"}],"wp:featuredmedia":[{"embeddable":true,"href":"https:\/\/oexpressobr.com.br\/index.php?rest_route=\/wp\/v2\/media\/5164"}],"wp:attachment":[{"href":"https:\/\/oexpressobr.com.br\/index.php?rest_route=%2Fwp%2Fv2%2Fmedia&parent=5163"}],"wp:term":[{"taxonomy":"category","embeddable":true,"href":"https:\/\/oexpressobr.com.br\/index.php?rest_route=%2Fwp%2Fv2%2Fcategories&post=5163"},{"taxonomy":"post_tag","embeddable":true,"href":"https:\/\/oexpressobr.com.br\/index.php?rest_route=%2Fwp%2Fv2%2Ftags&post=5163"}],"curies":[{"name":"wp","href":"https:\/\/api.w.org\/{rel}","templated":true}]}}