{"id":5166,"date":"2026-03-05T16:37:16","date_gmt":"2026-03-05T19:37:16","guid":{"rendered":"https:\/\/oexpressobr.com.br\/?p=5166"},"modified":"2026-03-05T16:37:26","modified_gmt":"2026-03-05T19:37:26","slug":"nikolas-ferreira-cobra-explicacoes-de-aliado-citado-em-agenda-de-vorcaro","status":"publish","type":"post","link":"https:\/\/oexpressobr.com.br\/?p=5166","title":{"rendered":"Nikolas Ferreira cobra explica\u00e7\u00f5es de aliado citado em agenda de Vorcaro"},"content":{"rendered":"\n<p class=\"wp-block-paragraph\">O deputado federal Nikolas Ferreira (PL-MG) subiu o tom e passou a exigir esclarecimentos p\u00fablicos de um de seus aliados pol\u00edticos ap\u00f3s a revela\u00e7\u00e3o de que o n\u00famero de telefone deste parlamentar constava na agenda de contatos do empres\u00e1rio Ricardo Vorcaro. O caso, que ganhou tra\u00e7\u00e3o nas redes sociais e nos bastidores de Bras\u00edlia, coloca sob press\u00e3o a coes\u00e3o da ala conservadora mineira.<\/p>\n\n\n\n<h3 class=\"wp-block-heading\">\u200bO estopim da crise<\/h3>\n\n\n\n<p class=\"wp-block-paragraph\">\u200bA tens\u00e3o come\u00e7ou ap\u00f3s o vazamento de informa\u00e7\u00f5es decorrentes de investiga\u00e7\u00f5es que citam o nome de <strong>Ricardo Vorcaro<\/strong>. Ao descobrir que um membro de seu c\u00edrculo pr\u00f3ximo mantinha canal direto com o empres\u00e1rio, Nikolas Ferreira n\u00e3o poupou cr\u00edticas, utilizando suas plataformas digitais para questionar a natureza dessa rela\u00e7\u00e3o.<\/p>\n\n\n\n<p class=\"wp-block-paragraph\">\u200bDe acordo com interlocutores, o questionamento de Nikolas foca em tr\u00eas pontos principais:<\/p>\n\n\n\n<ul class=\"wp-block-list\">\n<li>\u200b<strong>Transpar\u00eancia:<\/strong> O motivo do contato n\u00e3o ter sido reportado anteriormente ao grupo.<\/li>\n\n\n\n<li>\u200b<strong>Alinhamento:<\/strong> Se houve troca de informa\u00e7\u00f5es sens\u00edveis que possam comprometer a agenda do partido.<\/li>\n\n\n\n<li>\u200b<strong>Conflito de Interesses:<\/strong> A rela\u00e7\u00e3o entre o setor privado e a atua\u00e7\u00e3o parlamentar da base aliada.<\/li>\n<\/ul>\n\n\n\n<h3 class=\"wp-block-heading\">\u200bA Rea\u00e7\u00e3o dos Envolvidos<\/h3>\n\n\n\n<p class=\"wp-block-paragraph\">\u200bO aliado em quest\u00e3o \u2014 cuja identidade tem sido preservada em alguns f\u00f3runs, mas amplamente debatida em outros \u2014 limitou-se a dizer que o n\u00famero na agenda n\u00e3o prova a exist\u00eancia de uma rela\u00e7\u00e3o pr\u00f3xima ou il\u00edcita. Por outro lado, o empres\u00e1rio Ricardo Vorcaro ainda n\u00e3o emitiu uma nota oficial detalhando sua lista de contatos parlamentares.<\/p>\n\n\n\n<blockquote class=\"wp-block-quote is-layout-flow wp-block-quote-is-layout-flow\">\n<p class=\"wp-block-paragraph\">\u200b&#8221;A base precisa ser inegoci\u00e1vel. N\u00e3o basta ser aliado na foto, tem que ser aliado na conduta&#8221;, afirmou Nikolas em um de seus posicionamentos recentes.<\/p>\n<\/blockquote>\n\n\n\n<h3 class=\"wp-block-heading\">\u200bO Contexto Pol\u00edtico<\/h3>\n\n\n\n<p class=\"wp-block-paragraph\">\u200bEste racha interno ocorre em um momento delicado, onde a oposi\u00e7\u00e3o busca fortalecer sua imagem de &#8220;nova pol\u00edtica&#8221; e integridade total. Qualquer proximidade com figuras investigadas ou pol\u00eamicas \u00e9 vista como um risco reputacional que Nikolas, visando as pr\u00f3ximas janelas eleitorais, parece n\u00e3o estar disposto a correr.<\/p>\n","protected":false},"excerpt":{"rendered":"<p>O deputado federal Nikolas Ferreira (PL-MG) subiu o tom e passou a exigir esclarecimentos p\u00fablicos de um de seus aliados pol\u00edticos ap\u00f3s a revela\u00e7\u00e3o de [&#8230;]<\/p>\n","protected":false},"author":1,"featured_media":5167,"comment_status":"open","ping_status":"open","sticky":false,"template":"","format":"standard","meta":{"_crdt_document":"","_jetpack_memberships_contains_paid_content":false,"footnotes":"","jetpack_publicize_message":"","jetpack_publicize_feature_enabled":true,"jetpack_social_post_already_shared":true,"jetpack_social_options":{"image_generator_settings":{"template":"highway","default_image_id":0,"font":"","enabled":false},"version":2}},"categories":[3],"tags":[],"class_list":["post-5166","post","type-post","status-publish","format-standard","has-post-thumbnail","hentry","category-brasil"],"jetpack_publicize_connections":[],"jetpack_featured_media_url":"https:\/\/i0.wp.com\/oexpressobr.com.br\/wp-content\/uploads\/2026\/03\/IMG-20260305-WA0221.jpg?fit=900%2C600&ssl=1","jetpack_likes_enabled":true,"jetpack_sharing_enabled":true,"_links":{"self":[{"href":"https:\/\/oexpressobr.com.br\/index.php?rest_route=\/wp\/v2\/posts\/5166","targetHints":{"allow":["GET"]}}],"collection":[{"href":"https:\/\/oexpressobr.com.br\/index.php?rest_route=\/wp\/v2\/posts"}],"about":[{"href":"https:\/\/oexpressobr.com.br\/index.php?rest_route=\/wp\/v2\/types\/post"}],"author":[{"embeddable":true,"href":"https:\/\/oexpressobr.com.br\/index.php?rest_route=\/wp\/v2\/users\/1"}],"replies":[{"embeddable":true,"href":"https:\/\/oexpressobr.com.br\/index.php?rest_route=%2Fwp%2Fv2%2Fcomments&post=5166"}],"version-history":[{"count":1,"href":"https:\/\/oexpressobr.com.br\/index.php?rest_route=\/wp\/v2\/posts\/5166\/revisions"}],"predecessor-version":[{"id":5168,"href":"https:\/\/oexpressobr.com.br\/index.php?rest_route=\/wp\/v2\/posts\/5166\/revisions\/5168"}],"wp:featuredmedia":[{"embeddable":true,"href":"https:\/\/oexpressobr.com.br\/index.php?rest_route=\/wp\/v2\/media\/5167"}],"wp:attachment":[{"href":"https:\/\/oexpressobr.com.br\/index.php?rest_route=%2Fwp%2Fv2%2Fmedia&parent=5166"}],"wp:term":[{"taxonomy":"category","embeddable":true,"href":"https:\/\/oexpressobr.com.br\/index.php?rest_route=%2Fwp%2Fv2%2Fcategories&post=5166"},{"taxonomy":"post_tag","embeddable":true,"href":"https:\/\/oexpressobr.com.br\/index.php?rest_route=%2Fwp%2Fv2%2Ftags&post=5166"}],"curies":[{"name":"wp","href":"https:\/\/api.w.org\/{rel}","templated":true}]}}