{"id":517,"date":"2025-12-10T03:50:12","date_gmt":"2025-12-10T06:50:12","guid":{"rendered":"https:\/\/oexpressobr.com.br\/?p=517"},"modified":"2025-12-10T03:50:13","modified_gmt":"2025-12-10T06:50:13","slug":"congresso-nacional-promulga-emenda-que-isenta-ipva-de-veiculos-com-mais-de-20-anos-beneficiando-proprietarios-em-todo-o-pais","status":"publish","type":"post","link":"https:\/\/oexpressobr.com.br\/?p=517","title":{"rendered":"Congresso Nacional promulga emenda que isenta ipva de ve\u00edculos com mais de 20 anos, beneficiando propriet\u00e1rios em todo o pa\u00eds"},"content":{"rendered":"\n<p class=\"wp-block-paragraph\">\u200bO Congresso Nacional promulgou nesta ter\u00e7a-feira (9 de dezembro de 2025) a <strong>Emenda Constitucional (EC) 137<\/strong>, que estabelece a isen\u00e7\u00e3o do Imposto sobre a Propriedade de Ve\u00edculos Automotores (IPVA) para ve\u00edculos com <strong>20 anos ou mais de fabrica\u00e7\u00e3o<\/strong>. A medida, que uniformiza a legisla\u00e7\u00e3o em \u00e2mbito nacional, passa a valer a partir de 2026 e representa uma importante mudan\u00e7a tribut\u00e1ria para milh\u00f5es de brasileiros.<\/p>\n\n\n\n<p class=\"wp-block-paragraph\">\u200bA proposta, que teve origem na Proposta de Emenda \u00e0 Constitui\u00e7\u00e3o (PEC) 72\/2023, de autoria do senador Cleitinho (Republicanos-MG), e foi relatada pelo deputado Euclydes Pettersen (Republicanos\u2013MG) na comiss\u00e3o especial da C\u00e2mara, e pelo senador Marcos Rog\u00e9rio (PL-RO) no Senado, foi amplamente aprovada nas duas Casas.<\/p>\n\n\n\n<h3 class=\"wp-block-heading\">\u200b<strong>Ve\u00edculos Contemplados e Exce\u00e7\u00f5es<\/strong><\/h3>\n\n\n\n<p class=\"wp-block-paragraph\">\u200bA isen\u00e7\u00e3o do IPVA se aplica a:<\/p>\n\n\n\n<ul class=\"wp-block-list\">\n<li>\u200b<strong>Carros de passeio<\/strong><\/li>\n\n\n\n<li>\u200b<strong>Caminhonetes<\/strong><\/li>\n\n\n\n<li>\u200b<strong>Ve\u00edculos de uso misto<\/strong><\/li>\n<\/ul>\n\n\n\n<p class=\"wp-block-paragraph\">\u200b\u00c9 importante destacar que a Emenda <strong>n\u00e3o se aplica<\/strong> a micro-\u00f4nibus, \u00f4nibus, reboques e semirreboques.<\/p>\n\n\n\n<h3 class=\"wp-block-heading\">\u200b<strong>Fim da Disparidade Estadual<\/strong><\/h3>\n\n\n\n<p class=\"wp-block-paragraph\">\u200bAt\u00e9 a promulga\u00e7\u00e3o da EC 137, a regra de isen\u00e7\u00e3o por idade era definida por cada estado, gerando grande disparidade no pa\u00eds. Unidades da Federa\u00e7\u00e3o como Minas Gerais, Pernambuco, Tocantins, Alagoas e Santa Catarina, que ainda n\u00e3o ofereciam o benef\u00edcio ou tinham regras mais r\u00edgidas, sentir\u00e3o o maior impacto. O objetivo \u00e9 garantir a <strong>justi\u00e7a fiscal<\/strong>, beneficiando os propriet\u00e1rios de ve\u00edculos mais antigos, que muitas vezes os utilizam como ferramenta de trabalho ou \u00fanica op\u00e7\u00e3o de transporte.<\/p>\n\n\n\n<blockquote class=\"wp-block-quote is-layout-flow wp-block-quote-is-layout-flow\">\n<p class=\"wp-block-paragraph\">\u200b&#8221;Um autom\u00f3vel com mais de 20 anos n\u00e3o \u00e9, efetivamente, s\u00edmbolo de riqueza. \u00c9 s\u00edmbolo de necessidade e \u00e9, muitas vezes, a \u00fanica ferramenta para n\u00e3o perder o emprego, para levar um filho \u00e0 escola, para ir a uma igreja ou para chegar ao servi\u00e7o na hora&#8221;, afirmou o senador Cleitinho.<\/p>\n<\/blockquote>\n\n\n\n<p class=\"wp-block-paragraph\">\u200bA nova regra soma-se \u00e0s isen\u00e7\u00f5es de IPVA definidas pela Reforma Tribut\u00e1ria de 2023 (EC 132) para aeronaves agr\u00edcolas, embarca\u00e7\u00f5es de transporte aquavi\u00e1rio, embarca\u00e7\u00f5es de pesca, plataformas m\u00f3veis, tratores e m\u00e1quinas agr\u00edcolas.<\/p>\n","protected":false},"excerpt":{"rendered":"<p>\u200bO Congresso Nacional promulgou nesta ter\u00e7a-feira (9 de dezembro de 2025) a Emenda Constitucional (EC) 137, que estabelece a isen\u00e7\u00e3o do Imposto sobre a Propriedade [&#8230;]<\/p>\n","protected":false},"author":1,"featured_media":518,"comment_status":"open","ping_status":"open","sticky":false,"template":"","format":"standard","meta":{"_crdt_document":"","_jetpack_memberships_contains_paid_content":false,"footnotes":"","jetpack_publicize_message":"","jetpack_publicize_feature_enabled":true,"jetpack_social_post_already_shared":false,"jetpack_social_options":{"image_generator_settings":{"template":"highway","default_image_id":0,"font":"","enabled":false},"version":2}},"categories":[3],"tags":[],"class_list":["post-517","post","type-post","status-publish","format-standard","has-post-thumbnail","hentry","category-brasil"],"jetpack_publicize_connections":[],"jetpack_featured_media_url":"https:\/\/i0.wp.com\/oexpressobr.com.br\/wp-content\/uploads\/2025\/12\/IMG-20251210-WA0019.jpg?fit=1024%2C1280&ssl=1","jetpack_likes_enabled":true,"jetpack_sharing_enabled":true,"_links":{"self":[{"href":"https:\/\/oexpressobr.com.br\/index.php?rest_route=\/wp\/v2\/posts\/517","targetHints":{"allow":["GET"]}}],"collection":[{"href":"https:\/\/oexpressobr.com.br\/index.php?rest_route=\/wp\/v2\/posts"}],"about":[{"href":"https:\/\/oexpressobr.com.br\/index.php?rest_route=\/wp\/v2\/types\/post"}],"author":[{"embeddable":true,"href":"https:\/\/oexpressobr.com.br\/index.php?rest_route=\/wp\/v2\/users\/1"}],"replies":[{"embeddable":true,"href":"https:\/\/oexpressobr.com.br\/index.php?rest_route=%2Fwp%2Fv2%2Fcomments&post=517"}],"version-history":[{"count":0,"href":"https:\/\/oexpressobr.com.br\/index.php?rest_route=\/wp\/v2\/posts\/517\/revisions"}],"wp:featuredmedia":[{"embeddable":true,"href":"https:\/\/oexpressobr.com.br\/index.php?rest_route=\/wp\/v2\/media\/518"}],"wp:attachment":[{"href":"https:\/\/oexpressobr.com.br\/index.php?rest_route=%2Fwp%2Fv2%2Fmedia&parent=517"}],"wp:term":[{"taxonomy":"category","embeddable":true,"href":"https:\/\/oexpressobr.com.br\/index.php?rest_route=%2Fwp%2Fv2%2Fcategories&post=517"},{"taxonomy":"post_tag","embeddable":true,"href":"https:\/\/oexpressobr.com.br\/index.php?rest_route=%2Fwp%2Fv2%2Ftags&post=517"}],"curies":[{"name":"wp","href":"https:\/\/api.w.org\/{rel}","templated":true}]}}