{"id":5173,"date":"2026-03-06T05:28:51","date_gmt":"2026-03-06T08:28:51","guid":{"rendered":"https:\/\/oexpressobr.com.br\/?p=5173"},"modified":"2026-03-06T05:28:59","modified_gmt":"2026-03-06T08:28:59","slug":"primeira-turma-do-stf-mantem-jair-bolsonaro-em-regime-fechado-na-papudinha","status":"publish","type":"post","link":"https:\/\/oexpressobr.com.br\/?p=5173","title":{"rendered":"Primeira Turma do STF mant\u00e9m Jair Bolsonaro em regime fechado na Papudinha"},"content":{"rendered":"\n<p class=\"wp-block-paragraph\">\u200bA Primeira Turma do <strong>Supremo Tribunal Federal (STF)<\/strong> decidiu, por unanimidade, manter a pris\u00e3o do ex-presidente <strong>Jair Bolsonaro<\/strong> em regime fechado. Em julgamento encerrado na noite desta quinta-feira (5), os ministros referendaram a decis\u00e3o individual de <strong>Alexandre de Moraes<\/strong>, que j\u00e1 havia negado o pedido de convers\u00e3o para pris\u00e3o domiciliar humanit\u00e1ria formulado pela defesa.<\/p>\n\n\n\n<p class=\"wp-block-paragraph\">\u200bCom o resultado, Bolsonaro permanece detido no 19\u00ba Batalh\u00e3o da Pol\u00edcia Militar, no Complexo da Papuda (DF) \u2014 unidade conhecida como &#8220;<strong>Papudinha<\/strong>&#8221; \u2014, onde cumpre pena de 27 anos e 3 meses por tentativa de golpe de Estado.<\/p>\n\n\n\n<h3 class=\"wp-block-heading\">\u200bOs detalhes do julgamento<\/h3>\n\n\n\n<p class=\"wp-block-paragraph\">\u200bA sess\u00e3o virtual contou com os votos dos ministros:<\/p>\n\n\n\n<ul class=\"wp-block-list\">\n<li>\u200b<strong>Alexandre de Moraes (Relator)<\/strong><\/li>\n\n\n\n<li>\u200b<strong>Fl\u00e1vio Dino<\/strong><\/li>\n\n\n\n<li>\u200b<strong>Cristiano Zanin<\/strong><\/li>\n\n\n\n<li>\u200b<strong>C\u00e1rmen L\u00facia<\/strong><\/li>\n<\/ul>\n\n\n\n<p class=\"wp-block-paragraph\">\u200bA defesa do ex-presidente fundamentou o pedido em quest\u00f5es de sa\u00fade, alegando que o estado cl\u00ednico de Bolsonaro exigiria cuidados que n\u00e3o poderiam ser oferecidos no pres\u00eddio. No entanto, o relator destacou que laudos da <strong>Pol\u00edcia Federal<\/strong> indicam que a estrutura da unidade \u00e9 adequada para o tratamento m\u00e9dico necess\u00e1rio, incluindo fisioterapia e atendimentos di\u00e1rios.<\/p>\n\n\n\n<h3 class=\"wp-block-heading\">\u200bArgumentos de Alexandre de Moraes<\/h3>\n\n\n\n<p class=\"wp-block-paragraph\">\u200bEm seu voto, Moraes foi enf\u00e1tico ao apontar que n\u00e3o houve mudan\u00e7a no quadro que justificasse o benef\u00edcio. Entre os pontos citados pelo ministro, destacam-se:<\/p>\n\n\n\n<ul class=\"wp-block-list\">\n<li>\u200b<strong>Hist\u00f3rico de descumprimento:<\/strong> O ministro relembrou a tentativa de viola\u00e7\u00e3o da tornozeleira eletr\u00f4nica por parte de Bolsonaro ocorrida em 2025, o que enfraquece a confian\u00e7a para o regime domiciliar.<\/li>\n\n\n\n<li>\u200b<strong>Intensa atividade pol\u00edtica:<\/strong> Relat\u00f3rios apontam que o ex-presidente recebeu 144 atendimentos m\u00e9dicos em 39 dias, mas tamb\u00e9m manteve uma rotina de visitas pol\u00edticas frequentes, o que, para o magistrado, demonstra vigor compat\u00edvel com o regime atual.<\/li>\n\n\n\n<li>\u200b<strong>Dignidade humana:<\/strong> O voto ressaltou que o direito \u00e0 sa\u00fade est\u00e1 sendo garantido com assist\u00eancia religiosa, m\u00e9dica e visitas regulares de advogados e familiares.<\/li>\n<\/ul>\n\n\n\n<h3 class=\"wp-block-heading\">\u200bO contexto da pena<\/h3>\n\n\n\n<p class=\"wp-block-paragraph\">\u200bJair Bolsonaro foi condenado em setembro de 2025 pela tentativa de aboli\u00e7\u00e3o violenta do Estado Democr\u00e1tico de Direito. Al\u00e9m da reclus\u00e3o, o ex-presidente segue ineleg\u00edvel at\u00e9 2030, conforme decis\u00f5es anteriores do Tribunal Superior Eleitoral (TSE).<\/p>\n\n\n\n<blockquote class=\"wp-block-quote is-layout-flow wp-block-quote-is-layout-flow\">\n<p class=\"wp-block-paragraph\">\u200b<strong>Nota:<\/strong> O Complexo da &#8220;Papudinha&#8221; \u00e9 uma ala destinada a presos com prerrogativa de foro ou condi\u00e7\u00f5es especiais, como policiais e advogados, garantindo a seguran\u00e7a do custodiado.<\/p>\n<\/blockquote>\n","protected":false},"excerpt":{"rendered":"<p>\u200bA Primeira Turma do Supremo Tribunal Federal (STF) decidiu, por unanimidade, manter a pris\u00e3o do ex-presidente Jair Bolsonaro em regime fechado. Em julgamento encerrado na [&#8230;]<\/p>\n","protected":false},"author":1,"featured_media":5175,"comment_status":"open","ping_status":"open","sticky":false,"template":"","format":"standard","meta":{"_crdt_document":"","_jetpack_memberships_contains_paid_content":false,"footnotes":"","jetpack_publicize_message":"","jetpack_publicize_feature_enabled":true,"jetpack_social_post_already_shared":true,"jetpack_social_options":{"image_generator_settings":{"template":"highway","default_image_id":0,"font":"","enabled":false},"version":2}},"categories":[8],"tags":[],"class_list":["post-5173","post","type-post","status-publish","format-standard","has-post-thumbnail","hentry","category-judiciario"],"jetpack_publicize_connections":[],"jetpack_featured_media_url":"https:\/\/i0.wp.com\/oexpressobr.com.br\/wp-content\/uploads\/2026\/03\/IMG-20260306-WA0041.jpg?fit=615%2C470&ssl=1","jetpack_likes_enabled":true,"jetpack_sharing_enabled":true,"_links":{"self":[{"href":"https:\/\/oexpressobr.com.br\/index.php?rest_route=\/wp\/v2\/posts\/5173","targetHints":{"allow":["GET"]}}],"collection":[{"href":"https:\/\/oexpressobr.com.br\/index.php?rest_route=\/wp\/v2\/posts"}],"about":[{"href":"https:\/\/oexpressobr.com.br\/index.php?rest_route=\/wp\/v2\/types\/post"}],"author":[{"embeddable":true,"href":"https:\/\/oexpressobr.com.br\/index.php?rest_route=\/wp\/v2\/users\/1"}],"replies":[{"embeddable":true,"href":"https:\/\/oexpressobr.com.br\/index.php?rest_route=%2Fwp%2Fv2%2Fcomments&post=5173"}],"version-history":[{"count":1,"href":"https:\/\/oexpressobr.com.br\/index.php?rest_route=\/wp\/v2\/posts\/5173\/revisions"}],"predecessor-version":[{"id":5176,"href":"https:\/\/oexpressobr.com.br\/index.php?rest_route=\/wp\/v2\/posts\/5173\/revisions\/5176"}],"wp:featuredmedia":[{"embeddable":true,"href":"https:\/\/oexpressobr.com.br\/index.php?rest_route=\/wp\/v2\/media\/5175"}],"wp:attachment":[{"href":"https:\/\/oexpressobr.com.br\/index.php?rest_route=%2Fwp%2Fv2%2Fmedia&parent=5173"}],"wp:term":[{"taxonomy":"category","embeddable":true,"href":"https:\/\/oexpressobr.com.br\/index.php?rest_route=%2Fwp%2Fv2%2Fcategories&post=5173"},{"taxonomy":"post_tag","embeddable":true,"href":"https:\/\/oexpressobr.com.br\/index.php?rest_route=%2Fwp%2Fv2%2Ftags&post=5173"}],"curies":[{"name":"wp","href":"https:\/\/api.w.org\/{rel}","templated":true}]}}