{"id":5177,"date":"2026-03-06T05:37:15","date_gmt":"2026-03-06T08:37:15","guid":{"rendered":"https:\/\/oexpressobr.com.br\/?p=5177"},"modified":"2026-03-06T05:37:24","modified_gmt":"2026-03-06T08:37:24","slug":"policia-federal-monitora-conflito-entre-indigenas-e-funcionarios-de-fazenda-em-tamarana-por-uso-de-antiga-granja","status":"publish","type":"post","link":"https:\/\/oexpressobr.com.br\/?p=5177","title":{"rendered":"Pol\u00edcia Federal monitora conflito entre ind\u00edgenas e funcion\u00e1rios de fazenda em Tamarana por uso de antiga granja"},"content":{"rendered":"\n<p class=\"wp-block-paragraph\">\u200bO clima de tens\u00e3o se intensificou no norte do Paran\u00e1 nesta semana. De acordo com informa\u00e7\u00f5es da <strong>Pol\u00edcia Federal (PF)<\/strong>, o centro de um novo desentendimento em <strong>Tamarana<\/strong> envolve a disputa por um im\u00f3vel onde antigamente funcionava uma granja. Atualmente, a estrutura est\u00e1 ocupada por comunidades ind\u00edgenas, que transformaram o espa\u00e7o em uma <strong>escola infantil<\/strong>.<\/p>\n\n\n\n<h3 class=\"wp-block-heading\">\u200bO foco da disc\u00f3rdia<\/h3>\n\n\n\n<p class=\"wp-block-paragraph\">\u200bO conflito, ocorrido entre a noite de quarta-feira (4) e a manh\u00e3 de quinta-feira (5), coloca em lados opostos funcion\u00e1rios da <strong>Fazenda Tamarana<\/strong> e lideran\u00e7as ind\u00edgenas locais. Segundo relatos colhidos pelas autoridades:<\/p>\n\n\n\n<ul class=\"wp-block-list\">\n<li>\u200b<strong>A Escola:<\/strong> Os ind\u00edgenas afirmam que a escola provis\u00f3ria foi instalada para atender as crian\u00e7as da comunidade, mas que a iniciativa n\u00e3o foi bem recebida pelos propriet\u00e1rios da terra.<\/li>\n\n\n\n<li>\u200b<strong>O Incidente:<\/strong> Lideran\u00e7as ind\u00edgenas relatam que seguran\u00e7as particulares teriam tentado derrubar a porta da escola, o que gerou uma rea\u00e7\u00e3o imediata das fam\u00edlias presentes.<\/li>\n\n\n\n<li>\u200b<strong>Seguran\u00e7a:<\/strong> Houve relatos de disparos de arma de fogo durante o embate. Apesar da gravidade, a PF confirmou que <strong>ningu\u00e9m ficou ferido<\/strong>.<\/li>\n<\/ul>\n\n\n\n<h3 class=\"wp-block-heading\">\u200bContexto jur\u00eddico e atua\u00e7\u00e3o da Funai<\/h3>\n\n\n\n<p class=\"wp-block-paragraph\">\u200bA disputa pela \u00e1rea n\u00e3o \u00e9 recente. A Fazenda Tamarana \u00e9 objeto de uma batalha judicial que j\u00e1 se estende por pelo menos <strong>10 anos<\/strong>. Enquanto a posse definitiva n\u00e3o \u00e9 decidida nos tribunais, a ocupa\u00e7\u00e3o de estruturas desativadas para fins sociais \u2014 como a educa\u00e7\u00e3o infantil \u2014 tem se tornado um ponto cr\u00edtico de atrito.<\/p>\n\n\n\n<p class=\"wp-block-paragraph\">\u200bA <strong>Funda\u00e7\u00e3o Nacional dos Povos Ind\u00edgenas (Funai)<\/strong> informou que est\u00e1 monitorando a situa\u00e7\u00e3o de perto e deve se reunir com as lideran\u00e7as para formalizar os relatos de viol\u00eancia e garantir a integridade da comunidade. Por ora, os ind\u00edgenas permanecem no local, e o patrulhamento na regi\u00e3o foi refor\u00e7ado para evitar novos confrontos.<\/p>\n\n\n\n<blockquote class=\"wp-block-quote is-layout-flow wp-block-quote-is-layout-flow\">\n<p class=\"wp-block-paragraph\">\u200b<strong>Nota do Jornalista:<\/strong> O uso de seguran\u00e7a privada em \u00e1reas de conflito fundi\u00e1rio \u00e9 um tema sens\u00edvel que frequentemente resulta em interven\u00e7\u00e3o federal. A Pol\u00edcia Federal segue investigando a origem dos disparos relatados.<\/p>\n<\/blockquote>\n","protected":false},"excerpt":{"rendered":"<p>\u200bO clima de tens\u00e3o se intensificou no norte do Paran\u00e1 nesta semana. De acordo com informa\u00e7\u00f5es da Pol\u00edcia Federal (PF), o centro de um novo [&#8230;]<\/p>\n","protected":false},"author":1,"featured_media":5178,"comment_status":"open","ping_status":"open","sticky":false,"template":"","format":"standard","meta":{"_crdt_document":"","_jetpack_memberships_contains_paid_content":false,"footnotes":"","jetpack_publicize_message":"","jetpack_publicize_feature_enabled":true,"jetpack_social_post_already_shared":true,"jetpack_social_options":{"image_generator_settings":{"template":"highway","default_image_id":0,"font":"","enabled":false},"version":2}},"categories":[5],"tags":[],"class_list":["post-5177","post","type-post","status-publish","format-standard","has-post-thumbnail","hentry","category-parana"],"jetpack_publicize_connections":[],"jetpack_featured_media_url":"https:\/\/i0.wp.com\/oexpressobr.com.br\/wp-content\/uploads\/2026\/03\/captura-de-tela-2026-03-05-202131.jpeg?fit=984%2C551&ssl=1","jetpack_likes_enabled":true,"jetpack_sharing_enabled":true,"_links":{"self":[{"href":"https:\/\/oexpressobr.com.br\/index.php?rest_route=\/wp\/v2\/posts\/5177","targetHints":{"allow":["GET"]}}],"collection":[{"href":"https:\/\/oexpressobr.com.br\/index.php?rest_route=\/wp\/v2\/posts"}],"about":[{"href":"https:\/\/oexpressobr.com.br\/index.php?rest_route=\/wp\/v2\/types\/post"}],"author":[{"embeddable":true,"href":"https:\/\/oexpressobr.com.br\/index.php?rest_route=\/wp\/v2\/users\/1"}],"replies":[{"embeddable":true,"href":"https:\/\/oexpressobr.com.br\/index.php?rest_route=%2Fwp%2Fv2%2Fcomments&post=5177"}],"version-history":[{"count":1,"href":"https:\/\/oexpressobr.com.br\/index.php?rest_route=\/wp\/v2\/posts\/5177\/revisions"}],"predecessor-version":[{"id":5179,"href":"https:\/\/oexpressobr.com.br\/index.php?rest_route=\/wp\/v2\/posts\/5177\/revisions\/5179"}],"wp:featuredmedia":[{"embeddable":true,"href":"https:\/\/oexpressobr.com.br\/index.php?rest_route=\/wp\/v2\/media\/5178"}],"wp:attachment":[{"href":"https:\/\/oexpressobr.com.br\/index.php?rest_route=%2Fwp%2Fv2%2Fmedia&parent=5177"}],"wp:term":[{"taxonomy":"category","embeddable":true,"href":"https:\/\/oexpressobr.com.br\/index.php?rest_route=%2Fwp%2Fv2%2Fcategories&post=5177"},{"taxonomy":"post_tag","embeddable":true,"href":"https:\/\/oexpressobr.com.br\/index.php?rest_route=%2Fwp%2Fv2%2Ftags&post=5177"}],"curies":[{"name":"wp","href":"https:\/\/api.w.org\/{rel}","templated":true}]}}