{"id":5186,"date":"2026-03-06T05:58:36","date_gmt":"2026-03-06T08:58:36","guid":{"rendered":"https:\/\/oexpressobr.com.br\/?p=5186"},"modified":"2026-03-06T05:58:45","modified_gmt":"2026-03-06T08:58:45","slug":"policia-federal-afasta-eduardo-bolsonaro-por-faltas-e-exige-devolucao-de-arma-institucional","status":"publish","type":"post","link":"https:\/\/oexpressobr.com.br\/?p=5186","title":{"rendered":"Pol\u00edcia Federal afasta Eduardo Bolsonaro por faltas e exige devolu\u00e7\u00e3o de arma institucional"},"content":{"rendered":"\n<p class=\"wp-block-paragraph\">A Corregedoria da Pol\u00edcia Federal (PF) no Rio de Janeiro formalizou o afastamento preventivo do ex-deputado federal Eduardo Bolsonaro de suas fun\u00e7\u00f5es como escriv\u00e3o. A medida, tomada em fevereiro de 2026, ocorre ap\u00f3s o pol\u00edtico n\u00e3o se apresentar ao trabalho na delegacia de Angra dos Reis (RJ) ap\u00f3s a perda de seu mandato parlamentar em dezembro de 2025.<\/p>\n\n\n\n<h3 class=\"wp-block-heading\">\u200bEntenda o caso e as \u00faltimas atualiza\u00e7\u00f5es<\/h3>\n\n\n\n<p class=\"wp-block-paragraph\">\u200bEduardo Bolsonaro teve seu mandato cassado pela C\u00e2mara dos Deputados em 18 de dezembro de 2025, devido ao excesso de faltas \u00e0s sess\u00f5es deliberativas. Com a cassa\u00e7\u00e3o, a licen\u00e7a que o permitia exercer a atividade legislativa sem comparecer \u00e0 PF perdeu a validade. A institui\u00e7\u00e3o determinou seu retorno imediato ao posto de escriv\u00e3o, ocupado por ele entre 2010 e 2014, mas o ex-parlamentar n\u00e3o se apresentou.<\/p>\n\n\n\n<p class=\"wp-block-paragraph\">\u200b<strong>Principais pontos do processo:<\/strong><\/p>\n\n\n\n<ul class=\"wp-block-list\">\n<li>\u200b<strong>Abandono de cargo:<\/strong> A PF instaurou um Processo Administrativo Disciplinar (PAD) em 27 de janeiro de 2026 para apurar a aus\u00eancia injustificada por mais de 30 dias consecutivos, o que pode resultar na demiss\u00e3o definitiva do servi\u00e7o p\u00fablico.<\/li>\n\n\n\n<li>\u200b<strong>Afastamento cautelar:<\/strong> O afastamento atual \u00e9 uma medida preventiva at\u00e9 a conclus\u00e3o do PAD. Eduardo tem o prazo de cinco dias \u00fateis para entregar sua carteira funcional e sua arma institucional (uma pistola Glock brasionada pela corpora\u00e7\u00e3o) ao chefe imediato.<\/li>\n\n\n\n<li>\u200b<strong>Resid\u00eancia no exterior:<\/strong> Eduardo Bolsonaro vive nos Estados Unidos (Texas) desde mar\u00e7o de 2025. Ele afirma ser alvo de &#8220;persegui\u00e7\u00e3o pol\u00edtica&#8221; e declarou publicamente que n\u00e3o pretende retornar ao Brasil para reassumir o cargo, criticando a c\u00fapula da PF.<\/li>\n<\/ul>\n\n\n\n<h3 class=\"wp-block-heading\">\u200bContexto jur\u00eddico ampliado<\/h3>\n\n\n\n<p class=\"wp-block-paragraph\">\u200bAl\u00e9m da esfera administrativa, a situa\u00e7\u00e3o do filho do ex-presidente Jair Bolsonaro se agrava no Judici\u00e1rio. Em fevereiro de 2026, o Supremo Tribunal Federal (STF) o tornou r\u00e9u em uma a\u00e7\u00e3o penal por obstru\u00e7\u00e3o de Justi\u00e7a e coa\u00e7\u00e3o.<\/p>\n\n\n\n<p class=\"wp-block-paragraph\">\u200bA den\u00fancia, apresentada pela Procuradoria-Geral da Rep\u00fablica (PGR), aponta que Eduardo teria atuado de forma reiterada nos Estados Unidos para articular san\u00e7\u00f5es internacionais contra autoridades brasileiras e ministros do STF. Com a abertura da a\u00e7\u00e3o penal, ele dever\u00e1 apresentar defesa formal, embora permane\u00e7a fora do pa\u00eds.<\/p>\n\n\n\n<p class=\"wp-block-paragraph\">\u200bO processo na Pol\u00edcia Federal segue os tr\u00e2mites legais da Lei 8.112\/90, que rege os servidores p\u00fablicos federais, e a decis\u00e3o final sobre sua demiss\u00e3o depender\u00e1 do parecer da comiss\u00e3o processante da corpora\u00e7\u00e3o.<\/p>\n","protected":false},"excerpt":{"rendered":"<p>A Corregedoria da Pol\u00edcia Federal (PF) no Rio de Janeiro formalizou o afastamento preventivo do ex-deputado federal Eduardo Bolsonaro de suas fun\u00e7\u00f5es como escriv\u00e3o. A [&#8230;]<\/p>\n","protected":false},"author":1,"featured_media":5187,"comment_status":"open","ping_status":"open","sticky":false,"template":"","format":"standard","meta":{"_crdt_document":"","_jetpack_memberships_contains_paid_content":false,"footnotes":"","jetpack_publicize_message":"","jetpack_publicize_feature_enabled":true,"jetpack_social_post_already_shared":true,"jetpack_social_options":{"image_generator_settings":{"template":"highway","default_image_id":0,"font":"","enabled":false},"version":2}},"categories":[3],"tags":[],"class_list":["post-5186","post","type-post","status-publish","format-standard","has-post-thumbnail","hentry","category-brasil"],"jetpack_publicize_connections":[],"jetpack_featured_media_url":"https:\/\/i0.wp.com\/oexpressobr.com.br\/wp-content\/uploads\/2026\/03\/WhatsApp-Image-2025-10-14-at-21.38.43.webp?fit=900%2C600&ssl=1","jetpack_likes_enabled":true,"jetpack_sharing_enabled":true,"_links":{"self":[{"href":"https:\/\/oexpressobr.com.br\/index.php?rest_route=\/wp\/v2\/posts\/5186","targetHints":{"allow":["GET"]}}],"collection":[{"href":"https:\/\/oexpressobr.com.br\/index.php?rest_route=\/wp\/v2\/posts"}],"about":[{"href":"https:\/\/oexpressobr.com.br\/index.php?rest_route=\/wp\/v2\/types\/post"}],"author":[{"embeddable":true,"href":"https:\/\/oexpressobr.com.br\/index.php?rest_route=\/wp\/v2\/users\/1"}],"replies":[{"embeddable":true,"href":"https:\/\/oexpressobr.com.br\/index.php?rest_route=%2Fwp%2Fv2%2Fcomments&post=5186"}],"version-history":[{"count":1,"href":"https:\/\/oexpressobr.com.br\/index.php?rest_route=\/wp\/v2\/posts\/5186\/revisions"}],"predecessor-version":[{"id":5188,"href":"https:\/\/oexpressobr.com.br\/index.php?rest_route=\/wp\/v2\/posts\/5186\/revisions\/5188"}],"wp:featuredmedia":[{"embeddable":true,"href":"https:\/\/oexpressobr.com.br\/index.php?rest_route=\/wp\/v2\/media\/5187"}],"wp:attachment":[{"href":"https:\/\/oexpressobr.com.br\/index.php?rest_route=%2Fwp%2Fv2%2Fmedia&parent=5186"}],"wp:term":[{"taxonomy":"category","embeddable":true,"href":"https:\/\/oexpressobr.com.br\/index.php?rest_route=%2Fwp%2Fv2%2Fcategories&post=5186"},{"taxonomy":"post_tag","embeddable":true,"href":"https:\/\/oexpressobr.com.br\/index.php?rest_route=%2Fwp%2Fv2%2Ftags&post=5186"}],"curies":[{"name":"wp","href":"https:\/\/api.w.org\/{rel}","templated":true}]}}