{"id":5189,"date":"2026-03-06T06:04:01","date_gmt":"2026-03-06T09:04:01","guid":{"rendered":"https:\/\/oexpressobr.com.br\/?p=5189"},"modified":"2026-03-06T06:04:12","modified_gmt":"2026-03-06T09:04:12","slug":"vorcaro-e-bolsonaro-entenda-o-termo-beocio-em-meio-a-crise-do-banco-master","status":"publish","type":"post","link":"https:\/\/oexpressobr.com.br\/?p=5189","title":{"rendered":"Vorcaro e Bolsonaro: entenda o termo &#8220;be\u00f3cio&#8221; em meio a crise do Banco Master"},"content":{"rendered":"\n<p class=\"wp-block-paragraph\">As recentes investiga\u00e7\u00f5es da Pol\u00edcia Federal (PF) trouxeram \u00e0 tona di\u00e1logos do empres\u00e1rio Daniel Vorcaro, dono do Banco Master, que revelam cr\u00edticas \u00e1cidas ao ex-presidente Jair Bolsonaro. Em mensagens interceptadas e compartilhadas com a CPI do INSS nesta semana, Vorcaro utiliza o termo &#8220;be\u00f3cio&#8221; para descrever Bolsonaro, gerando uma onda de curiosidade sobre o significado da palavra e o contexto da rusga entre os dois.<\/p>\n\n\n\n<h3 class=\"wp-block-heading\">\u200bO contexto da ofensa<\/h3>\n\n\n\n<p class=\"wp-block-paragraph\">\u200bA irrita\u00e7\u00e3o de Vorcaro, registrada em mensagens de julho de 2024 para sua ent\u00e3o namorada, Martha Graeff, foi motivada por uma postagem de Bolsonaro nas redes sociais. Na ocasi\u00e3o, o ex-presidente compartilhou uma reportagem sobre a demiss\u00e3o de gerentes da Caixa Econ\u00f4mica Federal que teriam barrado uma opera\u00e7\u00e3o de R$ 500 milh\u00f5es envolvendo t\u00edtulos do Banco Master.<\/p>\n\n\n\n<p class=\"wp-block-paragraph\">\u200bAo comentar a not\u00edcia, Bolsonaro sugeriu que as demiss\u00f5es eram prova de que &#8220;o sistema&#8221; estava agindo contra quem tentava impedir irregularidades. Vorcaro, por sua vez, reclamou da repercuss\u00e3o negativa: <em>&#8220;O pior de ontem foi o Bolsonaro ter postado. Recebi mais de mil msgs no Instagram. Idiota&#8221;<\/em>. Em seguida, completou: <em>&#8220;Cara \u00e9 um be\u00f3cio. Algu\u00e9m falou que era coisa do PT e ele postou&#8221;<\/em>.<\/p>\n\n\n\n<h3 class=\"wp-block-heading\">\u200bO que significa &#8220;be\u00f3cio&#8221;?<\/h3>\n\n\n\n<p class=\"wp-block-paragraph\">\u200bO termo &#8220;be\u00f3cio&#8221; tem origem hist\u00f3rica e geogr\u00e1fica, mas \u00e9 utilizado hoje com conota\u00e7\u00e3o pejorativa.<\/p>\n\n\n\n<ul class=\"wp-block-list\">\n<li>\u200b<strong>Origem:<\/strong> Refere-se aos habitantes da Be\u00f3cia, uma regi\u00e3o da Gr\u00e9cia Antiga. Na \u00e9poca, os atenienses \u2014 que se consideravam o \u00e1pice da sofistica\u00e7\u00e3o intelectual \u2014 rotulavam os be\u00f3cios como rudes, ignorantes e desprovidos de cultura.<\/li>\n\n\n\n<li>\u200b<strong>Uso atual:<\/strong> Nos dicion\u00e1rios de l\u00edngua portuguesa, a palavra \u00e9 um sin\u00f4nimo de pessoa ignorante, est\u00fapida, simpl\u00f3ria ou que demonstra falta de intelig\u00eancia e instru\u00e7\u00e3o. No contexto pol\u00edtico, \u00e9 frequentemente usada para atacar a capacidade intelectual de um advers\u00e1rio.<\/li>\n<\/ul>\n\n\n\n<h3 class=\"wp-block-heading\">\u200bBastidores e articula\u00e7\u00e3o pol\u00edtica<\/h3>\n\n\n\n<p class=\"wp-block-paragraph\">\u200bAs mensagens revelam ainda a tentativa de aliados de Bolsonaro de &#8220;conter danos&#8221;. Vorcaro mencionou que figuras como o senador Ciro Nogueira (PP-PI), ex-ministro da Casa Civil, chegaram a ligar para o ex-presidente tentando convenc\u00ea-lo a apagar a publica\u00e7\u00e3o, sem sucesso.<\/p>\n\n\n\n<p class=\"wp-block-paragraph\">\u200bAs investiga\u00e7\u00f5es da PF no \u00e2mbito da Opera\u00e7\u00e3o Compliance Zero continuam avan\u00e7ando, analisando n\u00e3o apenas o vocabul\u00e1rio hostil do banqueiro, mas tamb\u00e9m suas conex\u00f5es com o alto escal\u00e3o do poder em Bras\u00edlia, incluindo jantares com o presidente da C\u00e2mara, Hugo Motta, e men\u00e7\u00f5es a ministros do STF.<\/p>\n","protected":false},"excerpt":{"rendered":"<p>As recentes investiga\u00e7\u00f5es da Pol\u00edcia Federal (PF) trouxeram \u00e0 tona di\u00e1logos do empres\u00e1rio Daniel Vorcaro, dono do Banco Master, que revelam cr\u00edticas \u00e1cidas ao ex-presidente [&#8230;]<\/p>\n","protected":false},"author":1,"featured_media":5190,"comment_status":"open","ping_status":"open","sticky":false,"template":"","format":"standard","meta":{"_crdt_document":"","_jetpack_memberships_contains_paid_content":false,"footnotes":"","jetpack_publicize_message":"","jetpack_publicize_feature_enabled":true,"jetpack_social_post_already_shared":true,"jetpack_social_options":{"image_generator_settings":{"template":"highway","default_image_id":0,"font":"","enabled":false},"version":2}},"categories":[3],"tags":[],"class_list":["post-5189","post","type-post","status-publish","format-standard","has-post-thumbnail","hentry","category-brasil"],"jetpack_publicize_connections":[],"jetpack_featured_media_url":"https:\/\/i0.wp.com\/oexpressobr.com.br\/wp-content\/uploads\/2026\/03\/foto-vorcaro-bolsonaro-1.webp?fit=900%2C600&ssl=1","jetpack_likes_enabled":true,"jetpack_sharing_enabled":true,"_links":{"self":[{"href":"https:\/\/oexpressobr.com.br\/index.php?rest_route=\/wp\/v2\/posts\/5189","targetHints":{"allow":["GET"]}}],"collection":[{"href":"https:\/\/oexpressobr.com.br\/index.php?rest_route=\/wp\/v2\/posts"}],"about":[{"href":"https:\/\/oexpressobr.com.br\/index.php?rest_route=\/wp\/v2\/types\/post"}],"author":[{"embeddable":true,"href":"https:\/\/oexpressobr.com.br\/index.php?rest_route=\/wp\/v2\/users\/1"}],"replies":[{"embeddable":true,"href":"https:\/\/oexpressobr.com.br\/index.php?rest_route=%2Fwp%2Fv2%2Fcomments&post=5189"}],"version-history":[{"count":1,"href":"https:\/\/oexpressobr.com.br\/index.php?rest_route=\/wp\/v2\/posts\/5189\/revisions"}],"predecessor-version":[{"id":5191,"href":"https:\/\/oexpressobr.com.br\/index.php?rest_route=\/wp\/v2\/posts\/5189\/revisions\/5191"}],"wp:featuredmedia":[{"embeddable":true,"href":"https:\/\/oexpressobr.com.br\/index.php?rest_route=\/wp\/v2\/media\/5190"}],"wp:attachment":[{"href":"https:\/\/oexpressobr.com.br\/index.php?rest_route=%2Fwp%2Fv2%2Fmedia&parent=5189"}],"wp:term":[{"taxonomy":"category","embeddable":true,"href":"https:\/\/oexpressobr.com.br\/index.php?rest_route=%2Fwp%2Fv2%2Fcategories&post=5189"},{"taxonomy":"post_tag","embeddable":true,"href":"https:\/\/oexpressobr.com.br\/index.php?rest_route=%2Fwp%2Fv2%2Ftags&post=5189"}],"curies":[{"name":"wp","href":"https:\/\/api.w.org\/{rel}","templated":true}]}}