{"id":520,"date":"2025-12-10T03:57:46","date_gmt":"2025-12-10T06:57:46","guid":{"rendered":"https:\/\/oexpressobr.com.br\/?p=520"},"modified":"2025-12-10T03:57:47","modified_gmt":"2025-12-10T06:57:47","slug":"defesa-pede-absolvicao-de-delegada-marilia-de-alencar-em-julgamento-sobre-trama-golpista-no-stf","status":"publish","type":"post","link":"https:\/\/oexpressobr.com.br\/?p=520","title":{"rendered":"Defesa Pede Absolvi\u00e7\u00e3o De Delegada Mar\u00edlia De Alencar Em Julgamento Sobre Trama Golpista No STF"},"content":{"rendered":"\n<p class=\"wp-block-paragraph\">\u200bA defesa da delegada Mar\u00edlia de Alencar, ex-diretora de Intelig\u00eancia do Minist\u00e9rio da Justi\u00e7a, pediu nesta ter\u00e7a-feira (9) a sua <strong>absolvi\u00e7\u00e3o<\/strong> no Supremo Tribunal Federal (STF) em rela\u00e7\u00e3o \u00e0s acusa\u00e7\u00f5es de participa\u00e7\u00e3o no chamado &#8220;n\u00facleo 2&#8221; da trama golpista. O julgamento, que teve in\u00edcio na Primeira Turma da Corte, analisa a conduta de seis r\u00e9us ligados \u00e0 tentativa de <strong>aboli\u00e7\u00e3o violenta do Estado Democr\u00e1tico de Direito<\/strong>.<\/p>\n\n\n\n<p class=\"wp-block-paragraph\">\u200bEug\u00eanio Arag\u00e3o, advogado de Mar\u00edlia de Alencar, ex-diretora de Intelig\u00eancia do Minist\u00e9rio da Justi\u00e7a, negou veementemente a participa\u00e7\u00e3o da r\u00e9 no caso. A delegada \u00e9 acusada pela Procuradoria-Geral da Rep\u00fablica (PGR) de atuar de forma coordenada para criar condi\u00e7\u00f5es operacionais e simb\u00f3licas para a ruptura institucional, incluindo monitoramento ilegal de autoridades e opera\u00e7\u00f5es policiais irregulares.<\/p>\n\n\n\n<p class=\"wp-block-paragraph\">\u200bO advogado destacou que <strong>n\u00e3o havia qualquer rela\u00e7\u00e3o pessoal<\/strong> da sua cliente com o ex-ministro da Justi\u00e7a Anderson Torres, que j\u00e1 foi condenado em outro n\u00facleo do processo. Arag\u00e3o argumentou que Mar\u00edlia de Alencar foi v\u00edtima de <em>fake news<\/em> e que n\u00e3o existem provas concretas que sustentem a acusa\u00e7\u00e3o. Ele chegou a alegar que a delegada n\u00e3o poderia ser responsabilizada pela omiss\u00e3o em eventos como o 8 de Janeiro, citando a atua\u00e7\u00e3o da Pol\u00edcia Militar, respons\u00e1vel pela ordem p\u00fablica.<\/p>\n\n\n\n<blockquote class=\"wp-block-quote is-layout-flow wp-block-quote-is-layout-flow\">\n<p class=\"wp-block-paragraph\">\u200b&#8221;As pessoas precisam ser julgadas com base em provas, n\u00e3o em ideologias\u201d, declarou Eug\u00eanio Arag\u00e3o, defendendo que n\u00e3o h\u00e1 lastro na instru\u00e7\u00e3o criminal para as acusa\u00e7\u00f5es.<\/p>\n<\/blockquote>\n\n\n\n<p class=\"wp-block-paragraph\">\u200bO julgamento do &#8220;n\u00facleo 2&#8221; come\u00e7ou com o relat\u00f3rio do ministro Alexandre de Moraes, relator da a\u00e7\u00e3o, seguido pela manifesta\u00e7\u00e3o da PGR, que defendeu a condena\u00e7\u00e3o de todos os seis r\u00e9us, argumentando que o grupo teve &#8220;contribui\u00e7\u00e3o decisiva&#8221; para o plano golpista.<\/p>\n\n\n\n<ul class=\"wp-block-list\">\n<li>\u200b<strong>R\u00e9us do N\u00facleo 2:<\/strong> Al\u00e9m de Mar\u00edlia de Alencar, o n\u00facleo \u00e9 composto por Filipe Garcia Martins (ex-assessor da Presid\u00eancia), Silvinei Vasques (ex-diretor da PRF), Fernando de Sousa Oliveira (delegado da PF), Mario Fernandes (general e ex-secret\u00e1rio-executivo da Secretaria-Geral da Presid\u00eancia) e Marcelo C\u00e2mara (coronel da reserva).<\/li>\n\n\n\n<li>\u200b<strong>Acusa\u00e7\u00f5es:<\/strong> Os r\u00e9us respondem por crimes como organiza\u00e7\u00e3o criminosa armada, tentativa de aboli\u00e7\u00e3o violenta do Estado Democr\u00e1tico de Direito, golpe de Estado, dano qualificado pela viol\u00eancia e grave amea\u00e7a e deteriora\u00e7\u00e3o de patrim\u00f4nio tombado.<\/li>\n\n\n\n<li>\u200b<strong>Pr\u00f3ximos Passos:<\/strong> Ap\u00f3s as sustenta\u00e7\u00f5es orais das defesas, a sess\u00e3o foi suspensa e ser\u00e1 <strong>retomada em 16 de dezembro<\/strong>. Na ocasi\u00e3o, os ministros da Primeira Turma (Alexandre de Moraes, Fl\u00e1vio Dino, Cristiano Zanin e C\u00e1rmen L\u00facia) dar\u00e3o in\u00edcio \u00e0 vota\u00e7\u00e3o que definir\u00e1 o destino dos r\u00e9us.<\/li>\n<\/ul>\n\n\n\n<p class=\"wp-block-paragraph\">\u200bAt\u00e9 o momento, 24 r\u00e9us j\u00e1 foram condenados nos n\u00facleos 1, 3 e 4 da trama golpista. A defesa dos acusados neste \u00faltimo n\u00facleo de julgamento tem adotado a estrat\u00e9gia de tentar afastar seus clientes da cadeia de comando do plano e, em alguns casos, terceirizar a culpa para r\u00e9us j\u00e1 condenados.<\/p>\n","protected":false},"excerpt":{"rendered":"<p>\u200bA defesa da delegada Mar\u00edlia de Alencar, ex-diretora de Intelig\u00eancia do Minist\u00e9rio da Justi\u00e7a, pediu nesta ter\u00e7a-feira (9) a sua absolvi\u00e7\u00e3o no Supremo Tribunal Federal [&#8230;]<\/p>\n","protected":false},"author":1,"featured_media":521,"comment_status":"open","ping_status":"open","sticky":false,"template":"","format":"standard","meta":{"_crdt_document":"","_jetpack_memberships_contains_paid_content":false,"footnotes":"","jetpack_publicize_message":"","jetpack_publicize_feature_enabled":true,"jetpack_social_post_already_shared":false,"jetpack_social_options":{"image_generator_settings":{"template":"highway","default_image_id":0,"font":"","enabled":false},"version":2}},"categories":[8],"tags":[],"class_list":["post-520","post","type-post","status-publish","format-standard","has-post-thumbnail","hentry","category-judiciario"],"jetpack_publicize_connections":[],"jetpack_featured_media_url":"https:\/\/i0.wp.com\/oexpressobr.com.br\/wp-content\/uploads\/2025\/12\/img_8754df.jpg?fit=1170%2C700&ssl=1","jetpack_likes_enabled":true,"jetpack_sharing_enabled":true,"_links":{"self":[{"href":"https:\/\/oexpressobr.com.br\/index.php?rest_route=\/wp\/v2\/posts\/520","targetHints":{"allow":["GET"]}}],"collection":[{"href":"https:\/\/oexpressobr.com.br\/index.php?rest_route=\/wp\/v2\/posts"}],"about":[{"href":"https:\/\/oexpressobr.com.br\/index.php?rest_route=\/wp\/v2\/types\/post"}],"author":[{"embeddable":true,"href":"https:\/\/oexpressobr.com.br\/index.php?rest_route=\/wp\/v2\/users\/1"}],"replies":[{"embeddable":true,"href":"https:\/\/oexpressobr.com.br\/index.php?rest_route=%2Fwp%2Fv2%2Fcomments&post=520"}],"version-history":[{"count":0,"href":"https:\/\/oexpressobr.com.br\/index.php?rest_route=\/wp\/v2\/posts\/520\/revisions"}],"wp:featuredmedia":[{"embeddable":true,"href":"https:\/\/oexpressobr.com.br\/index.php?rest_route=\/wp\/v2\/media\/521"}],"wp:attachment":[{"href":"https:\/\/oexpressobr.com.br\/index.php?rest_route=%2Fwp%2Fv2%2Fmedia&parent=520"}],"wp:term":[{"taxonomy":"category","embeddable":true,"href":"https:\/\/oexpressobr.com.br\/index.php?rest_route=%2Fwp%2Fv2%2Fcategories&post=520"},{"taxonomy":"post_tag","embeddable":true,"href":"https:\/\/oexpressobr.com.br\/index.php?rest_route=%2Fwp%2Fv2%2Ftags&post=520"}],"curies":[{"name":"wp","href":"https:\/\/api.w.org\/{rel}","templated":true}]}}