{"id":5204,"date":"2026-03-06T10:03:10","date_gmt":"2026-03-06T13:03:10","guid":{"rendered":"https:\/\/oexpressobr.com.br\/?p=5204"},"modified":"2026-03-06T10:03:19","modified_gmt":"2026-03-06T13:03:19","slug":"emails-revelam-urgencia-na-venda-de-imovel-de-r-60-milhoes-apos-prisao-de-vorcaro","status":"publish","type":"post","link":"https:\/\/oexpressobr.com.br\/?p=5204","title":{"rendered":"Emails revelam urg\u00eancia na venda de im\u00f3vel de R$ 60 milh\u00f5es ap\u00f3s pris\u00e3o de Vorcaro"},"content":{"rendered":"\n<p class=\"wp-block-paragraph\">\u200bA divulga\u00e7\u00e3o de mensagens eletr\u00f4nicas trouxe \u00e0 tona os bastidores de uma transa\u00e7\u00e3o imobili\u00e1ria fren\u00e9tica envolvendo um dos endere\u00e7os mais caros do pa\u00eds. Os registros indicam uma &#8220;corrida contra o tempo&#8221; para selar a venda de um apartamento de luxo, avaliado em <strong>R$ 60 milh\u00f5es<\/strong>, exatamente no dia em que o empres\u00e1rio e ex-banqueiro Ricardo Vorcaro foi alvo de ordens judiciais.<\/p>\n\n\n\n<h3 class=\"wp-block-heading\">\u200bOs bastidores da negocia\u00e7\u00e3o<\/h3>\n\n\n\n<p class=\"wp-block-paragraph\">\u200bA troca de e-mails, que agora faz parte de investiga\u00e7\u00f5es e monitoramentos de compliance, detalha a press\u00e3o exercida por representantes do ex-banqueiro. O objetivo era liquidar o ativo com <strong>urg\u00eancia m\u00e1xima<\/strong>, mobilizando diferentes frentes para garantir a validade jur\u00eddica e financeira da opera\u00e7\u00e3o antes de qualquer poss\u00edvel bloqueio de bens.<\/p>\n\n\n\n<p class=\"wp-block-paragraph\">\u200bO caso ganha contornos ainda mais complexos devido aos nomes envolvidos na intermedia\u00e7\u00e3o e consultoria do neg\u00f3cio:<\/p>\n\n\n\n<ul class=\"wp-block-list\">\n<li>\u200b<strong>Ricardo Vorcaro:<\/strong> O empres\u00e1rio cuja situa\u00e7\u00e3o jur\u00eddica desencadeou a pressa na venda.<\/li>\n\n\n\n<li>\u200b<strong>Incorporadora:<\/strong> Respons\u00e1vel pelo empreendimento, pressionada a agilizar os tr\u00e2mites burocr\u00e1ticos.<\/li>\n\n\n\n<li>\u200b<strong>Bruno Bianco:<\/strong> O ex-advogado-geral da Uni\u00e3o (AGU) aparece nas comunica\u00e7\u00f5es, atuando na viabiliza\u00e7\u00e3o jur\u00eddica do processo.<\/li>\n<\/ul>\n\n\n\n<h3 class=\"wp-block-heading\">\u200bO cronograma da &#8220;correria&#8221;<\/h3>\n\n\n\n<p class=\"wp-block-paragraph\">\u200bDe acordo com o material revelado, o fluxo de mensagens intensificou-se nas primeiras horas da manh\u00e3 da pris\u00e3o. O que normalmente levaria semanas em uma transa\u00e7\u00e3o de alto padr\u00e3o \u2014 como a an\u00e1lise de certid\u00f5es e a transfer\u00eancia de vultosas quantias \u2014 foi compactado em poucas horas.<\/p>\n\n\n\n<blockquote class=\"wp-block-quote is-layout-flow wp-block-quote-is-layout-flow\">\n<p class=\"wp-block-paragraph\">\u200b&#8221;A urg\u00eancia era o fio condutor de cada mensagem enviada, com pedidos expl\u00edcitos de prioridade total para o fechamento da escritura&#8221;, aponta um dos trechos analisados.<\/p>\n<\/blockquote>\n\n\n\n<h3 class=\"wp-block-heading\">\u200bImplica\u00e7\u00f5es e desdobramentos<\/h3>\n\n\n\n<p class=\"wp-block-paragraph\">\u200bA venda de ativos de alto valor em datas coincidentes com opera\u00e7\u00f5es policiais costuma acender alertas nas autoridades de controle financeiro (como o Coaf). O foco agora reside em entender se a transa\u00e7\u00e3o foi uma tentativa de <strong>blindagem patrimonial<\/strong> ou se seguiu os ritos de boa-f\u00e9, apesar do timing sugestivo.<\/p>\n\n\n\n<p class=\"wp-block-paragraph\">\u200bA defesa dos envolvidos sustenta, em casos similares, que as negocia\u00e7\u00f5es muitas vezes j\u00e1 est\u00e3o em curso e que a coincid\u00eancia de datas n\u00e3o implica necessariamente em irregularidade, embora o teor dos e-mails sugira que a pris\u00e3o foi o catalisador para o desfecho imediato.<\/p>\n","protected":false},"excerpt":{"rendered":"<p>\u200bA divulga\u00e7\u00e3o de mensagens eletr\u00f4nicas trouxe \u00e0 tona os bastidores de uma transa\u00e7\u00e3o imobili\u00e1ria fren\u00e9tica envolvendo um dos endere\u00e7os mais caros do pa\u00eds. Os registros [&#8230;]<\/p>\n","protected":false},"author":1,"featured_media":5205,"comment_status":"open","ping_status":"open","sticky":false,"template":"","format":"standard","meta":{"_crdt_document":"","_jetpack_memberships_contains_paid_content":false,"footnotes":"","jetpack_publicize_message":"","jetpack_publicize_feature_enabled":true,"jetpack_social_post_already_shared":true,"jetpack_social_options":{"image_generator_settings":{"template":"highway","default_image_id":0,"font":"","enabled":false},"version":2}},"categories":[3],"tags":[],"class_list":["post-5204","post","type-post","status-publish","format-standard","has-post-thumbnail","hentry","category-brasil"],"jetpack_publicize_connections":[],"jetpack_featured_media_url":"https:\/\/i0.wp.com\/oexpressobr.com.br\/wp-content\/uploads\/2026\/03\/177275089269aa082c3c9d5_1772750892_3x2_xl.jpg?fit=1200%2C800&ssl=1","jetpack_likes_enabled":true,"jetpack_sharing_enabled":true,"_links":{"self":[{"href":"https:\/\/oexpressobr.com.br\/index.php?rest_route=\/wp\/v2\/posts\/5204","targetHints":{"allow":["GET"]}}],"collection":[{"href":"https:\/\/oexpressobr.com.br\/index.php?rest_route=\/wp\/v2\/posts"}],"about":[{"href":"https:\/\/oexpressobr.com.br\/index.php?rest_route=\/wp\/v2\/types\/post"}],"author":[{"embeddable":true,"href":"https:\/\/oexpressobr.com.br\/index.php?rest_route=\/wp\/v2\/users\/1"}],"replies":[{"embeddable":true,"href":"https:\/\/oexpressobr.com.br\/index.php?rest_route=%2Fwp%2Fv2%2Fcomments&post=5204"}],"version-history":[{"count":1,"href":"https:\/\/oexpressobr.com.br\/index.php?rest_route=\/wp\/v2\/posts\/5204\/revisions"}],"predecessor-version":[{"id":5206,"href":"https:\/\/oexpressobr.com.br\/index.php?rest_route=\/wp\/v2\/posts\/5204\/revisions\/5206"}],"wp:featuredmedia":[{"embeddable":true,"href":"https:\/\/oexpressobr.com.br\/index.php?rest_route=\/wp\/v2\/media\/5205"}],"wp:attachment":[{"href":"https:\/\/oexpressobr.com.br\/index.php?rest_route=%2Fwp%2Fv2%2Fmedia&parent=5204"}],"wp:term":[{"taxonomy":"category","embeddable":true,"href":"https:\/\/oexpressobr.com.br\/index.php?rest_route=%2Fwp%2Fv2%2Fcategories&post=5204"},{"taxonomy":"post_tag","embeddable":true,"href":"https:\/\/oexpressobr.com.br\/index.php?rest_route=%2Fwp%2Fv2%2Ftags&post=5204"}],"curies":[{"name":"wp","href":"https:\/\/api.w.org\/{rel}","templated":true}]}}