{"id":5216,"date":"2026-03-06T10:32:13","date_gmt":"2026-03-06T13:32:13","guid":{"rendered":"https:\/\/oexpressobr.com.br\/?p=5216"},"modified":"2026-03-06T10:32:22","modified_gmt":"2026-03-06T13:32:22","slug":"trump-exalta-palmeiras-como-melhor-do-brasil-em-recepcao-a-messi-e-inter-miami-na-casa-branca","status":"publish","type":"post","link":"https:\/\/oexpressobr.com.br\/?p=5216","title":{"rendered":"Trump exalta Palmeiras como melhor do Brasil em recep\u00e7\u00e3o a Messi e Inter Miami na Casa Branca"},"content":{"rendered":"\n<p class=\"wp-block-paragraph\">\u200bO presidente dos Estados Unidos, Donald Trump, protagonizou um momento inusitado para o futebol brasileiro na noite desta quinta-feira (5), durante uma cerim\u00f4nia oficial na Casa Branca. Ao homenagear o elenco do Inter Miami pela conquista da Major League Soccer (MLS) de 2025, o republicano classificou a Sociedade Esportiva Palmeiras como o &#8220;melhor time do Brasil&#8221;.<\/p>\n\n\n\n<p class=\"wp-block-paragraph\">\u200bA declara\u00e7\u00e3o ocorreu enquanto Trump relembrava o confronto entre a equipe americana e o clube paulista durante a fase de grupos da Copa do Mundo de Clubes da FIFA, realizada em junho de 2025. Na ocasi\u00e3o, as equipes empataram em 2 a 2 no Hard Rock Stadium, em Miami \u2014 resultado que garantiu ao Palmeiras a lideran\u00e7a do Grupo A e a classifica\u00e7\u00e3o para as oitavas de final.<\/p>\n\n\n\n<p class=\"wp-block-paragraph\">\u200b<strong>Elogios a Su\u00e1rez e gafe diplom\u00e1tica<\/strong><\/p>\n\n\n\n<p class=\"wp-block-paragraph\">Ao comentar a partida, Trump destacou o desempenho do Inter Miami contra o &#8220;gigante brasileiro&#8221; e elogiou especificamente um gol marcado pelo uruguaio Luis Su\u00e1rez. &#8220;Voc\u00eas empataram com o melhor time brasileiro&#8221;, afirmou o presidente. No entanto, o momento de exalta\u00e7\u00e3o ao futebol sul-americano foi acompanhado de uma gafe: Trump referiu-se a Su\u00e1rez como um &#8220;atacante brasileiro&#8221;. O centroavante, posicionado logo atr\u00e1s do p\u00falpito, reagiu com bom humor e sorrisos ao erro do mandat\u00e1rio.<\/p>\n\n\n\n<p class=\"wp-block-paragraph\">\u200b<strong>Messi vs. Pel\u00e9<\/strong><\/p>\n\n\n\n<p class=\"wp-block-paragraph\">O evento contou com a presen\u00e7a de astros como Lionel Messi, que presenteou o presidente com uma bola de futebol cravejada de joias e autografada por todo o elenco. Durante a intera\u00e7\u00e3o, Trump n\u00e3o fugiu da pol\u00eamica sobre quem seria o maior jogador da hist\u00f3ria.<\/p>\n\n\n\n<p class=\"wp-block-paragraph\">\u200bAp\u00f3s perguntar aos jogadores do Inter Miami quem era superior entre Pel\u00e9 e Messi, e ouvir o coro un\u00e2nime em favor do argentino, Trump concordou: &#8220;Eu acho que ele \u00e9 [o melhor]. Mas Pel\u00e9 era muito bom&#8221;, disse o presidente, recordando ter visto o &#8220;Rei do Futebol&#8221; atuar pelo New York Cosmos na d\u00e9cada de 70.<\/p>\n\n\n\n<p class=\"wp-block-paragraph\">\u200b<strong>Contexto esportivo e pol\u00edtico<\/strong><\/p>\n\n\n\n<p class=\"wp-block-paragraph\">A visita do Inter Miami \u00e0 Casa Branca segue a tradi\u00e7\u00e3o americana de receber campe\u00f5es das grandes ligas nacionais. O encontro ocorre em um momento de alta popularidade do futebol nos EUA, impulsionada pela presen\u00e7a de Messi e pela prepara\u00e7\u00e3o para a Copa do Mundo de 2026.<\/p>\n\n\n\n<p class=\"wp-block-paragraph\">\u200bNo campo pol\u00edtico, a cerim\u00f4nia aconteceu em meio a atualiza\u00e7\u00f5es sobre opera\u00e7\u00f5es militares no Ir\u00e3, refor\u00e7ando o contraste entre a agenda de seguran\u00e7a nacional e os eventos sociais da presid\u00eancia. O Palmeiras, agora chancelado pelo presidente americano como a principal for\u00e7a do Brasil, segue sua prepara\u00e7\u00e3o para o restante da temporada 2026 ap\u00f3s o reconhecimento internacional em solo Washingtoniano.<\/p>\n","protected":false},"excerpt":{"rendered":"<p>\u200bO presidente dos Estados Unidos, Donald Trump, protagonizou um momento inusitado para o futebol brasileiro na noite desta quinta-feira (5), durante uma cerim\u00f4nia oficial na [&#8230;]<\/p>\n","protected":false},"author":1,"featured_media":5217,"comment_status":"open","ping_status":"open","sticky":false,"template":"","format":"standard","meta":{"_crdt_document":"","_jetpack_memberships_contains_paid_content":false,"footnotes":"","jetpack_publicize_message":"","jetpack_publicize_feature_enabled":true,"jetpack_social_post_already_shared":true,"jetpack_social_options":{"image_generator_settings":{"template":"highway","default_image_id":0,"font":"","enabled":false},"version":2}},"categories":[15],"tags":[],"class_list":["post-5216","post","type-post","status-publish","format-standard","has-post-thumbnail","hentry","category-internacional"],"jetpack_publicize_connections":[],"jetpack_featured_media_url":"https:\/\/i0.wp.com\/oexpressobr.com.br\/wp-content\/uploads\/2026\/03\/IMG-20260306-WA0096.jpg?fit=750%2C512&ssl=1","jetpack_likes_enabled":true,"jetpack_sharing_enabled":true,"_links":{"self":[{"href":"https:\/\/oexpressobr.com.br\/index.php?rest_route=\/wp\/v2\/posts\/5216","targetHints":{"allow":["GET"]}}],"collection":[{"href":"https:\/\/oexpressobr.com.br\/index.php?rest_route=\/wp\/v2\/posts"}],"about":[{"href":"https:\/\/oexpressobr.com.br\/index.php?rest_route=\/wp\/v2\/types\/post"}],"author":[{"embeddable":true,"href":"https:\/\/oexpressobr.com.br\/index.php?rest_route=\/wp\/v2\/users\/1"}],"replies":[{"embeddable":true,"href":"https:\/\/oexpressobr.com.br\/index.php?rest_route=%2Fwp%2Fv2%2Fcomments&post=5216"}],"version-history":[{"count":1,"href":"https:\/\/oexpressobr.com.br\/index.php?rest_route=\/wp\/v2\/posts\/5216\/revisions"}],"predecessor-version":[{"id":5218,"href":"https:\/\/oexpressobr.com.br\/index.php?rest_route=\/wp\/v2\/posts\/5216\/revisions\/5218"}],"wp:featuredmedia":[{"embeddable":true,"href":"https:\/\/oexpressobr.com.br\/index.php?rest_route=\/wp\/v2\/media\/5217"}],"wp:attachment":[{"href":"https:\/\/oexpressobr.com.br\/index.php?rest_route=%2Fwp%2Fv2%2Fmedia&parent=5216"}],"wp:term":[{"taxonomy":"category","embeddable":true,"href":"https:\/\/oexpressobr.com.br\/index.php?rest_route=%2Fwp%2Fv2%2Fcategories&post=5216"},{"taxonomy":"post_tag","embeddable":true,"href":"https:\/\/oexpressobr.com.br\/index.php?rest_route=%2Fwp%2Fv2%2Ftags&post=5216"}],"curies":[{"name":"wp","href":"https:\/\/api.w.org\/{rel}","templated":true}]}}