{"id":5221,"date":"2026-03-06T15:32:27","date_gmt":"2026-03-06T18:32:27","guid":{"rendered":"https:\/\/oexpressobr.com.br\/?p=5221"},"modified":"2026-03-06T15:32:36","modified_gmt":"2026-03-06T18:32:36","slug":"policia-federal-prende-motorista-de-van-que-pulou-em-rio-para-fugir-de-perseguicao-em-foz-do-iguacu","status":"publish","type":"post","link":"https:\/\/oexpressobr.com.br\/?p=5221","title":{"rendered":"Pol\u00edcia Federal prende motorista de van que pulou em rio para fugir de persegui\u00e7\u00e3o em Foz do Igua\u00e7u"},"content":{"rendered":"\n<p class=\"wp-block-paragraph\">Uma a\u00e7\u00e3o conjunta entre a <strong>Pol\u00edcia Federal (PF)<\/strong>, a <strong>Pol\u00edcia Militar (PMPR)<\/strong> e a <strong>Receita Federal<\/strong> resultou na pris\u00e3o de um motorista brasileiro na tarde de quinta-feira (5), em Foz do Igua\u00e7u. O suspeito, que conduzia uma van carregada com mercadorias descaminhadas, protagonizou uma fuga cinematogr\u00e1fica ao abandonar o ve\u00edculo em movimento e saltar em um rio na tentativa de escapar das autoridades.<\/p>\n\n\n\n<h3 class=\"wp-block-heading\">\u200bPersegui\u00e7\u00e3o e colis\u00e3o<\/h3>\n\n\n\n<p class=\"wp-block-paragraph\">\u200bA ocorr\u00eancia teve in\u00edcio durante um monitoramento de rotina na regi\u00e3o do bairro <strong>Bubas<\/strong>. Ao identificarem uma van com placas paraguaias em atitude suspeita, os agentes deram ordem de parada. O condutor, no entanto, desobedeceu e iniciou uma fuga em alta velocidade por diversas quadras.<\/p>\n\n\n\n<p class=\"wp-block-paragraph\">\u200bNo \u00e1pice da persegui\u00e7\u00e3o, o homem abandonou o volante com o ve\u00edculo ainda em curso e pulou nas \u00e1guas de um rio pr\u00f3ximo para tentar evitar o flagrante. Sem condutor, a van percorreu alguns metros desgovernada at\u00e9 colidir contra o <strong>muro de um terreno baldio<\/strong>, causando danos \u00e0 estrutura.<\/p>\n\n\n\n<h3 class=\"wp-block-heading\">\u200bApreens\u00e3o e medidas legais<\/h3>\n\n\n\n<p class=\"wp-block-paragraph\">\u200bApesar da tentativa de fuga pela \u00e1gua, as equipes policiais conseguiram realizar o cerco e capturar o indiv\u00edduo. No interior da van, foi encontrada uma carga significativa de mercadorias importadas ilegalmente, incluindo eletr\u00f4nicos e outros itens de alto valor, sem a devida documenta\u00e7\u00e3o fiscal.<\/p>\n\n\n\n<p class=\"wp-block-paragraph\">\u200b<strong>Desdobramentos da ocorr\u00eancia:<\/strong><\/p>\n\n\n\n<ul class=\"wp-block-list\">\n<li>\u200b<strong>Encaminhamento:<\/strong> O motorista foi preso em flagrante e levado \u00e0 Delegacia de Pol\u00edcia Federal em Foz do Igua\u00e7u.<\/li>\n\n\n\n<li>\u200b<strong>Destino da carga:<\/strong> O ve\u00edculo e as mercadorias foram entregues \u00e0 alf\u00e2ndega da Receita Federal para contabiliza\u00e7\u00e3o e procedimentos administrativos.<\/li>\n\n\n\n<li>\u200b<strong>Contexto:<\/strong> Esta a\u00e7\u00e3o faz parte de um esfor\u00e7o intensificado das for\u00e7as de seguran\u00e7a na fronteira; apenas nesta semana, a Receita Federal j\u00e1 reportou apreens\u00f5es que somam mais de <strong>R$ 3,8 milh\u00f5es<\/strong> em produtos irregulares na regi\u00e3o.<\/li>\n<\/ul>\n","protected":false},"excerpt":{"rendered":"<p>Uma a\u00e7\u00e3o conjunta entre a Pol\u00edcia Federal (PF), a Pol\u00edcia Militar (PMPR) e a Receita Federal resultou na pris\u00e3o de um motorista brasileiro na tarde [&#8230;]<\/p>\n","protected":false},"author":1,"featured_media":5222,"comment_status":"open","ping_status":"open","sticky":false,"template":"","format":"standard","meta":{"_crdt_document":"","_jetpack_memberships_contains_paid_content":false,"footnotes":"","jetpack_publicize_message":"","jetpack_publicize_feature_enabled":true,"jetpack_social_post_already_shared":true,"jetpack_social_options":{"image_generator_settings":{"template":"highway","default_image_id":0,"font":"","enabled":false},"version":2}},"categories":[9],"tags":[],"class_list":["post-5221","post","type-post","status-publish","format-standard","has-post-thumbnail","hentry","category-policia"],"jetpack_publicize_connections":[],"jetpack_featured_media_url":"https:\/\/i0.wp.com\/oexpressobr.com.br\/wp-content\/uploads\/2026\/03\/g1-pr-47-.jpeg?fit=984%2C553&ssl=1","jetpack_likes_enabled":true,"jetpack_sharing_enabled":true,"_links":{"self":[{"href":"https:\/\/oexpressobr.com.br\/index.php?rest_route=\/wp\/v2\/posts\/5221","targetHints":{"allow":["GET"]}}],"collection":[{"href":"https:\/\/oexpressobr.com.br\/index.php?rest_route=\/wp\/v2\/posts"}],"about":[{"href":"https:\/\/oexpressobr.com.br\/index.php?rest_route=\/wp\/v2\/types\/post"}],"author":[{"embeddable":true,"href":"https:\/\/oexpressobr.com.br\/index.php?rest_route=\/wp\/v2\/users\/1"}],"replies":[{"embeddable":true,"href":"https:\/\/oexpressobr.com.br\/index.php?rest_route=%2Fwp%2Fv2%2Fcomments&post=5221"}],"version-history":[{"count":1,"href":"https:\/\/oexpressobr.com.br\/index.php?rest_route=\/wp\/v2\/posts\/5221\/revisions"}],"predecessor-version":[{"id":5223,"href":"https:\/\/oexpressobr.com.br\/index.php?rest_route=\/wp\/v2\/posts\/5221\/revisions\/5223"}],"wp:featuredmedia":[{"embeddable":true,"href":"https:\/\/oexpressobr.com.br\/index.php?rest_route=\/wp\/v2\/media\/5222"}],"wp:attachment":[{"href":"https:\/\/oexpressobr.com.br\/index.php?rest_route=%2Fwp%2Fv2%2Fmedia&parent=5221"}],"wp:term":[{"taxonomy":"category","embeddable":true,"href":"https:\/\/oexpressobr.com.br\/index.php?rest_route=%2Fwp%2Fv2%2Fcategories&post=5221"},{"taxonomy":"post_tag","embeddable":true,"href":"https:\/\/oexpressobr.com.br\/index.php?rest_route=%2Fwp%2Fv2%2Ftags&post=5221"}],"curies":[{"name":"wp","href":"https:\/\/api.w.org\/{rel}","templated":true}]}}