{"id":5224,"date":"2026-03-06T15:39:29","date_gmt":"2026-03-06T18:39:29","guid":{"rendered":"https:\/\/oexpressobr.com.br\/?p=5224"},"modified":"2026-03-06T15:39:37","modified_gmt":"2026-03-06T18:39:37","slug":"policia-civil-e-prefeitura-investigam-negligencia-apos-crianca-ingerir-alcool-em-gel-em-cmei-de-teixeira-soares","status":"publish","type":"post","link":"https:\/\/oexpressobr.com.br\/?p=5224","title":{"rendered":"Pol\u00edcia Civil e prefeitura investigam neglig\u00eancia ap\u00f3s crian\u00e7a ingerir \u00e1lcool em gel em cmei de Teixeira Soares"},"content":{"rendered":"\n<p class=\"wp-block-paragraph\">Uma crian\u00e7a de quatro anos precisou ser hospitalizada \u00e0s pressas ap\u00f3s ingerir \u00e1lcool em gel nas depend\u00eancias do <strong>Centro Municipal de Educa\u00e7\u00e3o Infantil (CMEI) Mundo Encantado<\/strong>, localizado em <strong>Teixeira Soares<\/strong>, na regi\u00e3o dos Campos Gerais, no Paran\u00e1. O incidente, que gerou grande preocupa\u00e7\u00e3o na comunidade escolar, agora \u00e9 alvo de uma investiga\u00e7\u00e3o policial e de uma sindic\u00e2ncia interna.<\/p>\n\n\n\n<h3 class=\"wp-block-heading\">\u200bO incidente e o estado da crian\u00e7a<\/h3>\n\n\n\n<p class=\"wp-block-paragraph\">\u200bDe acordo com os relatos, a crian\u00e7a teria tido acesso ao produto dentro da unidade de ensino. Os pais perceberam que a filha apresentava um comportamento at\u00edpico \u2014 descrita por testemunhas como se estivesse &#8220;b\u00eabada&#8221;, apresentando sonol\u00eancia e desorienta\u00e7\u00e3o \u2014 logo ap\u00f3s sair da escola.<\/p>\n\n\n\n<p class=\"wp-block-paragraph\">\u200bAo ser levada ao hospital, foi constatado o quadro de intoxica\u00e7\u00e3o. Em casos similares registrados recentemente no pa\u00eds, a ingest\u00e3o de \u00e1lcool em gel 70% por crian\u00e7as pequenas pode levar rapidamente ao estado de <strong>coma alco\u00f3lico<\/strong>, devido \u00e0 alta concentra\u00e7\u00e3o da subst\u00e2ncia e ao metabolismo acelerado dos menores.<\/p>\n\n\n\n<h3 class=\"wp-block-heading\">\u200bProvid\u00eancias e investiga\u00e7\u00f5es<\/h3>\n\n\n\n<p class=\"wp-block-paragraph\">\u200bO caso tomou propor\u00e7\u00f5es jur\u00eddicas e administrativas:<\/p>\n\n\n\n<ul class=\"wp-block-list\">\n<li>\u200b<strong>Pol\u00edcia Civil:<\/strong> Abriu um inqu\u00e9rito para apurar se houve <strong>neglig\u00eancia<\/strong> por parte dos funcion\u00e1rios e da dire\u00e7\u00e3o da unidade no monitoramento da crian\u00e7a e no armazenamento do material de limpeza.<\/li>\n\n\n\n<li>\u200b<strong>Prefeitura de Teixeira Soares:<\/strong> Informou, por meio de nota, que instaurou uma <strong>sindic\u00e2ncia administrativa<\/strong> para apurar os fatos e determinar as responsabilidades internas.<\/li>\n\n\n\n<li>\u200b<strong>Conselho Tutelar:<\/strong> Tamb\u00e9m acompanha o desdobramento do caso para garantir a prote\u00e7\u00e3o dos direitos da crian\u00e7a.<\/li>\n<\/ul>\n\n\n\n<h3 class=\"wp-block-heading\">\u200bAlerta das autoridades de sa\u00fade<\/h3>\n\n\n\n<p class=\"wp-block-paragraph\">\u200bO epis\u00f3dio acende um alerta sobre o uso de antiss\u00e9pticos em ambientes escolares. A <strong>Anvisa<\/strong> e especialistas em toxicologia refor\u00e7am que:<\/p>\n\n\n\n<ol class=\"wp-block-list\">\n<li>\u200b<strong>Supervis\u00e3o \u00e9 vital:<\/strong> Crian\u00e7as entre 1 e 5 anos nunca devem manusear \u00e1lcool em gel sem a supervis\u00e3o direta de um adulto.<\/li>\n\n\n\n<li>\u200b<strong>\u00c1gua e sab\u00e3o primeiro:<\/strong> A lavagem das m\u00e3os com \u00e1gua e sab\u00e3o \u00e9 a medida mais recomendada e segura para o ambiente escolar, possuindo efic\u00e1cia equivalente ao \u00e1lcool 70% no controle de germes.<\/li>\n\n\n\n<li>\u200b<strong>Armazenamento seguro:<\/strong> Produtos qu\u00edmicos e antiss\u00e9pticos devem ser mantidos em locais altos e fechados, fora do alcance visual e f\u00edsico dos alunos.<\/li>\n<\/ol>\n\n\n\n<p class=\"wp-block-paragraph\">\u200bA crian\u00e7a j\u00e1 recebeu atendimento m\u00e9dico e, conforme as \u00faltimas atualiza\u00e7\u00f5es, o quadro cl\u00ednico \u00e9 monitorado enquanto as autoridades colhem depoimentos de professores e funcion\u00e1rios do CMEI.<\/p>\n","protected":false},"excerpt":{"rendered":"<p>Uma crian\u00e7a de quatro anos precisou ser hospitalizada \u00e0s pressas ap\u00f3s ingerir \u00e1lcool em gel nas depend\u00eancias do Centro Municipal de Educa\u00e7\u00e3o Infantil (CMEI) Mundo [&#8230;]<\/p>\n","protected":false},"author":1,"featured_media":5225,"comment_status":"open","ping_status":"open","sticky":false,"template":"","format":"standard","meta":{"_crdt_document":"","_jetpack_memberships_contains_paid_content":false,"footnotes":"","jetpack_publicize_message":"","jetpack_publicize_feature_enabled":true,"jetpack_social_post_already_shared":true,"jetpack_social_options":{"image_generator_settings":{"template":"highway","default_image_id":0,"font":"","enabled":false},"version":2}},"categories":[5],"tags":[],"class_list":["post-5224","post","type-post","status-publish","format-standard","has-post-thumbnail","hentry","category-parana"],"jetpack_publicize_connections":[],"jetpack_featured_media_url":"https:\/\/i0.wp.com\/oexpressobr.com.br\/wp-content\/uploads\/2026\/03\/design-sem-nome.jpg?fit=984%2C554&ssl=1","jetpack_likes_enabled":true,"jetpack_sharing_enabled":true,"_links":{"self":[{"href":"https:\/\/oexpressobr.com.br\/index.php?rest_route=\/wp\/v2\/posts\/5224","targetHints":{"allow":["GET"]}}],"collection":[{"href":"https:\/\/oexpressobr.com.br\/index.php?rest_route=\/wp\/v2\/posts"}],"about":[{"href":"https:\/\/oexpressobr.com.br\/index.php?rest_route=\/wp\/v2\/types\/post"}],"author":[{"embeddable":true,"href":"https:\/\/oexpressobr.com.br\/index.php?rest_route=\/wp\/v2\/users\/1"}],"replies":[{"embeddable":true,"href":"https:\/\/oexpressobr.com.br\/index.php?rest_route=%2Fwp%2Fv2%2Fcomments&post=5224"}],"version-history":[{"count":1,"href":"https:\/\/oexpressobr.com.br\/index.php?rest_route=\/wp\/v2\/posts\/5224\/revisions"}],"predecessor-version":[{"id":5226,"href":"https:\/\/oexpressobr.com.br\/index.php?rest_route=\/wp\/v2\/posts\/5224\/revisions\/5226"}],"wp:featuredmedia":[{"embeddable":true,"href":"https:\/\/oexpressobr.com.br\/index.php?rest_route=\/wp\/v2\/media\/5225"}],"wp:attachment":[{"href":"https:\/\/oexpressobr.com.br\/index.php?rest_route=%2Fwp%2Fv2%2Fmedia&parent=5224"}],"wp:term":[{"taxonomy":"category","embeddable":true,"href":"https:\/\/oexpressobr.com.br\/index.php?rest_route=%2Fwp%2Fv2%2Fcategories&post=5224"},{"taxonomy":"post_tag","embeddable":true,"href":"https:\/\/oexpressobr.com.br\/index.php?rest_route=%2Fwp%2Fv2%2Ftags&post=5224"}],"curies":[{"name":"wp","href":"https:\/\/api.w.org\/{rel}","templated":true}]}}