{"id":5227,"date":"2026-03-06T15:48:23","date_gmt":"2026-03-06T18:48:23","guid":{"rendered":"https:\/\/oexpressobr.com.br\/?p=5227"},"modified":"2026-03-06T15:54:39","modified_gmt":"2026-03-06T18:54:39","slug":"crise-hidrica-em-ponta-grossa-moradores-denunciam-agua-alaranjada-enquanto-sanepar-justifica-problemas-por-rompimento-e-algas","status":"publish","type":"post","link":"https:\/\/oexpressobr.com.br\/?p=5227","title":{"rendered":"Crise h\u00eddrica em Ponta Grossa: moradores denunciam \u00e1gua alaranjada enquanto Sanepar justifica problemas por rompimento e algas"},"content":{"rendered":"\n<p class=\"wp-block-paragraph\">Moradores de <strong>Ponta Grossa<\/strong>, nos Campos Gerais, enfrentam uma nova etapa na crise do abastecimento de \u00e1gua. Ap\u00f3s dois meses convivendo com um odor e gosto persistentes nas torneiras, a popula\u00e7\u00e3o registrou, nesta <strong>quinta (5) e sexta-feira (6)<\/strong>, \u00e1gua com colora\u00e7\u00e3o alaranjada e marrom em diversas regi\u00f5es, incluindo a <strong>Vila Coronel Cl\u00e1udio<\/strong> e o <strong>Distrito Industrial<\/strong>.<\/p>\n\n\n\n<h3 class=\"wp-block-heading\">\u200bO agravamento da situa\u00e7\u00e3o e o &#8220;efeito visual&#8221;<\/h3>\n\n\n\n<p class=\"wp-block-paragraph\">\u200bO que antes era um problema sensorial (gosto e cheiro) tornou-se vis\u00edvel. Relatos de moradores \u00e0 imprensa local e v\u00eddeos compartilhados em redes sociais mostram baldes e banheiras cheios de um l\u00edquido escuro. A nutricionista Carla Stoekly relatou atrasos em sua rotina profissional devido \u00e0 impossibilidade de utilizar o chuveiro diante da sujeira da \u00e1gua.<\/p>\n\n\n\n<h3 class=\"wp-block-heading\">\u200bAs explica\u00e7\u00f5es da Sanepar<\/h3>\n\n\n\n<p class=\"wp-block-paragraph\">\u200bEm nota oficial emitida nesta sexta-feira, a <strong>Sanepar<\/strong> atribuiu a colora\u00e7\u00e3o escura a um <strong>rompimento de rede<\/strong> ocorrido na quinta-feira (5), causado por eros\u00e3o e deslocamento de solo. De acordo com a companhia:<\/p>\n\n\n\n<ul class=\"wp-block-list\">\n<li>\u200bO conserto emergencial j\u00e1 foi conclu\u00eddo.<\/li>\n\n\n\n<li>\u200bForam realizadas descargas na rede para limpeza da tubula\u00e7\u00e3o.<\/li>\n\n\n\n<li>\u200bMoradores afetados podem solicitar a <strong>higieniza\u00e7\u00e3o gratuita de caixas-d\u2019\u00e1gua<\/strong> e tubula\u00e7\u00f5es pelo telefone <strong>0800 200 0115<\/strong>.<\/li>\n<\/ul>\n\n\n\n<h3 class=\"wp-block-heading\">\u200bO problema cr\u00f4nico: Algas e o reservat\u00f3rio Alagados<\/h3>\n\n\n\n<p class=\"wp-block-paragraph\">\u200bEmbora a cor atual esteja ligada ao rompimento, o gosto e o cheiro ruins que assolam a cidade desde janeiro t\u00eam outra origem. Em comunicado conjunto com o <strong>IDR-Paran\u00e1<\/strong>, <strong>IAT<\/strong>, <strong>Adapar<\/strong> e <strong>Simepar<\/strong>, a Sanepar explicou que a forte prolifera\u00e7\u00e3o de <strong>algas no reservat\u00f3rio Alagados<\/strong> \u00e9 a causa principal.<\/p>\n\n\n\n<p class=\"wp-block-paragraph\">\u200bO baixo volume de chuvas na bacia do rio Pitangui e as altas temperaturas favoreceram o crescimento desses organismos. O Diretor-presidente da companhia, Wilson Bley, afirmou que a \u00e1gua permanece &#8220;absolutamente pot\u00e1vel&#8221;, embora reconhe\u00e7a o desconforto sensorial dos usu\u00e1rios.<\/p>\n\n\n\n<h3 class=\"wp-block-heading\">\u200bA\u00e7\u00f5es em curso e press\u00e3o pol\u00edtica<\/h3>\n\n\n\n<p class=\"wp-block-paragraph\">\u200bA crise j\u00e1 gerou desdobramentos oficiais:<\/p>\n\n\n\n<ol class=\"wp-block-list\">\n<li>\u200b<strong>Investiga\u00e7\u00e3o do MP-PR:<\/strong> O Minist\u00e9rio P\u00fablico abriu inqu\u00e9rito para apurar a qualidade do servi\u00e7o.<\/li>\n\n\n\n<li>\u200b<strong>Convoca\u00e7\u00e3o pelo Condema:<\/strong> O Conselho Municipal do Meio Ambiente exigiu explica\u00e7\u00f5es detalhadas sobre o manejo da represa.<\/li>\n\n\n\n<li>\u200b<strong>Protestos Populares:<\/strong> No final de fevereiro, moradores realizaram manifesta\u00e7\u00f5es em frente \u00e0 sede da Sanepar contra o odor da \u00e1gua e o aumento nas faturas.<\/li>\n\n\n\n<li>\u200b<strong>Solu\u00e7\u00f5es Futuras:<\/strong> O governo estadual mencionou a contrata\u00e7\u00e3o de uma consultoria internacional e o avan\u00e7o nas obras de capta\u00e7\u00e3o do <strong>Rio Tibagi<\/strong> para reduzir a depend\u00eancia exclusiva do Alagados.<\/li>\n<\/ol>\n","protected":false},"excerpt":{"rendered":"<p>Moradores de Ponta Grossa, nos Campos Gerais, enfrentam uma nova etapa na crise do abastecimento de \u00e1gua. Ap\u00f3s dois meses convivendo com um odor e [&#8230;]<\/p>\n","protected":false},"author":1,"featured_media":5228,"comment_status":"open","ping_status":"open","sticky":false,"template":"","format":"standard","meta":{"_crdt_document":"","_jetpack_memberships_contains_paid_content":false,"footnotes":"","jetpack_publicize_message":"","jetpack_publicize_feature_enabled":true,"jetpack_social_post_already_shared":true,"jetpack_social_options":{"image_generator_settings":{"template":"highway","default_image_id":0,"font":"","enabled":false},"version":2}},"categories":[46],"tags":[],"class_list":["post-5227","post","type-post","status-publish","format-standard","has-post-thumbnail","hentry","category-cidades"],"jetpack_publicize_connections":[],"jetpack_featured_media_url":"https:\/\/i0.wp.com\/oexpressobr.com.br\/wp-content\/uploads\/2026\/03\/g1-20-.jpeg?fit=984%2C553&ssl=1","jetpack_likes_enabled":true,"jetpack_sharing_enabled":true,"_links":{"self":[{"href":"https:\/\/oexpressobr.com.br\/index.php?rest_route=\/wp\/v2\/posts\/5227","targetHints":{"allow":["GET"]}}],"collection":[{"href":"https:\/\/oexpressobr.com.br\/index.php?rest_route=\/wp\/v2\/posts"}],"about":[{"href":"https:\/\/oexpressobr.com.br\/index.php?rest_route=\/wp\/v2\/types\/post"}],"author":[{"embeddable":true,"href":"https:\/\/oexpressobr.com.br\/index.php?rest_route=\/wp\/v2\/users\/1"}],"replies":[{"embeddable":true,"href":"https:\/\/oexpressobr.com.br\/index.php?rest_route=%2Fwp%2Fv2%2Fcomments&post=5227"}],"version-history":[{"count":1,"href":"https:\/\/oexpressobr.com.br\/index.php?rest_route=\/wp\/v2\/posts\/5227\/revisions"}],"predecessor-version":[{"id":5229,"href":"https:\/\/oexpressobr.com.br\/index.php?rest_route=\/wp\/v2\/posts\/5227\/revisions\/5229"}],"wp:featuredmedia":[{"embeddable":true,"href":"https:\/\/oexpressobr.com.br\/index.php?rest_route=\/wp\/v2\/media\/5228"}],"wp:attachment":[{"href":"https:\/\/oexpressobr.com.br\/index.php?rest_route=%2Fwp%2Fv2%2Fmedia&parent=5227"}],"wp:term":[{"taxonomy":"category","embeddable":true,"href":"https:\/\/oexpressobr.com.br\/index.php?rest_route=%2Fwp%2Fv2%2Fcategories&post=5227"},{"taxonomy":"post_tag","embeddable":true,"href":"https:\/\/oexpressobr.com.br\/index.php?rest_route=%2Fwp%2Fv2%2Ftags&post=5227"}],"curies":[{"name":"wp","href":"https:\/\/api.w.org\/{rel}","templated":true}]}}