{"id":523,"date":"2025-12-10T04:05:07","date_gmt":"2025-12-10T07:05:07","guid":{"rendered":"https:\/\/oexpressobr.com.br\/?p=523"},"modified":"2025-12-10T04:05:07","modified_gmt":"2025-12-10T07:05:07","slug":"camara-pauta-cassacao-de-zambelli-e-glauber-ramagem-e-eduardo-bolsonaro-tambem-estao-na-mira","status":"publish","type":"post","link":"https:\/\/oexpressobr.com.br\/?p=523","title":{"rendered":"C\u00e2mara pauta cassa\u00e7\u00e3o de Zambelli e Glauber; Ramagem e Eduardo Bolsonaro tamb\u00e9m est\u00e3o na mira"},"content":{"rendered":"\n<p class=\"wp-block-paragraph\">A C\u00e2mara dos Deputados vive um momento de alta tens\u00e3o pol\u00edtica com a inclus\u00e3o na pauta de vota\u00e7\u00e3o dos processos de cassa\u00e7\u00e3o dos mandatos da deputada <strong>Carla Zambelli (PL-SP)<\/strong> e do deputado <strong>Glauber Braga (PSOL-RJ)<\/strong>. A decis\u00e3o foi anunciada pelo presidente da Casa, Hugo Motta (Republicanos-PB), em meio a intensas articula\u00e7\u00f5es e protestos no plen\u00e1rio. Os casos dos deputados <strong>Alexandre Ramagem (PL-RJ)<\/strong> e <strong>Eduardo Bolsonaro (PL-SP)<\/strong> tamb\u00e9m est\u00e3o em andamento e devem ser apreciados em breve.<\/p>\n\n\n\n<h3 class=\"wp-block-heading\">\u200bO Caso Zambelli e Ramagem: Condena\u00e7\u00f5es Judiciais<\/h3>\n\n\n\n<p class=\"wp-block-paragraph\">\u200bOs deputados <strong>Carla Zambelli<\/strong> e <strong>Alexandre Ramagem<\/strong> enfrentam a possibilidade de cassa\u00e7\u00e3o de seus mandatos por condena\u00e7\u00f5es criminais.<\/p>\n\n\n\n<ul class=\"wp-block-list\">\n<li>\u200b<strong>Carla Zambelli:<\/strong> O processo da deputada, que se encontra presa na It\u00e1lia por ter fugido antes do tr\u00e2nsito em julgado de suas condena\u00e7\u00f5es, ser\u00e1 levado a Plen\u00e1rio. A parlamentar, que possui cidadania italiana, teve seu nome inclu\u00eddo na lista vermelha da Interpol. A extradi\u00e7\u00e3o est\u00e1 em an\u00e1lise pela Justi\u00e7a italiana.<\/li>\n\n\n\n<li>\u200b<strong>Alexandre Ramagem:<\/strong> Condenado a mais de 16 anos de pris\u00e3o por tentativa de aboli\u00e7\u00e3o do Estado Democr\u00e1tico de Direito e foragido nos Estados Unidos, Ramagem teve sua perda de cargo de delegado da Pol\u00edcia Federal j\u00e1 cumprida. O Supremo Tribunal Federal (STF) acionou a C\u00e2mara para a perda do mandato do deputado. Seu caso deve seguir para an\u00e1lise do Plen\u00e1rio na pr\u00f3xima semana.<\/li>\n<\/ul>\n\n\n\n<p class=\"wp-block-paragraph\">\u200bPara que as cassa\u00e7\u00f5es por condena\u00e7\u00e3o judicial sejam aprovadas, s\u00e3o necess\u00e1rios pelo menos <strong>257 votos favor\u00e1veis<\/strong> dos deputados, a maioria absoluta. Motta anunciou que, no caso de Zambelli e Ramagem, os processos ir\u00e3o diretamente ao Plen\u00e1rio, sem passar necessariamente por an\u00e1lise em comiss\u00e3o.<\/p>\n\n\n\n<h3 class=\"wp-block-heading\">\u200bGlauber Braga: Quebra de Decoro e Protesto Violento<\/h3>\n\n\n\n<p class=\"wp-block-paragraph\">\u200bO deputado <strong>Glauber Braga<\/strong> tem a recomenda\u00e7\u00e3o de cassa\u00e7\u00e3o do seu mandato aprovada pelo Conselho de \u00c9tica da Casa desde abril, por agress\u00e3o a um militante do MBL (Movimento Brasil Livre). O deputado do PSOL alega persegui\u00e7\u00e3o pol\u00edtica, atribuindo o movimento ao ex-presidente da C\u00e2mara, Arthur Lira (PP-AL), devido \u00e0s suas den\u00fancias sobre o chamado or\u00e7amento secreto, o que Lira nega.<\/p>\n\n\n\n<p class=\"wp-block-paragraph\">\u200bEm um ato de protesto contra a pauta, Glauber ocupou a cadeira da Presid\u00eancia da C\u00e2mara na tarde desta ter\u00e7a-feira (9), sendo retirado \u00e0 for\u00e7a por agentes da Pol\u00edcia Legislativa Federal, o que resultou em tumulto e roupas rasgadas. O presidente Hugo Motta repudiou a atitude, classificando-a como <strong>desrespeito \u00e0 C\u00e2mara e ao Poder Legislativo<\/strong>, e afirmou que a democracia precisa ser defendida contra extremismos. Parlamentares aliados a Glauber manifestaram indigna\u00e7\u00e3o com a viol\u00eancia da retirada, destacando uma suposta diferen\u00e7a de postura da Mesa Diretora em rela\u00e7\u00e3o a protestos de deputados de oposi\u00e7\u00e3o ao governo.<\/p>\n\n\n\n<h3 class=\"wp-block-heading\">\u200bEduardo Bolsonaro: Faltas e Futuro Pol\u00edtico<\/h3>\n\n\n\n<p class=\"wp-block-paragraph\">\u200bO processo do deputado <strong>Eduardo Bolsonaro (PL-SP)<\/strong>, filho do ex-presidente Jair Bolsonaro, tamb\u00e9m est\u00e1 em curso por excesso de faltas, j\u00e1 que o parlamentar tem se ausentado das sess\u00f5es por estar no exterior. Motta afirmou que o n\u00famero de faltas \u00e9 suficiente para a cassa\u00e7\u00e3o. A c\u00fapula da C\u00e2mara deve dar a palavra final na pr\u00f3xima semana, e h\u00e1 quem avalie que o desligamento por faltas pode ser uma estrat\u00e9gia para que o deputado continue eleg\u00edvel, diferentemente da cassa\u00e7\u00e3o por quebra de decoro ou condena\u00e7\u00e3o judicial.<\/p>\n\n\n\n<p class=\"wp-block-paragraph\">\u200bA pauta com as cassa\u00e7\u00f5es \u00e9 vista nos bastidores como uma resposta da Mesa Diretora para n\u00e3o ser acusada de levar adiante apenas processos que tenham opositores do governo como alvo, ap\u00f3s a press\u00e3o da direita por avan\u00e7ar no Projeto de Lei 2162\/23, que busca reduzir as penas para os envolvidos nos atos golpistas de 8 de janeiro.<\/p>\n\n\n\n<p class=\"wp-block-paragraph\">\u200bA C\u00e2mara dos Deputados se prepara para uma das vota\u00e7\u00f5es mais importantes e tensas dos \u00faltimos tempos, onde a manuten\u00e7\u00e3o do mandato de quatro parlamentares e a pr\u00f3pria imagem institucional da Casa est\u00e3o em jogo.<\/p>\n","protected":false},"excerpt":{"rendered":"<p>A C\u00e2mara dos Deputados vive um momento de alta tens\u00e3o pol\u00edtica com a inclus\u00e3o na pauta de vota\u00e7\u00e3o dos processos de cassa\u00e7\u00e3o dos mandatos da [&#8230;]<\/p>\n","protected":false},"author":1,"featured_media":524,"comment_status":"open","ping_status":"open","sticky":false,"template":"","format":"standard","meta":{"_crdt_document":"","_jetpack_memberships_contains_paid_content":false,"footnotes":"","jetpack_publicize_message":"","jetpack_publicize_feature_enabled":true,"jetpack_social_post_already_shared":false,"jetpack_social_options":{"image_generator_settings":{"template":"highway","default_image_id":0,"font":"","enabled":false},"version":2}},"categories":[3],"tags":[],"class_list":["post-523","post","type-post","status-publish","format-standard","has-post-thumbnail","hentry","category-brasil"],"jetpack_publicize_connections":[],"jetpack_featured_media_url":"https:\/\/i0.wp.com\/oexpressobr.com.br\/wp-content\/uploads\/2025\/12\/pec_da_blindagem03.webp?fit=1170%2C700&ssl=1","jetpack_likes_enabled":true,"jetpack_sharing_enabled":true,"_links":{"self":[{"href":"https:\/\/oexpressobr.com.br\/index.php?rest_route=\/wp\/v2\/posts\/523","targetHints":{"allow":["GET"]}}],"collection":[{"href":"https:\/\/oexpressobr.com.br\/index.php?rest_route=\/wp\/v2\/posts"}],"about":[{"href":"https:\/\/oexpressobr.com.br\/index.php?rest_route=\/wp\/v2\/types\/post"}],"author":[{"embeddable":true,"href":"https:\/\/oexpressobr.com.br\/index.php?rest_route=\/wp\/v2\/users\/1"}],"replies":[{"embeddable":true,"href":"https:\/\/oexpressobr.com.br\/index.php?rest_route=%2Fwp%2Fv2%2Fcomments&post=523"}],"version-history":[{"count":0,"href":"https:\/\/oexpressobr.com.br\/index.php?rest_route=\/wp\/v2\/posts\/523\/revisions"}],"wp:featuredmedia":[{"embeddable":true,"href":"https:\/\/oexpressobr.com.br\/index.php?rest_route=\/wp\/v2\/media\/524"}],"wp:attachment":[{"href":"https:\/\/oexpressobr.com.br\/index.php?rest_route=%2Fwp%2Fv2%2Fmedia&parent=523"}],"wp:term":[{"taxonomy":"category","embeddable":true,"href":"https:\/\/oexpressobr.com.br\/index.php?rest_route=%2Fwp%2Fv2%2Fcategories&post=523"},{"taxonomy":"post_tag","embeddable":true,"href":"https:\/\/oexpressobr.com.br\/index.php?rest_route=%2Fwp%2Fv2%2Ftags&post=523"}],"curies":[{"name":"wp","href":"https:\/\/api.w.org\/{rel}","templated":true}]}}