{"id":5233,"date":"2026-03-06T16:27:12","date_gmt":"2026-03-06T19:27:12","guid":{"rendered":"https:\/\/oexpressobr.com.br\/?p=5233"},"modified":"2026-03-06T16:27:21","modified_gmt":"2026-03-06T19:27:21","slug":"lula-e-juliana-brizola-articulam-frente-de-centro-esquerda-para-barrar-avanco-do-pl-no-rio-grande-do-sul","status":"publish","type":"post","link":"https:\/\/oexpressobr.com.br\/?p=5233","title":{"rendered":"Lula e Juliana Brizola articulam frente de centro-esquerda para barrar avan\u00e7o do PL no Rio Grande do Sul"},"content":{"rendered":"\n<p class=\"wp-block-paragraph\">\u200bO cen\u00e1rio pol\u00edtico no Rio Grande do Sul para as elei\u00e7\u00f5es de 2026 come\u00e7a a ganhar contornos de uma disputa polarizada e estrat\u00e9gica. O presidente Luiz In\u00e1cio Lula da Silva (PT) tem intensificado movimentos para consolidar uma alian\u00e7a com o PDT, tendo como pe\u00e7a-chave a ex-deputada Juliana Brizola, neta do hist\u00f3rico l\u00edder trabalhista Leonel Brizola. A articula\u00e7\u00e3o visa criar uma barreira competitiva contra o favoritismo crescente do PL, que aposta no deputado federal Luciano Zucco como principal nome da direita ao Pal\u00e1cio Piratini.<\/p>\n\n\n\n<p class=\"wp-block-paragraph\">\u200b<strong>A estrat\u00e9gia de Lula e o fator Brizola<\/strong><\/p>\n\n\n\n<p class=\"wp-block-paragraph\">\u200bNos bastidores do Pal\u00e1cio do Planalto, a avalia\u00e7\u00e3o \u00e9 de que o PT ga\u00facho, embora possua nomes fortes como o de Edegar Pretto (atual presidente da Conab), enfrenta uma barreira de rejei\u00e7\u00e3o hist\u00f3rica no estado que pode limitar o crescimento da candidatura em um eventual segundo turno. Nesse contexto, o nome de Juliana Brizola surge como uma alternativa capaz de unir o campo progressista e atrair setores do centro.<\/p>\n\n\n\n<p class=\"wp-block-paragraph\">\u200bRecentes reuni\u00f5es em Bras\u00edlia indicam que Lula estuda dar um comando direto ao PT ga\u00facho para que, pela primeira vez na hist\u00f3ria, o partido abra m\u00e3o da cabe\u00e7a de chapa em prol de uma unidade maior. O &#8220;brisolismo&#8221; ainda \u00e9 visto como uma marca de forte apelo emocional e pol\u00edtico no Rio Grande do Sul, e o apoio de Carlos Lupi, presidente nacional do PDT e ministro da Previd\u00eancia, tem sido decisivo para aproximar Juliana do presidente.<\/p>\n\n\n\n<p class=\"wp-block-paragraph\">\u200b<strong>O desafio da direita e o favoritismo do PL<\/strong><\/p>\n\n\n\n<p class=\"wp-block-paragraph\">\u200bDo outro lado do espectro pol\u00edtico, o Partido Liberal (PL) j\u00e1 consolidou Luciano Zucco como sua principal aposta. Zucco, que conta com a b\u00ean\u00e7\u00e3o expl\u00edcita de Jair Bolsonaro, lidera ou aparece em empate t\u00e9cnico no topo das principais sondagens de inten\u00e7\u00e3o de voto realizadas entre o final de 2025 e o in\u00edcio de 2026. A direita ga\u00facha busca manter a hegemonia no estado, aproveitando-se da avalia\u00e7\u00e3o cr\u00edtica ao governo federal na regi\u00e3o Sul.<\/p>\n\n\n\n<p class=\"wp-block-paragraph\">\u200bAl\u00e9m do PL, o cen\u00e1rio conta com a for\u00e7a da m\u00e1quina estadual. O atual governador Eduardo Leite (PSDB), que migrou para o PSD visando o plano nacional, tenta viabilizar seu vice, Gabriel Souza (MDB), como sucessor natural. No entanto, o avan\u00e7o da polariza\u00e7\u00e3o entre o bloco de Lula e o de Bolsonaro amea\u00e7a espremer as candidaturas de centro.<\/p>\n\n\n\n<p class=\"wp-block-paragraph\">\u200b<strong>Cen\u00e1rio eleitoral em movimento<\/strong><\/p>\n\n\n\n<p class=\"wp-block-paragraph\">\u200bPesquisas recentes (como as do Instituto Quaest e Methodus) mostram um quadro ainda aberto, mas com tend\u00eancias claras:<\/p>\n\n\n\n<ul class=\"wp-block-list\">\n<li>\u200b<strong>Luciano Zucco (PL):<\/strong> Consolida-se como o nome a ser batido pela oposi\u00e7\u00e3o de direita.<\/li>\n\n\n\n<li>\u200b<strong>Juliana Brizola (PDT):<\/strong> Apresenta potencial de crescimento ao herdar votos de centro-esquerda e possui menor rejei\u00e7\u00e3o que nomes tradicionais do PT.<\/li>\n\n\n\n<li>\u200b<strong>Edegar Pretto (PT):<\/strong> Mant\u00e9m uma base fiel, mas sua viabilidade depende do desenho final da federa\u00e7\u00e3o Brasil da Esperan\u00e7a e do acordo com o PDT.<\/li>\n<\/ul>\n\n\n\n<p class=\"wp-block-paragraph\">\u200bA poss\u00edvel chapa &#8220;Lula l\u00e1 e Brizola aqui&#8221;, bord\u00e3o que ecoa nos bastidores do PDT, \u00e9 a principal aposta para tentar quebrar a sequ\u00eancia de vit\u00f3rias da direita no estado. O martelo deve ser batido nos pr\u00f3ximos meses, dependendo da performance de Juliana nas articula\u00e7\u00f5es diretas com o comando petista e da capacidade de coes\u00e3o das bases partid\u00e1rias locais, que ainda oferecem resist\u00eancia a abrir m\u00e3o de protagonismo.<\/p>\n","protected":false},"excerpt":{"rendered":"<p>\u200bO cen\u00e1rio pol\u00edtico no Rio Grande do Sul para as elei\u00e7\u00f5es de 2026 come\u00e7a a ganhar contornos de uma disputa polarizada e estrat\u00e9gica. O presidente [&#8230;]<\/p>\n","protected":false},"author":1,"featured_media":5234,"comment_status":"open","ping_status":"open","sticky":false,"template":"","format":"standard","meta":{"_crdt_document":"","_jetpack_memberships_contains_paid_content":false,"footnotes":"","jetpack_publicize_message":"","jetpack_publicize_feature_enabled":true,"jetpack_social_post_already_shared":true,"jetpack_social_options":{"image_generator_settings":{"template":"highway","default_image_id":0,"font":"","enabled":false},"version":2}},"categories":[3],"tags":[],"class_list":["post-5233","post","type-post","status-publish","format-standard","has-post-thumbnail","hentry","category-brasil"],"jetpack_publicize_connections":[],"jetpack_featured_media_url":"https:\/\/i0.wp.com\/oexpressobr.com.br\/wp-content\/uploads\/2026\/03\/IMG-20260306-WA0237.png?fit=2250%2C1451&ssl=1","jetpack_likes_enabled":true,"jetpack_sharing_enabled":true,"_links":{"self":[{"href":"https:\/\/oexpressobr.com.br\/index.php?rest_route=\/wp\/v2\/posts\/5233","targetHints":{"allow":["GET"]}}],"collection":[{"href":"https:\/\/oexpressobr.com.br\/index.php?rest_route=\/wp\/v2\/posts"}],"about":[{"href":"https:\/\/oexpressobr.com.br\/index.php?rest_route=\/wp\/v2\/types\/post"}],"author":[{"embeddable":true,"href":"https:\/\/oexpressobr.com.br\/index.php?rest_route=\/wp\/v2\/users\/1"}],"replies":[{"embeddable":true,"href":"https:\/\/oexpressobr.com.br\/index.php?rest_route=%2Fwp%2Fv2%2Fcomments&post=5233"}],"version-history":[{"count":1,"href":"https:\/\/oexpressobr.com.br\/index.php?rest_route=\/wp\/v2\/posts\/5233\/revisions"}],"predecessor-version":[{"id":5235,"href":"https:\/\/oexpressobr.com.br\/index.php?rest_route=\/wp\/v2\/posts\/5233\/revisions\/5235"}],"wp:featuredmedia":[{"embeddable":true,"href":"https:\/\/oexpressobr.com.br\/index.php?rest_route=\/wp\/v2\/media\/5234"}],"wp:attachment":[{"href":"https:\/\/oexpressobr.com.br\/index.php?rest_route=%2Fwp%2Fv2%2Fmedia&parent=5233"}],"wp:term":[{"taxonomy":"category","embeddable":true,"href":"https:\/\/oexpressobr.com.br\/index.php?rest_route=%2Fwp%2Fv2%2Fcategories&post=5233"},{"taxonomy":"post_tag","embeddable":true,"href":"https:\/\/oexpressobr.com.br\/index.php?rest_route=%2Fwp%2Fv2%2Ftags&post=5233"}],"curies":[{"name":"wp","href":"https:\/\/api.w.org\/{rel}","templated":true}]}}