{"id":5240,"date":"2026-03-07T10:39:35","date_gmt":"2026-03-07T13:39:35","guid":{"rendered":"https:\/\/oexpressobr.com.br\/?p=5240"},"modified":"2026-03-07T10:39:44","modified_gmt":"2026-03-07T13:39:44","slug":"mendonca-abre-inquerito-para-investigar-vazamentos-de-dados-de-vorcaro","status":"publish","type":"post","link":"https:\/\/oexpressobr.com.br\/?p=5240","title":{"rendered":"Mendon\u00e7a abre inqu\u00e9rito para investigar vazamentos de dados de Vorcaro"},"content":{"rendered":"\n<p class=\"wp-block-paragraph\">O ministro Andr\u00e9 Mendon\u00e7a, do Supremo Tribunal Federal (STF), determinou nesta sexta-feira (6 de mar\u00e7o de 2026) que a Pol\u00edcia Federal instaure um inqu\u00e9rito policial para apurar o vazamento de dados sigilosos do banqueiro Daniel Vorcaro, dono do Banco Master. A decis\u00e3o atende a um pedido da defesa de Vorcaro, que alega que informa\u00e7\u00f5es extra\u00eddas de seus aparelhos celulares foram indevidamente dispersadas para ve\u00edculos de imprensa ap\u00f3s serem compartilhadas com a CPMI do INSS.<\/p>\n\n\n\n<p class=\"wp-block-paragraph\">\u200bA investiga\u00e7\u00e3o focar\u00e1 na identifica\u00e7\u00e3o dos agentes p\u00fablicos ou autoridades que tinham o dever de guardar o material sob sigilo e falharam em mant\u00ea-lo. Em sua decis\u00e3o, Mendon\u00e7a foi enf\u00e1tico ao afirmar que a quebra de sigilo judicial &#8220;n\u00e3o torna p\u00fablicas as informa\u00e7\u00f5es acessadas&#8221; e que o vazamento fere o direito \u00e0 privacidade e \u00e0 intimidade do investigado.<\/p>\n\n\n\n<p class=\"wp-block-paragraph\">\u200b<strong>Blindagem \u00e0 imprensa e sigilo da fonte<\/strong><\/p>\n\n\n\n<p class=\"wp-block-paragraph\">Um ponto central na determina\u00e7\u00e3o do ministro \u00e9 a preserva\u00e7\u00e3o da liberdade de imprensa. Mendon\u00e7a ressaltou que o inqu\u00e9rito n\u00e3o deve visar jornalistas ou ve\u00edculos de comunica\u00e7\u00e3o que publicaram as informa\u00e7\u00f5es, mas sim quem forneceu o material. &#8220;A autoridade policial deve zelar pela irrestrita observ\u00e2ncia \u00e0 garantia constitucional da preserva\u00e7\u00e3o do sigilo da fonte&#8221;, destacou o magistrado, refor\u00e7ando que a responsabilidade pela manuten\u00e7\u00e3o do segredo recai sobre quem det\u00e9m a cust\u00f3dia legal dos dados.<\/p>\n\n\n\n<p class=\"wp-block-paragraph\">\u200b<strong>Desdobramentos e cita\u00e7\u00f5es a autoridades<\/strong><\/p>\n\n\n\n<p class=\"wp-block-paragraph\">O caso ganhou tra\u00e7\u00e3o ap\u00f3s a divulga\u00e7\u00e3o de mensagens que mencionariam nomes de peso na Rep\u00fablica, incluindo o ministro Alexandre de Moraes, al\u00e9m de deputados e senadores. Moraes, por sua vez, negou publicamente ter trocado mensagens com o banqueiro.<\/p>\n\n\n\n<p class=\"wp-block-paragraph\">\u200bDaniel Vorcaro foi recentemente transferido para um pres\u00eddio federal em Bras\u00edlia ap\u00f3s sua pris\u00e3o na Opera\u00e7\u00e3o Compliance Zero, que investiga um suposto rombo bilion\u00e1rio no Banco Master e fraudes no sistema financeiro. Os dados agora sob investiga\u00e7\u00e3o de vazamento foram originalmente colhidos pela PF e posteriormente enviados \u00e0 CPMI do INSS, onde, segundo a defesa, teria ocorrido a quebra do controle das informa\u00e7\u00f5es.<\/p>\n\n\n\n<p class=\"wp-block-paragraph\">\u200bO inqu\u00e9rito ser\u00e1 conduzido pela Coordena\u00e7\u00e3o de Inqu\u00e9ritos nos Tribunais Superiores da Pol\u00edcia Federal, com o objetivo de estancar o fluxo de dados confidenciais e punir eventuais respons\u00e1veis pela divulga\u00e7\u00e3o n\u00e3o autorizada.<\/p>\n","protected":false},"excerpt":{"rendered":"<p>O ministro Andr\u00e9 Mendon\u00e7a, do Supremo Tribunal Federal (STF), determinou nesta sexta-feira (6 de mar\u00e7o de 2026) que a Pol\u00edcia Federal instaure um inqu\u00e9rito policial [&#8230;]<\/p>\n","protected":false},"author":1,"featured_media":5241,"comment_status":"open","ping_status":"open","sticky":false,"template":"","format":"standard","meta":{"_crdt_document":"","_jetpack_memberships_contains_paid_content":false,"footnotes":"","jetpack_publicize_message":"","jetpack_publicize_feature_enabled":true,"jetpack_social_post_already_shared":true,"jetpack_social_options":{"image_generator_settings":{"template":"highway","default_image_id":0,"font":"","enabled":false},"version":2}},"categories":[8],"tags":[],"class_list":["post-5240","post","type-post","status-publish","format-standard","has-post-thumbnail","hentry","category-judiciario"],"jetpack_publicize_connections":[],"jetpack_featured_media_url":"https:\/\/i0.wp.com\/oexpressobr.com.br\/wp-content\/uploads\/2026\/03\/img_3390.jpg.webp?fit=1170%2C700&ssl=1","jetpack_likes_enabled":true,"jetpack_sharing_enabled":true,"_links":{"self":[{"href":"https:\/\/oexpressobr.com.br\/index.php?rest_route=\/wp\/v2\/posts\/5240","targetHints":{"allow":["GET"]}}],"collection":[{"href":"https:\/\/oexpressobr.com.br\/index.php?rest_route=\/wp\/v2\/posts"}],"about":[{"href":"https:\/\/oexpressobr.com.br\/index.php?rest_route=\/wp\/v2\/types\/post"}],"author":[{"embeddable":true,"href":"https:\/\/oexpressobr.com.br\/index.php?rest_route=\/wp\/v2\/users\/1"}],"replies":[{"embeddable":true,"href":"https:\/\/oexpressobr.com.br\/index.php?rest_route=%2Fwp%2Fv2%2Fcomments&post=5240"}],"version-history":[{"count":1,"href":"https:\/\/oexpressobr.com.br\/index.php?rest_route=\/wp\/v2\/posts\/5240\/revisions"}],"predecessor-version":[{"id":5242,"href":"https:\/\/oexpressobr.com.br\/index.php?rest_route=\/wp\/v2\/posts\/5240\/revisions\/5242"}],"wp:featuredmedia":[{"embeddable":true,"href":"https:\/\/oexpressobr.com.br\/index.php?rest_route=\/wp\/v2\/media\/5241"}],"wp:attachment":[{"href":"https:\/\/oexpressobr.com.br\/index.php?rest_route=%2Fwp%2Fv2%2Fmedia&parent=5240"}],"wp:term":[{"taxonomy":"category","embeddable":true,"href":"https:\/\/oexpressobr.com.br\/index.php?rest_route=%2Fwp%2Fv2%2Fcategories&post=5240"},{"taxonomy":"post_tag","embeddable":true,"href":"https:\/\/oexpressobr.com.br\/index.php?rest_route=%2Fwp%2Fv2%2Ftags&post=5240"}],"curies":[{"name":"wp","href":"https:\/\/api.w.org\/{rel}","templated":true}]}}