{"id":5250,"date":"2026-03-07T11:00:31","date_gmt":"2026-03-07T14:00:31","guid":{"rendered":"https:\/\/oexpressobr.com.br\/?p=5250"},"modified":"2026-03-07T11:00:41","modified_gmt":"2026-03-07T14:00:41","slug":"brasil-enfrenta-o-panama-no-maracana-em-jogo-de-despedida-antes-da-copa-do-mundo","status":"publish","type":"post","link":"https:\/\/oexpressobr.com.br\/?p=5250","title":{"rendered":"Brasil enfrenta o Panam\u00e1 no Maracan\u00e3 em jogo de despedida antes da Copa do Mundo"},"content":{"rendered":"\n<p class=\"wp-block-paragraph\">\u200bA Sele\u00e7\u00e3o Brasileira j\u00e1 tem data e local definidos para o seu \u00faltimo contato com o torcedor em solo nacional antes do embarque para o Mundial de 2026. A Confedera\u00e7\u00e3o Brasileira de Futebol (CBF) confirmou que o Brasil enfrentar\u00e1 a sele\u00e7\u00e3o do Panam\u00e1 no dia 31 de maio, no Est\u00e1dio do Maracan\u00e3, no Rio de Janeiro.<\/p>\n\n\n\n<p class=\"wp-block-paragraph\">\u200bO confronto \u00e9 tratado pela comiss\u00e3o t\u00e9cnica, liderada por Carlo Ancelotti, como um evento simb\u00f3lico e estrat\u00e9gico. Al\u00e9m de servir como teste de campo, a partida visa fortalecer a conex\u00e3o entre a equipe e a torcida antes do desafio nos Estados Unidos, M\u00e9xico e Canad\u00e1. Segundo Ancelotti, sentir o &#8220;calor do p\u00fablico&#8221; no palco mais emblem\u00e1tico do futebol mundial ser\u00e1 fundamental para a motiva\u00e7\u00e3o do grupo na busca pelo hexacampeonato.<\/p>\n\n\n\n<p class=\"wp-block-paragraph\">\u200b<strong>Calend\u00e1rio de prepara\u00e7\u00e3o<\/strong><\/p>\n\n\n\n<p class=\"wp-block-paragraph\">\u200bO amistoso contra o Panam\u00e1, que ocupa a 33\u00aa posi\u00e7\u00e3o no ranking da Fifa, ser\u00e1 o terceiro compromisso da Sele\u00e7\u00e3o no ano. Antes de pisar no gramado do Maracan\u00e3, o Brasil ter\u00e1 dois grandes testes em mar\u00e7o, ambos em territ\u00f3rio norte-americano:<\/p>\n\n\n\n<ul class=\"wp-block-list\">\n<li>\u200b<strong>26 de mar\u00e7o:<\/strong> Brasil x Fran\u00e7a, em Boston.<\/li>\n\n\n\n<li>\u200b<strong>31 de mar\u00e7o:<\/strong> Brasil x Cro\u00e1cia, em Orlando.<\/li>\n<\/ul>\n\n\n\n<p class=\"wp-block-paragraph\">\u200bA convoca\u00e7\u00e3o para esses duelos iniciais est\u00e1 prevista para o dia 16 de mar\u00e7o. J\u00e1 a lista definitiva dos 26 jogadores que disputar\u00e3o a Copa do Mundo ser\u00e1 anunciada em 19 de maio.<\/p>\n\n\n\n<p class=\"wp-block-paragraph\">\u200b<strong>Reta final e estreia no Mundial<\/strong><\/p>\n\n\n\n<p class=\"wp-block-paragraph\">\u200bAp\u00f3s a partida no Maracan\u00e3, a delega\u00e7\u00e3o brasileira viaja no dia 1\u00ba de junho para os Estados Unidos. L\u00e1, realizar\u00e1 um \u00faltimo amistoso preparat\u00f3rio contra o Egito, no dia 6 de junho, em Cleveland.<\/p>\n\n\n\n<p class=\"wp-block-paragraph\">\u200bO Brasil est\u00e1 no Grupo C da Copa do Mundo de 2026 e sua jornada oficial come\u00e7a em 13 de junho, contra o Marrocos, no MetLife Stadium, em Nova Jersey. Na sequ\u00eancia da fase de grupos, a Sele\u00e7\u00e3o enfrentar\u00e1 o Haiti (19\/06) e a Esc\u00f3cia (24\/06).<\/p>\n\n\n\n<p class=\"wp-block-paragraph\">\u200bPara o torcedor que deseja garantir presen\u00e7a na despedida no Maracan\u00e3, a CBF informou que os detalhes sobre a venda de ingressos ser\u00e3o divulgados em breve, com a expectativa de que o est\u00e1dio receba lota\u00e7\u00e3o m\u00e1xima.<\/p>\n","protected":false},"excerpt":{"rendered":"<p>\u200bA Sele\u00e7\u00e3o Brasileira j\u00e1 tem data e local definidos para o seu \u00faltimo contato com o torcedor em solo nacional antes do embarque para o [&#8230;]<\/p>\n","protected":false},"author":1,"featured_media":5251,"comment_status":"open","ping_status":"open","sticky":false,"template":"","format":"standard","meta":{"_crdt_document":"","_jetpack_memberships_contains_paid_content":false,"footnotes":"","jetpack_publicize_message":"","jetpack_publicize_feature_enabled":true,"jetpack_social_post_already_shared":true,"jetpack_social_options":{"image_generator_settings":{"template":"highway","default_image_id":0,"font":"","enabled":false},"version":2}},"categories":[12],"tags":[],"class_list":["post-5250","post","type-post","status-publish","format-standard","has-post-thumbnail","hentry","category-esporte"],"jetpack_publicize_connections":[],"jetpack_featured_media_url":"https:\/\/i0.wp.com\/oexpressobr.com.br\/wp-content\/uploads\/2026\/03\/20190323170325_523_2bc4f9f6d9.jpeg?fit=1170%2C700&ssl=1","jetpack_likes_enabled":true,"jetpack_sharing_enabled":true,"_links":{"self":[{"href":"https:\/\/oexpressobr.com.br\/index.php?rest_route=\/wp\/v2\/posts\/5250","targetHints":{"allow":["GET"]}}],"collection":[{"href":"https:\/\/oexpressobr.com.br\/index.php?rest_route=\/wp\/v2\/posts"}],"about":[{"href":"https:\/\/oexpressobr.com.br\/index.php?rest_route=\/wp\/v2\/types\/post"}],"author":[{"embeddable":true,"href":"https:\/\/oexpressobr.com.br\/index.php?rest_route=\/wp\/v2\/users\/1"}],"replies":[{"embeddable":true,"href":"https:\/\/oexpressobr.com.br\/index.php?rest_route=%2Fwp%2Fv2%2Fcomments&post=5250"}],"version-history":[{"count":1,"href":"https:\/\/oexpressobr.com.br\/index.php?rest_route=\/wp\/v2\/posts\/5250\/revisions"}],"predecessor-version":[{"id":5252,"href":"https:\/\/oexpressobr.com.br\/index.php?rest_route=\/wp\/v2\/posts\/5250\/revisions\/5252"}],"wp:featuredmedia":[{"embeddable":true,"href":"https:\/\/oexpressobr.com.br\/index.php?rest_route=\/wp\/v2\/media\/5251"}],"wp:attachment":[{"href":"https:\/\/oexpressobr.com.br\/index.php?rest_route=%2Fwp%2Fv2%2Fmedia&parent=5250"}],"wp:term":[{"taxonomy":"category","embeddable":true,"href":"https:\/\/oexpressobr.com.br\/index.php?rest_route=%2Fwp%2Fv2%2Fcategories&post=5250"},{"taxonomy":"post_tag","embeddable":true,"href":"https:\/\/oexpressobr.com.br\/index.php?rest_route=%2Fwp%2Fv2%2Ftags&post=5250"}],"curies":[{"name":"wp","href":"https:\/\/api.w.org\/{rel}","templated":true}]}}