{"id":5253,"date":"2026-03-07T11:06:37","date_gmt":"2026-03-07T14:06:37","guid":{"rendered":"https:\/\/oexpressobr.com.br\/?p=5253"},"modified":"2026-03-07T11:06:46","modified_gmt":"2026-03-07T14:06:46","slug":"dono-do-banco-master-daniel-vorcaro-e-transferido-para-brasilia-apos-prisao-em-operacao-da-pf","status":"publish","type":"post","link":"https:\/\/oexpressobr.com.br\/?p=5253","title":{"rendered":"Dono do Banco Master, Daniel Vorcaro \u00e9 transferido para Bras\u00edlia ap\u00f3s pris\u00e3o em opera\u00e7\u00e3o da PF"},"content":{"rendered":"\n<p class=\"wp-block-paragraph\">\u200bO banqueiro Daniel Vorcaro, propriet\u00e1rio do Banco Master, tornou-se o centro das aten\u00e7\u00f5es no sistema penitenci\u00e1rio ap\u00f3s ser preso na \u00faltima quarta-feira, 4 de mar\u00e7o, durante a deflagra\u00e7\u00e3o da terceira fase da <strong>Opera\u00e7\u00e3o Compliance Zero<\/strong>. Fotos do empres\u00e1rio logo ap\u00f3s sua entrada no sistema carcer\u00e1rio de S\u00e3o Paulo circularam nesta semana, mostrando o banqueiro com o cabelo raspado e a barba retirada, cumprindo os protocolos padr\u00e3o de fichamento e higiene das unidades prisionais brasileiras.<\/p>\n\n\n\n<h3 class=\"wp-block-heading\">\u200bDesdobramentos e transfer\u00eancia<\/h3>\n\n\n\n<p class=\"wp-block-paragraph\">\u200bAp\u00f3s ser detido na capital paulista, Vorcaro passou por uma r\u00e1pida sucess\u00e3o de transfer\u00eancias. Na quinta-feira (5), ele foi levado para a Penitenci\u00e1ria 2 de Potim, no interior de S\u00e3o Paulo. No entanto, por determina\u00e7\u00e3o do ministro Andr\u00e9 Mendon\u00e7a, do Supremo Tribunal Federal (STF), o banqueiro foi transferido nesta sexta-feira (6) para a <strong>Penitenci\u00e1ria Federal de Bras\u00edlia<\/strong>.<\/p>\n\n\n\n<p class=\"wp-block-paragraph\">\u200bA decis\u00e3o de remov\u00ea-lo para uma unidade de seguran\u00e7a m\u00e1xima foi fundamentada no risco de interfer\u00eancia nas investiga\u00e7\u00f5es. Segundo a Pol\u00edcia Federal, Vorcaro possui &#8220;elevada capacidade de articula\u00e7\u00e3o&#8221; e lideraria uma estrutura que inclu\u00eda o monitoramento e a intimida\u00e7\u00e3o de advers\u00e1rios, cr\u00edticos e at\u00e9 autoridades.<\/p>\n\n\n\n<h3 class=\"wp-block-heading\">\u200bA investiga\u00e7\u00e3o e os crimes apurados<\/h3>\n\n\n\n<p class=\"wp-block-paragraph\">\u200bA terceira fase da Compliance Zero mira um esquema bilion\u00e1rio de fraudes financeiras. Os principais pontos da investiga\u00e7\u00e3o incluem:<\/p>\n\n\n\n<ul class=\"wp-block-list\">\n<li>\u200b<strong>Crimes Financeiros:<\/strong> Suspeita de emiss\u00e3o de t\u00edtulos de cr\u00e9dito falsos e gest\u00e3o fraudulenta que pode ter causado um rombo de at\u00e9 R$ 22 bilh\u00f5es no sistema financeiro.<\/li>\n\n\n\n<li>\u200b<strong>Mil\u00edcia Privada:<\/strong> A PF aponta que o grupo de Vorcaro mantinha uma estrutura de vigil\u00e2ncia e coa\u00e7\u00e3o, utilizando inclusive ex-policiais federais para invadir dispositivos inform\u00e1ticos e amea\u00e7ar jornalistas e desafetos.<\/li>\n\n\n\n<li>\u200b<strong>Bloqueio de Bens:<\/strong> O STF determinou o bloqueio de R$ 22 bilh\u00f5es em ativos dos investigados para garantir o ressarcimento de eventuais danos.<\/li>\n<\/ul>\n\n\n\n<h3 class=\"wp-block-heading\">\u200bRea\u00e7\u00e3o da defesa e vazamentos<\/h3>\n\n\n\n<p class=\"wp-block-paragraph\">\u200bA defesa de Daniel Vorcaro classificou as acusa\u00e7\u00f5es como infundadas e criticou duramente a exposi\u00e7\u00e3o das imagens do banqueiro com o cabelo raspado, chamando o vazamento de &#8220;humilha\u00e7\u00e3o p\u00fablica&#8221;. Os advogados j\u00e1 peticionaram ao STF a abertura de um inqu\u00e9rito para apurar como as fotos de fichamento e mensagens \u00edntimas do celular do empres\u00e1rio foram divulgadas \u00e0 imprensa.<\/p>\n\n\n\n<p class=\"wp-block-paragraph\">\u200bO caso segue sob forte sigilo judicial, agora com um juiz auxiliar designado pelo ministro Andr\u00e9 Mendon\u00e7a para atuar exclusivamente no processo devido \u00e0 complexidade e ao volume de dados obtidos nos dispositivos apreendidos. Al\u00e9m de Vorcaro, seu cunhado, o pastor Fabiano Zettel, tamb\u00e9m permanece preso sob suspeita de atuar como operador financeiro do esquema.<\/p>\n","protected":false},"excerpt":{"rendered":"<p>\u200bO banqueiro Daniel Vorcaro, propriet\u00e1rio do Banco Master, tornou-se o centro das aten\u00e7\u00f5es no sistema penitenci\u00e1rio ap\u00f3s ser preso na \u00faltima quarta-feira, 4 de mar\u00e7o, [&#8230;]<\/p>\n","protected":false},"author":1,"featured_media":5254,"comment_status":"open","ping_status":"open","sticky":false,"template":"","format":"standard","meta":{"_crdt_document":"","_jetpack_memberships_contains_paid_content":false,"footnotes":"","jetpack_publicize_message":"","jetpack_publicize_feature_enabled":true,"jetpack_social_post_already_shared":true,"jetpack_social_options":{"image_generator_settings":{"template":"highway","default_image_id":0,"font":"","enabled":false},"version":2}},"categories":[8],"tags":[],"class_list":["post-5253","post","type-post","status-publish","format-standard","has-post-thumbnail","hentry","category-judiciario"],"jetpack_publicize_connections":[],"jetpack_featured_media_url":"https:\/\/i0.wp.com\/oexpressobr.com.br\/wp-content\/uploads\/2026\/03\/IMG-20260307-WA0111.jpg?fit=800%2C1000&ssl=1","jetpack_likes_enabled":true,"jetpack_sharing_enabled":true,"_links":{"self":[{"href":"https:\/\/oexpressobr.com.br\/index.php?rest_route=\/wp\/v2\/posts\/5253","targetHints":{"allow":["GET"]}}],"collection":[{"href":"https:\/\/oexpressobr.com.br\/index.php?rest_route=\/wp\/v2\/posts"}],"about":[{"href":"https:\/\/oexpressobr.com.br\/index.php?rest_route=\/wp\/v2\/types\/post"}],"author":[{"embeddable":true,"href":"https:\/\/oexpressobr.com.br\/index.php?rest_route=\/wp\/v2\/users\/1"}],"replies":[{"embeddable":true,"href":"https:\/\/oexpressobr.com.br\/index.php?rest_route=%2Fwp%2Fv2%2Fcomments&post=5253"}],"version-history":[{"count":1,"href":"https:\/\/oexpressobr.com.br\/index.php?rest_route=\/wp\/v2\/posts\/5253\/revisions"}],"predecessor-version":[{"id":5255,"href":"https:\/\/oexpressobr.com.br\/index.php?rest_route=\/wp\/v2\/posts\/5253\/revisions\/5255"}],"wp:featuredmedia":[{"embeddable":true,"href":"https:\/\/oexpressobr.com.br\/index.php?rest_route=\/wp\/v2\/media\/5254"}],"wp:attachment":[{"href":"https:\/\/oexpressobr.com.br\/index.php?rest_route=%2Fwp%2Fv2%2Fmedia&parent=5253"}],"wp:term":[{"taxonomy":"category","embeddable":true,"href":"https:\/\/oexpressobr.com.br\/index.php?rest_route=%2Fwp%2Fv2%2Fcategories&post=5253"},{"taxonomy":"post_tag","embeddable":true,"href":"https:\/\/oexpressobr.com.br\/index.php?rest_route=%2Fwp%2Fv2%2Ftags&post=5253"}],"curies":[{"name":"wp","href":"https:\/\/api.w.org\/{rel}","templated":true}]}}