{"id":526,"date":"2025-12-10T04:12:47","date_gmt":"2025-12-10T07:12:47","guid":{"rendered":"https:\/\/oexpressobr.com.br\/?p=526"},"modified":"2025-12-10T04:12:50","modified_gmt":"2025-12-10T07:12:50","slug":"defesa-de-general-mario-fernandes-pede-absolvicao-em-julgamento-do-stf-sobre-plano-contra-lula-alckmin-e-moraes","status":"publish","type":"post","link":"https:\/\/oexpressobr.com.br\/?p=526","title":{"rendered":"Defesa De General M\u00e1rio Fernandes Pede Absolvi\u00e7\u00e3o Em Julgamento Do STF Sobre Plano Contra Lula, Alckmin E Moraes"},"content":{"rendered":"\n<p class=\"wp-block-paragraph\">\u200bA defesa do general do Ex\u00e9rcito M\u00e1rio Fernandes solicitou a <strong>absolvi\u00e7\u00e3o<\/strong> do militar durante a sustenta\u00e7\u00e3o oral perante a Primeira Turma do Supremo Tribunal Federal (STF). O general \u00e9 r\u00e9u no chamado &#8220;N\u00facleo 2&#8221; da a\u00e7\u00e3o penal que investiga a suposta trama golpista, que inclu\u00eda o planejamento de assassinato do presidente <strong>Luiz In\u00e1cio Lula da Silva<\/strong>, do vice-presidente <strong>Geraldo Alckmin<\/strong> e do ministro do STF <strong>Alexandre de Moraes<\/strong>.<\/p>\n\n\n\n<h3 class=\"wp-block-heading\">\u200bJulgamento No STF<\/h3>\n\n\n\n<p class=\"wp-block-paragraph\">\u200bO julgamento, que teve in\u00edcio recentemente, visa decidir o destino de seis r\u00e9us do N\u00facleo 2, acusados de crimes como organiza\u00e7\u00e3o criminosa armada, tentativa de aboli\u00e7\u00e3o violenta do Estado Democr\u00e1tico de Direito e golpe de Estado. O general M\u00e1rio Fernandes, que ocupou o cargo de secret\u00e1rio-executivo da Secretaria-Geral da Presid\u00eancia no governo anterior, \u00e9 apontado pela Pol\u00edcia Federal (PF) como autor do plano denominado <strong>&#8220;Punhal Verde e Amarelo&#8221;<\/strong>.<\/p>\n\n\n\n<h3 class=\"wp-block-heading\">\u200b Argumentos Da Defesa E Confiss\u00e3o Parcial<\/h3>\n\n\n\n<p class=\"wp-block-paragraph\">\u200bO advogado de defesa de Fernandes argumentou que o documento encontrado nos equipamentos do general, o suposto &#8220;Punhal Verde e Amarelo&#8221;, n\u00e3o existiu na pr\u00e1tica. &#8220;N\u00e3o quero entrar na quest\u00e3o moral ou \u00e9tica do conte\u00fado desse documento. Mas, de fato, esse documento n\u00e3o existiu, exclu\u00eddo na teoria dos antecedentes causais&#8221;, afirmou.<\/p>\n\n\n\n<p class=\"wp-block-paragraph\">\u200bEm interrogat\u00f3rio anterior no STF, o pr\u00f3prio M\u00e1rio Fernandes admitiu ser o autor do plano, mas buscou minimizar sua gravidade. Ele alegou que o material n\u00e3o passava de um <strong>&#8220;pensamento&#8221;<\/strong> seu, um <strong>&#8220;estudo de situa\u00e7\u00e3o&#8221;<\/strong> digitalizado e um <strong>&#8220;compilamento de dados&#8221;<\/strong>, negando veementemente ter compartilhado o documento com qualquer pessoa. Ele disse ter impresso o plano apenas para leitura e que o rasgou logo em seguida, antes de uma reuni\u00e3o no Pal\u00e1cio da Alvorada.<\/p>\n\n\n\n<p class=\"wp-block-paragraph\">\u200bA defesa sustenta que a acusa\u00e7\u00e3o se baseia em coincid\u00eancias e presun\u00e7\u00f5es, sem demonstrar a exist\u00eancia de uma conduta concreta, reuni\u00e3o, ou ato que configure a participa\u00e7\u00e3o de M\u00e1rio Fernandes em crime material.<\/p>\n\n\n\n<h3 class=\"wp-block-heading\">\u200b Outros R\u00e9us E Pr\u00f3ximos Passos<\/h3>\n\n\n\n<p class=\"wp-block-paragraph\">\u200bAl\u00e9m de M\u00e1rio Fernandes, integram o N\u00facleo 2:<\/p>\n\n\n\n<ul class=\"wp-block-list\">\n<li>\u200b<strong>Filipe Martins<\/strong>, ex-assessor de assuntos internacionais da Presid\u00eancia.<\/li>\n\n\n\n<li>\u200b<strong>Marcelo C\u00e2mara<\/strong>, coronel do Ex\u00e9rcito e ex-assessor de <strong>Jair Bolsonaro<\/strong>.<\/li>\n\n\n\n<li>\u200b<strong>Silvinei Vasques<\/strong>, ex-diretor da PRF.<\/li>\n\n\n\n<li>\u200b<strong>Fernando de Sousa Oliveira<\/strong>, ex-diretor de opera\u00e7\u00f5es do Minist\u00e9rio da Justi\u00e7a.<\/li>\n\n\n\n<li>\u200b<strong>Mar\u00edlia de Alencar<\/strong>, ex-subsecret\u00e1ria da pasta.<\/li>\n<\/ul>\n\n\n\n<p class=\"wp-block-paragraph\">\u200bO julgamento, que teve sess\u00f5es iniciadas na \u00faltima ter\u00e7a-feira, ser\u00e1 retomado na pr\u00f3xima semana, quando os ministros come\u00e7ar\u00e3o a proferir seus votos sobre a absolvi\u00e7\u00e3o ou condena\u00e7\u00e3o dos r\u00e9us. A Procuradoria-Geral da Rep\u00fablica (PGR) insiste pela condena\u00e7\u00e3o dos seis envolvidos.<\/p>\n","protected":false},"excerpt":{"rendered":"<p>\u200bA defesa do general do Ex\u00e9rcito M\u00e1rio Fernandes solicitou a absolvi\u00e7\u00e3o do militar durante a sustenta\u00e7\u00e3o oral perante a Primeira Turma do Supremo Tribunal Federal [&#8230;]<\/p>\n","protected":false},"author":1,"featured_media":527,"comment_status":"open","ping_status":"open","sticky":false,"template":"","format":"standard","meta":{"_crdt_document":"","_jetpack_memberships_contains_paid_content":false,"footnotes":"","jetpack_publicize_message":"","jetpack_publicize_feature_enabled":true,"jetpack_social_post_already_shared":false,"jetpack_social_options":{"image_generator_settings":{"template":"highway","default_image_id":0,"font":"","enabled":false},"version":2}},"categories":[8],"tags":[],"class_list":["post-526","post","type-post","status-publish","format-standard","has-post-thumbnail","hentry","category-judiciario"],"jetpack_publicize_connections":[],"jetpack_featured_media_url":"https:\/\/i0.wp.com\/oexpressobr.com.br\/wp-content\/uploads\/2025\/12\/pzzb0246.webp?fit=1170%2C700&ssl=1","jetpack_likes_enabled":true,"jetpack_sharing_enabled":true,"_links":{"self":[{"href":"https:\/\/oexpressobr.com.br\/index.php?rest_route=\/wp\/v2\/posts\/526","targetHints":{"allow":["GET"]}}],"collection":[{"href":"https:\/\/oexpressobr.com.br\/index.php?rest_route=\/wp\/v2\/posts"}],"about":[{"href":"https:\/\/oexpressobr.com.br\/index.php?rest_route=\/wp\/v2\/types\/post"}],"author":[{"embeddable":true,"href":"https:\/\/oexpressobr.com.br\/index.php?rest_route=\/wp\/v2\/users\/1"}],"replies":[{"embeddable":true,"href":"https:\/\/oexpressobr.com.br\/index.php?rest_route=%2Fwp%2Fv2%2Fcomments&post=526"}],"version-history":[{"count":0,"href":"https:\/\/oexpressobr.com.br\/index.php?rest_route=\/wp\/v2\/posts\/526\/revisions"}],"wp:featuredmedia":[{"embeddable":true,"href":"https:\/\/oexpressobr.com.br\/index.php?rest_route=\/wp\/v2\/media\/527"}],"wp:attachment":[{"href":"https:\/\/oexpressobr.com.br\/index.php?rest_route=%2Fwp%2Fv2%2Fmedia&parent=526"}],"wp:term":[{"taxonomy":"category","embeddable":true,"href":"https:\/\/oexpressobr.com.br\/index.php?rest_route=%2Fwp%2Fv2%2Fcategories&post=526"},{"taxonomy":"post_tag","embeddable":true,"href":"https:\/\/oexpressobr.com.br\/index.php?rest_route=%2Fwp%2Fv2%2Ftags&post=526"}],"curies":[{"name":"wp","href":"https:\/\/api.w.org\/{rel}","templated":true}]}}