{"id":5260,"date":"2026-03-07T11:18:32","date_gmt":"2026-03-07T14:18:32","guid":{"rendered":"https:\/\/oexpressobr.com.br\/?p=5260"},"modified":"2026-03-07T11:18:41","modified_gmt":"2026-03-07T14:18:41","slug":"adolescente-e-quatro-adultos-estao-sob-custodia-por-estupro-coletivo-em-copacabana","status":"publish","type":"post","link":"https:\/\/oexpressobr.com.br\/?p=5260","title":{"rendered":"Adolescente e quatro adultos est\u00e3o sob cust\u00f3dia por estupro coletivo em Copacabana"},"content":{"rendered":"\n<p class=\"wp-block-paragraph\">\u200bO \u00faltimo envolvido no caso de estupro coletivo contra uma adolescente de 17 anos em Copacabana, na Zona Sul do Rio de Janeiro, entregou-se \u00e0s autoridades nesta sexta-feira (6). O jovem, tamb\u00e9m de 17 anos, apresentou-se na <strong>54\u00aa DP (Belford Roxo)<\/strong> acompanhado de seu advogado, ap\u00f3s o cerco policial se intensificar com a expedi\u00e7\u00e3o de um mandado de busca e apreens\u00e3o.<\/p>\n\n\n\n<p class=\"wp-block-paragraph\">\u200bCom a apreens\u00e3o do menor, todos os cinco suspeitos identificados pela Pol\u00edcia Civil j\u00e1 est\u00e3o detidos. O grupo \u00e9 acusado de planejar uma emboscada no dia 31 de janeiro, onde a v\u00edtima teria sido atra\u00edda pelo adolescente \u2014 com quem mantinha um relacionamento \u2014 para um apartamento alugado por temporada, onde sofreu as agress\u00f5es sexuais e f\u00edsicas.<\/p>\n\n\n\n<h3 class=\"wp-block-heading\">\u200bDetalhes da investiga\u00e7\u00e3o e situa\u00e7\u00e3o dos r\u00e9us<\/h3>\n\n\n\n<p class=\"wp-block-paragraph\">\u200bA investiga\u00e7\u00e3o, conduzida pela <strong>12\u00aa DP (Copacabana)<\/strong>, aponta que o crime foi marcado por extrema brutalidade. Exames de corpo de delito confirmaram les\u00f5es graves na v\u00edtima, compat\u00edveis com o relato de agress\u00f5es f\u00edsicas durante o ato.<\/p>\n\n\n\n<ul class=\"wp-block-list\">\n<li>\u200b<strong>O adolescente:<\/strong> Responder\u00e1 por ato infracional an\u00e1logo ao crime de estupro. De acordo com o Estatuto da Crian\u00e7a e do Adolescente (ECA), sua identidade \u00e9 preservada.<\/li>\n\n\n\n<li>\u200b<strong>Os adultos:<\/strong> Quatro homens, com idades entre 18 e 19 anos, j\u00e1 haviam se entregado ao longo da semana. S\u00e3o eles:\n<ul class=\"wp-block-list\">\n<li>\u200b<strong>Mattheus Verissimo Zoel Martins (19 anos)<\/strong><\/li>\n\n\n\n<li>\u200b<strong>Jo\u00e3o Gabriel Xavier Bertho (19 anos)<\/strong><\/li>\n\n\n\n<li>\u200b<strong>Vitor Hugo Oliveira Simonin (18 anos)<\/strong><\/li>\n\n\n\n<li>\u200b<strong>Bruno Felipe dos Santos Allegretti (18 anos)<\/strong><\/li>\n<\/ul>\n<\/li>\n<\/ul>\n\n\n\n<p class=\"wp-block-paragraph\">\u200bOs adultos responder\u00e3o pelos crimes de <strong>estupro qualificado<\/strong> (devido \u00e0 idade da v\u00edtima) e <strong>c\u00e1rcere privado<\/strong>. Alguns dos envolvidos sofreram san\u00e7\u00f5es imediatas de institui\u00e7\u00f5es com as quais tinham v\u00ednculo: a Unirio suspendeu Bruno Felipe por 120 dias, e o Serrano Football Club rescindiu o contrato de Jo\u00e3o Gabriel.<\/p>\n\n\n\n<h3 class=\"wp-block-heading\">\u200bDesdobramentos e novas den\u00fancias<\/h3>\n\n\n\n<p class=\"wp-block-paragraph\">\u200bO caso ganhou repercuss\u00e3o nacional e encorajou outras jovens a procurarem a pol\u00edcia. O delegado \u00c2ngelo Lages confirmou que pelo menos <strong>outros dois inqu\u00e9ritos<\/strong> foram abertos para investigar crimes semelhantes que teriam sido cometidos pelo mesmo grupo em anos anteriores, utilizando o mesmo <em>modus operandi<\/em> de atrair v\u00edtimas para apartamentos.<\/p>\n\n\n\n<p class=\"wp-block-paragraph\">\u200bO Minist\u00e9rio P\u00fablico e a Pol\u00edcia Civil seguem com as dilig\u00eancias, incluindo o pedido de quebra de sigilo telef\u00f4nico dos aparelhos apreendidos para identificar poss\u00edveis novos elementos e provas da premedita\u00e7\u00e3o do crime.<\/p>\n","protected":false},"excerpt":{"rendered":"<p>\u200bO \u00faltimo envolvido no caso de estupro coletivo contra uma adolescente de 17 anos em Copacabana, na Zona Sul do Rio de Janeiro, entregou-se \u00e0s [&#8230;]<\/p>\n","protected":false},"author":1,"featured_media":5261,"comment_status":"open","ping_status":"open","sticky":false,"template":"","format":"standard","meta":{"_crdt_document":"","_jetpack_memberships_contains_paid_content":false,"footnotes":"","jetpack_publicize_message":"","jetpack_publicize_feature_enabled":true,"jetpack_social_post_already_shared":true,"jetpack_social_options":{"image_generator_settings":{"template":"highway","default_image_id":0,"font":"","enabled":false},"version":2}},"categories":[9],"tags":[],"class_list":["post-5260","post","type-post","status-publish","format-standard","has-post-thumbnail","hentry","category-policia"],"jetpack_publicize_connections":[],"jetpack_featured_media_url":"https:\/\/i0.wp.com\/oexpressobr.com.br\/wp-content\/uploads\/2026\/03\/IMG-20260307-WA0118.jpg?fit=615%2C470&ssl=1","jetpack_likes_enabled":true,"jetpack_sharing_enabled":true,"_links":{"self":[{"href":"https:\/\/oexpressobr.com.br\/index.php?rest_route=\/wp\/v2\/posts\/5260","targetHints":{"allow":["GET"]}}],"collection":[{"href":"https:\/\/oexpressobr.com.br\/index.php?rest_route=\/wp\/v2\/posts"}],"about":[{"href":"https:\/\/oexpressobr.com.br\/index.php?rest_route=\/wp\/v2\/types\/post"}],"author":[{"embeddable":true,"href":"https:\/\/oexpressobr.com.br\/index.php?rest_route=\/wp\/v2\/users\/1"}],"replies":[{"embeddable":true,"href":"https:\/\/oexpressobr.com.br\/index.php?rest_route=%2Fwp%2Fv2%2Fcomments&post=5260"}],"version-history":[{"count":1,"href":"https:\/\/oexpressobr.com.br\/index.php?rest_route=\/wp\/v2\/posts\/5260\/revisions"}],"predecessor-version":[{"id":5262,"href":"https:\/\/oexpressobr.com.br\/index.php?rest_route=\/wp\/v2\/posts\/5260\/revisions\/5262"}],"wp:featuredmedia":[{"embeddable":true,"href":"https:\/\/oexpressobr.com.br\/index.php?rest_route=\/wp\/v2\/media\/5261"}],"wp:attachment":[{"href":"https:\/\/oexpressobr.com.br\/index.php?rest_route=%2Fwp%2Fv2%2Fmedia&parent=5260"}],"wp:term":[{"taxonomy":"category","embeddable":true,"href":"https:\/\/oexpressobr.com.br\/index.php?rest_route=%2Fwp%2Fv2%2Fcategories&post=5260"},{"taxonomy":"post_tag","embeddable":true,"href":"https:\/\/oexpressobr.com.br\/index.php?rest_route=%2Fwp%2Fv2%2Ftags&post=5260"}],"curies":[{"name":"wp","href":"https:\/\/api.w.org\/{rel}","templated":true}]}}