{"id":5263,"date":"2026-03-07T11:23:45","date_gmt":"2026-03-07T14:23:45","guid":{"rendered":"https:\/\/oexpressobr.com.br\/?p=5263"},"modified":"2026-03-07T11:23:55","modified_gmt":"2026-03-07T14:23:55","slug":"moraes-nega-recebimento-de-mensagens-de-daniel-vorcaro-e-aponta-inconsistencia-em-dados","status":"publish","type":"post","link":"https:\/\/oexpressobr.com.br\/?p=5263","title":{"rendered":"Moraes nega recebimento de mensagens de Daniel Vorcaro e aponta inconsist\u00eancia em dados"},"content":{"rendered":"\n<p class=\"wp-block-paragraph\">\u200bO ministro do Supremo Tribunal Federal (STF), <strong>Alexandre de Moraes<\/strong>, negou oficialmente nesta semana ter recebido mensagens de &#8220;visualiza\u00e7\u00e3o \u00fanica&#8221; enviadas pelo banqueiro <strong>Daniel Vorcaro<\/strong>, do Banco Master. A manifesta\u00e7\u00e3o surge como uma resposta direta \u00e0s recentes not\u00edcias veiculadas pela imprensa que sugeriam uma intera\u00e7\u00e3o privada entre o magistrado e o empres\u00e1rio em novembro de 2025.<\/p>\n\n\n\n<h3 class=\"wp-block-heading\">\u200bA contesta\u00e7\u00e3o dos dados<\/h3>\n\n\n\n<p class=\"wp-block-paragraph\">\u200bEm nota oficial, Moraes esclareceu que as informa\u00e7\u00f5es de contato contidas nos registros divulgados \u2014 especificamente o n\u00famero de telefone vinculado ao destinat\u00e1rio \u2014 <strong>n\u00e3o coincidem<\/strong> com seus dados pessoais ou funcionais.<\/p>\n\n\n\n<p class=\"wp-block-paragraph\">\u200bO cerne da quest\u00e3o envolve supostas mensagens enviadas no dia <strong>17 de novembro de 2025<\/strong>. Segundo a defesa do magistrado, a diverg\u00eancia t\u00e9cnica nos metadados prova que ele n\u00e3o foi o interlocutor de Vorcaro, desmentindo qualquer tentativa de vincular sua imagem a di\u00e1logos informais com o banqueiro.<\/p>\n\n\n\n<h3 class=\"wp-block-heading\">\u200bO contexto do caso<\/h3>\n\n\n\n<p class=\"wp-block-paragraph\">\u200bA pol\u00eamica ganhou tra\u00e7\u00e3o ap\u00f3s colunas jornal\u00edsticas apontarem que Vorcaro teria utilizado o recurso de mensagens tempor\u00e1rias (que desaparecem ap\u00f3s serem lidas) para tratar de temas n\u00e3o especificados. O Banco Master tem estado sob os holofotes do Judici\u00e1rio e do mercado financeiro, o que torna qualquer proximidade entre seus executivos e membros da Suprema Corte um tema de alta sensibilidade pol\u00edtica e jur\u00eddica.<\/p>\n\n\n\n<blockquote class=\"wp-block-quote is-layout-flow wp-block-quote-is-layout-flow\">\n<p class=\"wp-block-paragraph\">\u200b&#8221;Os dados de contato n\u00e3o batem com o telefone de Moraes&#8221;, afirma o comunicado, reiterando que o ministro n\u00e3o utiliza os canais mencionados para comunica\u00e7\u00f5es de natureza processual ou pessoal com as partes envolvidas em casos sob an\u00e1lise.<\/p>\n<\/blockquote>\n\n\n\n<h3 class=\"wp-block-heading\">\u200bImplica\u00e7\u00f5es e pr\u00f3ximos passos<\/h3>\n\n\n\n<p class=\"wp-block-paragraph\">\u200bAt\u00e9 o momento, a equipe de Daniel Vorcaro n\u00e3o emitiu uma nova contraprova sobre a titularidade do n\u00famero para o qual as mensagens foram disparadas. O epis\u00f3dio refor\u00e7a o debate sobre a seguran\u00e7a digital e o uso de &#8220;prints&#8221; ou registros de aplicativos de mensagens como evid\u00eancias em Bras\u00edlia.<\/p>\n\n\n\n<ul class=\"wp-block-list\">\n<li>\u200b<strong>Verifica\u00e7\u00e3o:<\/strong> O STF deve manter o posicionamento de que qualquer di\u00e1logo institucional ocorre apenas nos autos dos processos.<\/li>\n\n\n\n<li>\u200b<strong>Investiga\u00e7\u00e3o:<\/strong> N\u00e3o se descarta a apura\u00e7\u00e3o sobre a origem dos prints para verificar se houve clonagem de perfil ou tentativa de personifica\u00e7\u00e3o do ministro.<\/li>\n<\/ul>\n","protected":false},"excerpt":{"rendered":"<p>\u200bO ministro do Supremo Tribunal Federal (STF), Alexandre de Moraes, negou oficialmente nesta semana ter recebido mensagens de &#8220;visualiza\u00e7\u00e3o \u00fanica&#8221; enviadas pelo banqueiro Daniel Vorcaro, [&#8230;]<\/p>\n","protected":false},"author":1,"featured_media":5264,"comment_status":"open","ping_status":"open","sticky":false,"template":"","format":"standard","meta":{"_crdt_document":"","_jetpack_memberships_contains_paid_content":false,"footnotes":"","jetpack_publicize_message":"","jetpack_publicize_feature_enabled":true,"jetpack_social_post_already_shared":true,"jetpack_social_options":{"image_generator_settings":{"template":"highway","default_image_id":0,"font":"","enabled":false},"version":2}},"categories":[8],"tags":[],"class_list":["post-5263","post","type-post","status-publish","format-standard","has-post-thumbnail","hentry","category-judiciario"],"jetpack_publicize_connections":[],"jetpack_featured_media_url":"https:\/\/i0.wp.com\/oexpressobr.com.br\/wp-content\/uploads\/2026\/03\/IMG-20260307-WA0117.jpg?fit=615%2C470&ssl=1","jetpack_likes_enabled":true,"jetpack_sharing_enabled":true,"_links":{"self":[{"href":"https:\/\/oexpressobr.com.br\/index.php?rest_route=\/wp\/v2\/posts\/5263","targetHints":{"allow":["GET"]}}],"collection":[{"href":"https:\/\/oexpressobr.com.br\/index.php?rest_route=\/wp\/v2\/posts"}],"about":[{"href":"https:\/\/oexpressobr.com.br\/index.php?rest_route=\/wp\/v2\/types\/post"}],"author":[{"embeddable":true,"href":"https:\/\/oexpressobr.com.br\/index.php?rest_route=\/wp\/v2\/users\/1"}],"replies":[{"embeddable":true,"href":"https:\/\/oexpressobr.com.br\/index.php?rest_route=%2Fwp%2Fv2%2Fcomments&post=5263"}],"version-history":[{"count":1,"href":"https:\/\/oexpressobr.com.br\/index.php?rest_route=\/wp\/v2\/posts\/5263\/revisions"}],"predecessor-version":[{"id":5265,"href":"https:\/\/oexpressobr.com.br\/index.php?rest_route=\/wp\/v2\/posts\/5263\/revisions\/5265"}],"wp:featuredmedia":[{"embeddable":true,"href":"https:\/\/oexpressobr.com.br\/index.php?rest_route=\/wp\/v2\/media\/5264"}],"wp:attachment":[{"href":"https:\/\/oexpressobr.com.br\/index.php?rest_route=%2Fwp%2Fv2%2Fmedia&parent=5263"}],"wp:term":[{"taxonomy":"category","embeddable":true,"href":"https:\/\/oexpressobr.com.br\/index.php?rest_route=%2Fwp%2Fv2%2Fcategories&post=5263"},{"taxonomy":"post_tag","embeddable":true,"href":"https:\/\/oexpressobr.com.br\/index.php?rest_route=%2Fwp%2Fv2%2Ftags&post=5263"}],"curies":[{"name":"wp","href":"https:\/\/api.w.org\/{rel}","templated":true}]}}