{"id":5269,"date":"2026-03-07T11:38:10","date_gmt":"2026-03-07T14:38:10","guid":{"rendered":"https:\/\/oexpressobr.com.br\/?p=5269"},"modified":"2026-03-07T11:38:19","modified_gmt":"2026-03-07T14:38:19","slug":"stf-e-congresso-mantem-impasse-sobre-futuro-do-ensino-domiciliar","status":"publish","type":"post","link":"https:\/\/oexpressobr.com.br\/?p=5269","title":{"rendered":"STF e Congresso mant\u00eam impasse sobre futuro do ensino domiciliar"},"content":{"rendered":"\n<p class=\"wp-block-paragraph\">\u200bO debate sobre a educa\u00e7\u00e3o domiciliar no Brasil ganhou novo f\u00f4lego nesta semana com a celebra\u00e7\u00e3o do <strong>Dia Nacional do Ensino Domiciliar<\/strong>. A data, embora simb\u00f3lica para as fam\u00edlias que adotam a pr\u00e1tica, ocorre em um momento de paralisia legislativa e de reafirma\u00e7\u00e3o de limites pelo <strong>Supremo Tribunal Federal (STF)<\/strong>. Atualmente, o Brasil vive um v\u00e1cuo legal: o STF j\u00e1 decidiu que a modalidade n\u00e3o \u00e9 inconstitucional, mas que s\u00f3 pode ser exercida ap\u00f3s a aprova\u00e7\u00e3o de uma lei federal que regulamente crit\u00e9rios de avalia\u00e7\u00e3o e socializa\u00e7\u00e3o.<\/p>\n\n\n\n<h3 class=\"wp-block-heading\">\u200bO cen\u00e1rio jur\u00eddico e legislativo em 2026<\/h3>\n\n\n\n<p class=\"wp-block-paragraph\">\u200bApesar de anos de tramita\u00e7\u00e3o, o <strong>Projeto de Lei 1.338\/2022<\/strong> (antigo PL 3.179\/2012), que j\u00e1 foi aprovado pela C\u00e2mara dos Deputados, ainda aguarda uma defini\u00e7\u00e3o final no Senado Federal. Recentemente, novas propostas, como o <strong>PL 6.029\/2025<\/strong> da deputada J\u00falia Zanatta (PL-SC), tentam avan\u00e7ar o tema sob o argumento de &#8220;liberdade educacional&#8221;, mas enfrentam forte resist\u00eancia de entidades ligadas \u00e0 educa\u00e7\u00e3o p\u00fablica e ao direito da crian\u00e7a.<\/p>\n\n\n\n<p class=\"wp-block-paragraph\">\u200bEm decis\u00f5es recentes (abril de 2025), a Primeira Turma do STF refor\u00e7ou que leis estaduais ou distritais que tentam liberar o homeschooling s\u00e3o inconstitucionais. Segundo o entendimento do ministro <strong>Fl\u00e1vio Dino<\/strong>, apenas o Congresso Nacional tem compet\u00eancia para legislar sobre diretrizes e bases da educa\u00e7\u00e3o nacional.<\/p>\n\n\n\n<h3 class=\"wp-block-heading\">\u200bPrincipais pontos do debate<\/h3>\n\n\n\n<p class=\"wp-block-paragraph\">\u200bO impasse entre defensores e cr\u00edticos gira em torno de pilares fundamentais da forma\u00e7\u00e3o do cidad\u00e3o:<\/p>\n\n\n\n<ul class=\"wp-block-list\">\n<li>\u200b<strong>Socializa\u00e7\u00e3o:<\/strong> Cr\u00edticos argumentam que a escola \u00e9 o ambiente insubstitu\u00edvel para o conv\u00edvio com a diversidade e o exerc\u00edcio da cidadania.<\/li>\n\n\n\n<li>\u200b<strong>Fiscaliza\u00e7\u00e3o:<\/strong> H\u00e1 preocupa\u00e7\u00e3o sobre como o Estado poder\u00e1 monitorar casos de evas\u00e3o escolar disfar\u00e7ada ou at\u00e9 situa\u00e7\u00f5es de abuso dom\u00e9stico que a escola costuma detectar.<\/li>\n\n\n\n<li>\u200b<strong>Direito de Escolha:<\/strong> Associa\u00e7\u00f5es como a <strong>ANED (Associa\u00e7\u00e3o Nacional de Ensino Domiciliar)<\/strong> defendem que os pais devem ter a primazia na escolha do g\u00eanero de instru\u00e7\u00e3o de seus filhos, conforme previsto em tratados internacionais de direitos humanos.<\/li>\n<\/ul>\n\n\n\n<h3 class=\"wp-block-heading\">\u200bO que as fam\u00edlias precisam saber agora<\/h3>\n\n\n\n<p class=\"wp-block-paragraph\">\u200bEnquanto a lei federal n\u00e3o \u00e9 sancionada, a pr\u00e1tica do ensino domiciliar permanece em uma &#8220;zona cinzenta&#8221;. Sem uma regulamenta\u00e7\u00e3o que estabele\u00e7a como os alunos ser\u00e3o avaliados, as fam\u00edlias podem enfrentar questionamentos do Conselho Tutelar e dificuldades para a emiss\u00e3o de certificados de conclus\u00e3o de curso, essenciais para o ingresso no ensino superior.<\/p>\n\n\n\n<blockquote class=\"wp-block-quote is-layout-flow wp-block-quote-is-layout-flow\">\n<p class=\"wp-block-paragraph\">\u200b<strong>Nota T\u00e9cnica:<\/strong> O C\u00f3digo Penal brasileiro ainda prev\u00ea o crime de <strong>abandono intelectual<\/strong> (Art. 246) para quem deixa de prover a instru\u00e7\u00e3o prim\u00e1ria de filho em idade escolar sem justa causa, o que torna a regulamenta\u00e7\u00e3o federal o \u00fanico caminho seguro para os adeptos do modelo.<\/p>\n<\/blockquote>\n","protected":false},"excerpt":{"rendered":"<p>\u200bO debate sobre a educa\u00e7\u00e3o domiciliar no Brasil ganhou novo f\u00f4lego nesta semana com a celebra\u00e7\u00e3o do Dia Nacional do Ensino Domiciliar. A data, embora [&#8230;]<\/p>\n","protected":false},"author":1,"featured_media":5270,"comment_status":"open","ping_status":"open","sticky":false,"template":"","format":"standard","meta":{"_crdt_document":"","_jetpack_memberships_contains_paid_content":false,"footnotes":"","jetpack_publicize_message":"","jetpack_publicize_feature_enabled":true,"jetpack_social_post_already_shared":true,"jetpack_social_options":{"image_generator_settings":{"template":"highway","default_image_id":0,"font":"","enabled":false},"version":2}},"categories":[3],"tags":[],"class_list":["post-5269","post","type-post","status-publish","format-standard","has-post-thumbnail","hentry","category-brasil"],"jetpack_publicize_connections":[],"jetpack_featured_media_url":"https:\/\/i0.wp.com\/oexpressobr.com.br\/wp-content\/uploads\/2026\/03\/IMG-20260307-WA0126.png?fit=1687%2C1057&ssl=1","jetpack_likes_enabled":true,"jetpack_sharing_enabled":true,"_links":{"self":[{"href":"https:\/\/oexpressobr.com.br\/index.php?rest_route=\/wp\/v2\/posts\/5269","targetHints":{"allow":["GET"]}}],"collection":[{"href":"https:\/\/oexpressobr.com.br\/index.php?rest_route=\/wp\/v2\/posts"}],"about":[{"href":"https:\/\/oexpressobr.com.br\/index.php?rest_route=\/wp\/v2\/types\/post"}],"author":[{"embeddable":true,"href":"https:\/\/oexpressobr.com.br\/index.php?rest_route=\/wp\/v2\/users\/1"}],"replies":[{"embeddable":true,"href":"https:\/\/oexpressobr.com.br\/index.php?rest_route=%2Fwp%2Fv2%2Fcomments&post=5269"}],"version-history":[{"count":1,"href":"https:\/\/oexpressobr.com.br\/index.php?rest_route=\/wp\/v2\/posts\/5269\/revisions"}],"predecessor-version":[{"id":5271,"href":"https:\/\/oexpressobr.com.br\/index.php?rest_route=\/wp\/v2\/posts\/5269\/revisions\/5271"}],"wp:featuredmedia":[{"embeddable":true,"href":"https:\/\/oexpressobr.com.br\/index.php?rest_route=\/wp\/v2\/media\/5270"}],"wp:attachment":[{"href":"https:\/\/oexpressobr.com.br\/index.php?rest_route=%2Fwp%2Fv2%2Fmedia&parent=5269"}],"wp:term":[{"taxonomy":"category","embeddable":true,"href":"https:\/\/oexpressobr.com.br\/index.php?rest_route=%2Fwp%2Fv2%2Fcategories&post=5269"},{"taxonomy":"post_tag","embeddable":true,"href":"https:\/\/oexpressobr.com.br\/index.php?rest_route=%2Fwp%2Fv2%2Ftags&post=5269"}],"curies":[{"name":"wp","href":"https:\/\/api.w.org\/{rel}","templated":true}]}}