{"id":5276,"date":"2026-03-07T11:53:04","date_gmt":"2026-03-07T14:53:04","guid":{"rendered":"https:\/\/oexpressobr.com.br\/?p=5276"},"modified":"2026-03-07T11:53:14","modified_gmt":"2026-03-07T14:53:14","slug":"justica-mantem-arquivamento-de-investigacao-contra-flavio-bolsonaro-e-caso-das-rachadinhas-segue-sem-respostas","status":"publish","type":"post","link":"https:\/\/oexpressobr.com.br\/?p=5276","title":{"rendered":"Justi\u00e7a mant\u00e9m arquivamento de investiga\u00e7\u00e3o contra Fl\u00e1vio Bolsonaro e caso das rachadinhas segue sem respostas"},"content":{"rendered":"\n<p class=\"wp-block-paragraph\">\u200bO desfecho jur\u00eddico do caso das &#8220;rachadinhas&#8221;, envolvendo o senador <strong>Fl\u00e1vio Bolsonaro (PL-RJ)<\/strong> e seu ex-assessor <strong>Fabr\u00edcio Queiroz<\/strong>, consolidou-se em mar\u00e7o de 2026 com a manuten\u00e7\u00e3o do arquivamento das investiga\u00e7\u00f5es. Apesar das tentativas recentes do Minist\u00e9rio P\u00fablico do Rio de Janeiro (MP-RJ) de reabrir as apura\u00e7\u00f5es, o Tribunal de Justi\u00e7a do Rio de Janeiro (TJ-RJ) negou os novos pedidos de quebra de sigilo, reafirmando decis\u00f5es de inst\u00e2ncias superiores que anularam as provas principais do processo.<\/p>\n\n\n\n<h3 class=\"wp-block-heading\">\u200bO labirinto jur\u00eddico e as provas anuladas<\/h3>\n\n\n\n<p class=\"wp-block-paragraph\">\u200bO caso, que teve in\u00edcio em 2018 ap\u00f3s relat\u00f3rios do antigo Coaf apontarem movimenta\u00e7\u00f5es at\u00edpicas de R$ 1,2 milh\u00e3o na conta de Queiroz, enfrentou uma s\u00e9rie de reviravoltas. A defesa do senador obteve vit\u00f3rias cruciais no <strong>Superior Tribunal de Justi\u00e7a (STJ)<\/strong> e no <strong>Supremo Tribunal Federal (STF)<\/strong>, que consideraram ilegais as quebras de sigilo banc\u00e1rio e fiscal e invalidaram as decis\u00f5es tomadas por ju\u00edzes de primeira inst\u00e2ncia, sob o argumento de que Fl\u00e1vio possu\u00eda prerrogativa de foro (foro privilegiado) como deputado estadual na \u00e9poca dos fatos.<\/p>\n\n\n\n<p class=\"wp-block-paragraph\">\u200bCom a anula\u00e7\u00e3o das provas, o m\u00e9rito das acusa\u00e7\u00f5es \u2014 que inclu\u00edam peculato, lavagem de dinheiro e organiza\u00e7\u00e3o criminosa \u2014 nunca chegou a ser julgado de forma definitiva. O encerramento formal do caso deixa uma s\u00e9rie de lacunas sobre a din\u00e2mica financeira da fam\u00edlia:<\/p>\n\n\n\n<ul class=\"wp-block-list\">\n<li>\u200b<strong>Origem do dinheiro vivo:<\/strong> A investiga\u00e7\u00e3o original do MP-RJ apontava que despesas pessoais e o pagamento de parcelas de im\u00f3veis eram feitos com dinheiro em esp\u00e9cie, sem que houvesse saques correspondentes nas contas oficiais do senador.<\/li>\n\n\n\n<li>\u200b<strong>Transa\u00e7\u00f5es imobili\u00e1rias:<\/strong> Permanece sem explica\u00e7\u00e3o o dep\u00f3sito de <strong>R$ 638 mil<\/strong> em dinheiro vivo feito por um comprador de im\u00f3veis de Fl\u00e1vio no mesmo dia da transa\u00e7\u00e3o, valor este que n\u00e3o constava nas escrituras p\u00fablicas.<\/li>\n\n\n\n<li>\u200b<strong>O cofre compartilhado:<\/strong> A exist\u00eancia de um cofre no Banco do Brasil, mantido em conjunto com seu irm\u00e3o Carlos Bolsonaro por 12 anos, cujas datas de acesso coincidiam com opera\u00e7\u00f5es imobili\u00e1rias suspeitas, tamb\u00e9m ficou sem esclarecimentos oficiais.<\/li>\n<\/ul>\n\n\n\n<h3 class=\"wp-block-heading\">\u200bRepercuss\u00e3o pol\u00edtica e o cen\u00e1rio para 2026<\/h3>\n\n\n\n<p class=\"wp-block-paragraph\">\u200bNo atual contexto pol\u00edtico de mar\u00e7o de 2026, com o ex-presidente Jair Bolsonaro enfrentando restri\u00e7\u00f5es de liberdade e inelegibilidade, o nome de Fl\u00e1vio Bolsonaro surge como uma pe\u00e7a central no xadrez eleitoral. Aliados defendem sua candidatura ao Executivo, utilizando o desfecho judicial como uma &#8220;certid\u00e3o de idoneidade&#8221;. Por outro lado, a base governista promete transformar as perguntas n\u00e3o respondidas do caso das rachadinhas em um pilar de desgaste durante a campanha.<\/p>\n\n\n\n<blockquote class=\"wp-block-quote is-layout-flow wp-block-quote-is-layout-flow\">\n<p class=\"wp-block-paragraph\">\u200b<strong>OUTRO LADO:<\/strong> Em notas e entrevistas recentes, Fl\u00e1vio Bolsonaro reitera que o arquivamento \u00e9 a &#8220;prova irrefut\u00e1vel de sua honestidade&#8221;. O senador afirma que foi alvo de persegui\u00e7\u00e3o pol\u00edtica e que seu patrim\u00f4nio \u00e9 totalmente compat\u00edvel com seus rendimentos como parlamentar, advogado e empres\u00e1rio.<\/p>\n<\/blockquote>\n","protected":false},"excerpt":{"rendered":"<p>\u200bO desfecho jur\u00eddico do caso das &#8220;rachadinhas&#8221;, envolvendo o senador Fl\u00e1vio Bolsonaro (PL-RJ) e seu ex-assessor Fabr\u00edcio Queiroz, consolidou-se em mar\u00e7o de 2026 com a [&#8230;]<\/p>\n","protected":false},"author":1,"featured_media":5277,"comment_status":"open","ping_status":"open","sticky":false,"template":"","format":"standard","meta":{"_crdt_document":"","_jetpack_memberships_contains_paid_content":false,"footnotes":"","jetpack_publicize_message":"","jetpack_publicize_feature_enabled":true,"jetpack_social_post_already_shared":true,"jetpack_social_options":{"image_generator_settings":{"template":"highway","default_image_id":0,"font":"","enabled":false},"version":2}},"categories":[3],"tags":[],"class_list":["post-5276","post","type-post","status-publish","format-standard","has-post-thumbnail","hentry","category-brasil"],"jetpack_publicize_connections":[],"jetpack_featured_media_url":"https:\/\/i0.wp.com\/oexpressobr.com.br\/wp-content\/uploads\/2026\/03\/177284391469ab738a8c9cc_1772843914_3x2_xl.jpg?fit=1200%2C800&ssl=1","jetpack_likes_enabled":true,"jetpack_sharing_enabled":true,"_links":{"self":[{"href":"https:\/\/oexpressobr.com.br\/index.php?rest_route=\/wp\/v2\/posts\/5276","targetHints":{"allow":["GET"]}}],"collection":[{"href":"https:\/\/oexpressobr.com.br\/index.php?rest_route=\/wp\/v2\/posts"}],"about":[{"href":"https:\/\/oexpressobr.com.br\/index.php?rest_route=\/wp\/v2\/types\/post"}],"author":[{"embeddable":true,"href":"https:\/\/oexpressobr.com.br\/index.php?rest_route=\/wp\/v2\/users\/1"}],"replies":[{"embeddable":true,"href":"https:\/\/oexpressobr.com.br\/index.php?rest_route=%2Fwp%2Fv2%2Fcomments&post=5276"}],"version-history":[{"count":1,"href":"https:\/\/oexpressobr.com.br\/index.php?rest_route=\/wp\/v2\/posts\/5276\/revisions"}],"predecessor-version":[{"id":5278,"href":"https:\/\/oexpressobr.com.br\/index.php?rest_route=\/wp\/v2\/posts\/5276\/revisions\/5278"}],"wp:featuredmedia":[{"embeddable":true,"href":"https:\/\/oexpressobr.com.br\/index.php?rest_route=\/wp\/v2\/media\/5277"}],"wp:attachment":[{"href":"https:\/\/oexpressobr.com.br\/index.php?rest_route=%2Fwp%2Fv2%2Fmedia&parent=5276"}],"wp:term":[{"taxonomy":"category","embeddable":true,"href":"https:\/\/oexpressobr.com.br\/index.php?rest_route=%2Fwp%2Fv2%2Fcategories&post=5276"},{"taxonomy":"post_tag","embeddable":true,"href":"https:\/\/oexpressobr.com.br\/index.php?rest_route=%2Fwp%2Fv2%2Ftags&post=5276"}],"curies":[{"name":"wp","href":"https:\/\/api.w.org\/{rel}","templated":true}]}}