{"id":5280,"date":"2026-03-08T06:00:57","date_gmt":"2026-03-08T09:00:57","guid":{"rendered":"https:\/\/oexpressobr.com.br\/?p=5280"},"modified":"2026-03-08T06:01:07","modified_gmt":"2026-03-08T09:01:07","slug":"daniel-vorcaro-ciro-nogueira-e-antonio-rueda-sob-os-holofotes-do-caso-master","status":"publish","type":"post","link":"https:\/\/oexpressobr.com.br\/?p=5280","title":{"rendered":"Daniel Vorcaro, Ciro Nogueira e Antonio Rueda sob os holofotes do caso Master"},"content":{"rendered":"\n<p class=\"wp-block-paragraph\">A quebra de sigilo e as investiga\u00e7\u00f5es da Pol\u00edcia Federal sobre Daniel Vorcaro, fundador do Banco Master, revelaram conex\u00f5es estreitas entre o banqueiro e as c\u00fapulas do Congresso Nacional. Documentos recentes apontam que Vorcaro disponibilizou voos de helic\u00f3ptero para os presidentes do Progressistas (PP), senador Ciro Nogueira, e do Uni\u00e3o Brasil, Antonio Rueda, durante o Grande Pr\u00eamio de S\u00e3o Paulo de F\u00f3rmula 1, em novembro de 2024.<\/p>\n\n\n\n<p class=\"wp-block-paragraph\">\u200bOs registros, extra\u00eddos de e-mails da empresa PrimeYou (da qual Vorcaro era s\u00f3cio), detalham tr\u00eas voos realizados entre o heliporto do Kart\u00f3dromo Ayrton Senna, em Interlagos, e o Aeroporto de Congonhas. A lista de passageiros inclu\u00eda Antonio Rueda com sete convidados, o pr\u00f3prio Daniel Vorcaro com outros sete e, por fim, uma reserva exclusiva em nome de Ciro Nogueira. A aeronave utilizada, identificada pelo prefixo PS-MAS, \u00e9 avaliada em cerca de R$ 16,4 milh\u00f5es.<\/p>\n\n\n\n<h3 class=\"wp-block-heading\">\u200bA &#8220;emenda bomba at\u00f4mica&#8221; e a amizade \u00edntima<\/h3>\n\n\n\n<p class=\"wp-block-paragraph\">\u200bAl\u00e9m do transporte de luxo, as mensagens obtidas pela PF revelam uma rela\u00e7\u00e3o de intimidade e troca de favores. Em conversas com sua ent\u00e3o namorada, a influenciadora Martha Graeff, Vorcaro descreveu Ciro Nogueira como &#8220;um dos meus grandes amigos de vida&#8221;.<\/p>\n\n\n\n<p class=\"wp-block-paragraph\">\u200bO ponto mais sens\u00edvel da investiga\u00e7\u00e3o reside em uma emenda apresentada pelo senador que elevava a garantia do Fundo Garantidor de Cr\u00e9ditos (FGC) de R$ 250 mil para R$ 1 milh\u00e3o por investidor. Em mensagens comemorativas, o banqueiro classificou o projeto como uma &#8220;bomba at\u00f4mica no mercado financeiro&#8221;, afirmando que a medida beneficiaria bancos m\u00e9dios \u2014 como o Master \u2014 e &#8220;tiraria o poder dos grandes&#8221;. Na ocasi\u00e3o, Vorcaro escreveu: &#8220;Est\u00e1 todo mundo louco. Sentiram o golpe&#8221;.<\/p>\n\n\n\n<h3 class=\"wp-block-heading\">\u200bDesdobramentos pol\u00edticos e federa\u00e7\u00e3o em jogo<\/h3>\n\n\n\n<p class=\"wp-block-paragraph\">\u200bA divulga\u00e7\u00e3o desses dados ocorre em um momento cr\u00edtico para a pol\u00edtica nacional. Ciro Nogueira e Antonio Rueda lideram o processo de cria\u00e7\u00e3o da federa\u00e7\u00e3o &#8220;Uni\u00e3o Progressista&#8221;, que, se homologada pelo TSE at\u00e9 abril de 2026, consolidar\u00e1 as duas siglas como a maior for\u00e7a partid\u00e1ria do pa\u00eds. O envolvimento de seus nomes no &#8220;Caso Master&#8221; gera ru\u00eddos na articula\u00e7\u00e3o dessa alian\u00e7a e atrai a aten\u00e7\u00e3o da CPMI do INSS, que investiga irregularidades financeiras e conex\u00f5es pol\u00edticas.<\/p>\n\n\n\n<h3 class=\"wp-block-heading\">\u200bO outro lado<\/h3>\n\n\n\n<p class=\"wp-block-paragraph\">\u200bEm nota, o senador Ciro Nogueira confirmou sua presen\u00e7a no evento de F\u00f3rmula 1, mas negou enfaticamente o uso do helic\u00f3ptero de Vorcaro, afirmando que seu deslocamento foi realizado de van. Ele declarou estar &#8220;tranquilo&#8221; quanto \u00e0s investiga\u00e7\u00f5es e justificou que mant\u00e9m di\u00e1logos com centenas de pessoas, o que n\u00e3o implica proximidade indevida.<\/p>\n\n\n\n<p class=\"wp-block-paragraph\">\u200bAt\u00e9 o momento, Antonio Rueda n\u00e3o se manifestou detalhadamente sobre a reserva de voo em seu nome. A defesa de Daniel Vorcaro tem reiterado em posicionamentos anteriores que o banqueiro jamais tentou obstruir a Justi\u00e7a e que suas rela\u00e7\u00f5es institucionais seguiram a legalidade.<\/p>\n","protected":false},"excerpt":{"rendered":"<p>A quebra de sigilo e as investiga\u00e7\u00f5es da Pol\u00edcia Federal sobre Daniel Vorcaro, fundador do Banco Master, revelaram conex\u00f5es estreitas entre o banqueiro e as [&#8230;]<\/p>\n","protected":false},"author":1,"featured_media":5281,"comment_status":"open","ping_status":"open","sticky":false,"template":"","format":"standard","meta":{"_crdt_document":"","_jetpack_memberships_contains_paid_content":false,"footnotes":"","jetpack_publicize_message":"","jetpack_publicize_feature_enabled":true,"jetpack_social_post_already_shared":true,"jetpack_social_options":{"image_generator_settings":{"template":"highway","default_image_id":0,"font":"","enabled":false},"version":2}},"categories":[3],"tags":[],"class_list":["post-5280","post","type-post","status-publish","format-standard","has-post-thumbnail","hentry","category-brasil"],"jetpack_publicize_connections":[],"jetpack_featured_media_url":"https:\/\/i0.wp.com\/oexpressobr.com.br\/wp-content\/uploads\/2026\/03\/IMG-20260308-WA0074.jpg?fit=1200%2C800&ssl=1","jetpack_likes_enabled":true,"jetpack_sharing_enabled":true,"_links":{"self":[{"href":"https:\/\/oexpressobr.com.br\/index.php?rest_route=\/wp\/v2\/posts\/5280","targetHints":{"allow":["GET"]}}],"collection":[{"href":"https:\/\/oexpressobr.com.br\/index.php?rest_route=\/wp\/v2\/posts"}],"about":[{"href":"https:\/\/oexpressobr.com.br\/index.php?rest_route=\/wp\/v2\/types\/post"}],"author":[{"embeddable":true,"href":"https:\/\/oexpressobr.com.br\/index.php?rest_route=\/wp\/v2\/users\/1"}],"replies":[{"embeddable":true,"href":"https:\/\/oexpressobr.com.br\/index.php?rest_route=%2Fwp%2Fv2%2Fcomments&post=5280"}],"version-history":[{"count":1,"href":"https:\/\/oexpressobr.com.br\/index.php?rest_route=\/wp\/v2\/posts\/5280\/revisions"}],"predecessor-version":[{"id":5282,"href":"https:\/\/oexpressobr.com.br\/index.php?rest_route=\/wp\/v2\/posts\/5280\/revisions\/5282"}],"wp:featuredmedia":[{"embeddable":true,"href":"https:\/\/oexpressobr.com.br\/index.php?rest_route=\/wp\/v2\/media\/5281"}],"wp:attachment":[{"href":"https:\/\/oexpressobr.com.br\/index.php?rest_route=%2Fwp%2Fv2%2Fmedia&parent=5280"}],"wp:term":[{"taxonomy":"category","embeddable":true,"href":"https:\/\/oexpressobr.com.br\/index.php?rest_route=%2Fwp%2Fv2%2Fcategories&post=5280"},{"taxonomy":"post_tag","embeddable":true,"href":"https:\/\/oexpressobr.com.br\/index.php?rest_route=%2Fwp%2Fv2%2Ftags&post=5280"}],"curies":[{"name":"wp","href":"https:\/\/api.w.org\/{rel}","templated":true}]}}