{"id":5289,"date":"2026-03-08T06:20:34","date_gmt":"2026-03-08T09:20:34","guid":{"rendered":"https:\/\/oexpressobr.com.br\/?p=5289"},"modified":"2026-03-08T06:20:43","modified_gmt":"2026-03-08T09:20:43","slug":"trump-milei-bukele-e-kast-selam-o-escudo-das-americas-em-encontro-na-florida","status":"publish","type":"post","link":"https:\/\/oexpressobr.com.br\/?p=5289","title":{"rendered":"Trump, Milei, Bukele e Kast selam o &#8220;Escudo das Am\u00e9ricas&#8221; em encontro na Fl\u00f3rida"},"content":{"rendered":"\n<p class=\"wp-block-paragraph\">\u200bO presidente dos Estados Unidos, Donald Trump, presidiu neste s\u00e1bado (7) o encontro de c\u00fapula do grupo batizado de &#8220;Escudo das Am\u00e9ricas&#8221;, realizado em seu resort particular na cidade de Doral, nos arredores de Miami. A iniciativa busca consolidar uma coaliz\u00e3o conservadora no continente para isolar a influ\u00eancia da China e combater o avan\u00e7o de cart\u00e9is do narcotr\u00e1fico atrav\u00e9s de uma coopera\u00e7\u00e3o militar sem precedentes.<\/p>\n\n\n\n<p class=\"wp-block-paragraph\">\u200bO encontro reuniu 12 l\u00edderes regionais rigorosamente selecionados pelo alinhamento ideol\u00f3gico com a Casa Branca. Entre os nomes de maior destaque estavam Javier Milei (Argentina), Nayib Bukele (El Salvador) e Jos\u00e9 Antonio Kast (presidente eleito do Chile). A lista de presen\u00e7as tamb\u00e9m incluiu os presidentes Daniel Noboa (Equador), Santiago Pe\u00f1a (Paraguai) e Rodrigo Paz Pereira (Bol\u00edvia), al\u00e9m de representantes da Costa Rica, Honduras e Panam\u00e1.<\/p>\n\n\n\n<p class=\"wp-block-paragraph\">\u200b<strong>Foco em seguran\u00e7a militar e isolamento de Cuba<\/strong><\/p>\n\n\n\n<p class=\"wp-block-paragraph\">Durante o evento, Trump anunciou a cria\u00e7\u00e3o de uma &#8220;coaliz\u00e3o militar&#8221; para erradicar o crime organizado, sugerindo inclusive o uso de m\u00edsseis de precis\u00e3o contra lideran\u00e7as de cart\u00e9is. &#8220;A regi\u00e3o de voc\u00eas foi abandonada pelos EUA, que olhou para lugares onde nem era bem-vindo. Agora vamos fazer coisas incr\u00edveis&#8221;, declarou o republicano.<\/p>\n\n\n\n<p class=\"wp-block-paragraph\">\u200bUm dos momentos mais fortes do discurso foi direcionado a Cuba. Trump afirmou que a ilha est\u00e1 em seus &#8220;\u00faltimos momentos de vida&#8221; e que o secret\u00e1rio de Estado, Marco Rubio, dedicar\u00e1 tempo para negociar um acordo que decrete o fim do atual regime.<\/p>\n\n\n\n<p class=\"wp-block-paragraph\">\u200b<strong>Aus\u00eancia de grandes pot\u00eancias regionais<\/strong><\/p>\n\n\n\n<p class=\"wp-block-paragraph\">A c\u00fapula evidenciou a divis\u00e3o geopol\u00edtica na Am\u00e9rica Latina ao excluir l\u00edderes de esquerda e centro-esquerda. O presidente brasileiro Luiz In\u00e1cio Lula da Silva n\u00e3o foi convidado, assim como a presidente do M\u00e9xico, Claudia Sheinbaum, e o colombiano Gustavo Petro.<\/p>\n\n\n\n<p class=\"wp-block-paragraph\">\u200bApesar de n\u00e3o ter convidado Sheinbaum, Trump citou o M\u00e9xico repetidas vezes como o &#8220;ponto mais delicado&#8221; da regi\u00e3o devido \u00e0 viol\u00eancia das fac\u00e7\u00f5es criminosas. Para analistas, o &#8220;Escudo das Am\u00e9ricas&#8221; funciona como uma nova vers\u00e3o da Doutrina Monroe \u2014 agora apelidada por aliados de &#8220;Doutrina Donroe&#8221; \u2014, focada em fechar as portas do hemisf\u00e9rio ocidental para investimentos chineses e garantir a hegemonia militar e econ\u00f4mica de Washington.<\/p>\n","protected":false},"excerpt":{"rendered":"<p>\u200bO presidente dos Estados Unidos, Donald Trump, presidiu neste s\u00e1bado (7) o encontro de c\u00fapula do grupo batizado de &#8220;Escudo das Am\u00e9ricas&#8221;, realizado em seu [&#8230;]<\/p>\n","protected":false},"author":1,"featured_media":5290,"comment_status":"open","ping_status":"open","sticky":false,"template":"","format":"standard","meta":{"_crdt_document":"","_jetpack_memberships_contains_paid_content":false,"footnotes":"","jetpack_publicize_message":"","jetpack_publicize_feature_enabled":true,"jetpack_social_post_already_shared":true,"jetpack_social_options":{"image_generator_settings":{"template":"highway","default_image_id":0,"font":"","enabled":false},"version":2}},"categories":[15],"tags":[],"class_list":["post-5289","post","type-post","status-publish","format-standard","has-post-thumbnail","hentry","category-internacional"],"jetpack_publicize_connections":[],"jetpack_featured_media_url":"https:\/\/i0.wp.com\/oexpressobr.com.br\/wp-content\/uploads\/2026\/03\/IMG-20260308-WA0082.jpg?fit=1080%2C1350&ssl=1","jetpack_likes_enabled":true,"jetpack_sharing_enabled":true,"_links":{"self":[{"href":"https:\/\/oexpressobr.com.br\/index.php?rest_route=\/wp\/v2\/posts\/5289","targetHints":{"allow":["GET"]}}],"collection":[{"href":"https:\/\/oexpressobr.com.br\/index.php?rest_route=\/wp\/v2\/posts"}],"about":[{"href":"https:\/\/oexpressobr.com.br\/index.php?rest_route=\/wp\/v2\/types\/post"}],"author":[{"embeddable":true,"href":"https:\/\/oexpressobr.com.br\/index.php?rest_route=\/wp\/v2\/users\/1"}],"replies":[{"embeddable":true,"href":"https:\/\/oexpressobr.com.br\/index.php?rest_route=%2Fwp%2Fv2%2Fcomments&post=5289"}],"version-history":[{"count":1,"href":"https:\/\/oexpressobr.com.br\/index.php?rest_route=\/wp\/v2\/posts\/5289\/revisions"}],"predecessor-version":[{"id":5291,"href":"https:\/\/oexpressobr.com.br\/index.php?rest_route=\/wp\/v2\/posts\/5289\/revisions\/5291"}],"wp:featuredmedia":[{"embeddable":true,"href":"https:\/\/oexpressobr.com.br\/index.php?rest_route=\/wp\/v2\/media\/5290"}],"wp:attachment":[{"href":"https:\/\/oexpressobr.com.br\/index.php?rest_route=%2Fwp%2Fv2%2Fmedia&parent=5289"}],"wp:term":[{"taxonomy":"category","embeddable":true,"href":"https:\/\/oexpressobr.com.br\/index.php?rest_route=%2Fwp%2Fv2%2Fcategories&post=5289"},{"taxonomy":"post_tag","embeddable":true,"href":"https:\/\/oexpressobr.com.br\/index.php?rest_route=%2Fwp%2Fv2%2Ftags&post=5289"}],"curies":[{"name":"wp","href":"https:\/\/api.w.org\/{rel}","templated":true}]}}