{"id":529,"date":"2025-12-10T04:22:27","date_gmt":"2025-12-10T07:22:27","guid":{"rendered":"https:\/\/oexpressobr.com.br\/?p=529"},"modified":"2025-12-10T04:22:28","modified_gmt":"2025-12-10T07:22:28","slug":"trinidad-e-tobago-e-estados-unidos-intensificam-manobras-militares-contra-o-narcotrafico-venezuelano-no-caribe","status":"publish","type":"post","link":"https:\/\/oexpressobr.com.br\/?p=529","title":{"rendered":"Trinidad e Tobago e Estados Unidos Intensificam Manobras Militares Contra o Narcotr\u00e1fico Venezuelano no Caribe"},"content":{"rendered":"\n<p class=\"wp-block-paragraph\">A tens\u00e3o geopol\u00edtica no Mar do Caribe atingiu novos patamares nas \u00faltimas semanas, com os Estados Unidos aprofundando suas opera\u00e7\u00f5es militares na regi\u00e3o e contando com o apoio expl\u00edcito de pa\u00edses e territ\u00f3rios insulares. Dentre eles, Trinidad e Tobago se destaca como o principal parceiro regional, cedendo espa\u00e7o e participando de exerc\u00edcios que t\u00eam como alvo declarado as embarca\u00e7\u00f5es ligadas ao narcotr\u00e1fico venezuelano.<\/p>\n\n\n\n<p class=\"wp-block-paragraph\">\u200bAs a\u00e7\u00f5es militares dos EUA, que se desenrolam no sul do Caribe, s\u00e3o justificadas por Washington como um esfor\u00e7o para combater o que o governo norte-americano classifica como &#8220;narcoterrorismo&#8221; e organiza\u00e7\u00f5es criminosas transnacionais, mirando diretamente o regime de Nicol\u00e1s Maduro, a quem acusa de chefiar o chamado &#8220;Cartel de Los Soles&#8221;.<\/p>\n\n\n\n<h3 class=\"wp-block-heading\">\u200bO Papel Central de Trinidad e Tobago<\/h3>\n\n\n\n<p class=\"wp-block-paragraph\">\u200bA coopera\u00e7\u00e3o entre Port of Spain e Washington tem sido um fator crucial para a Opera\u00e7\u00e3o, que alguns ve\u00edculos de imprensa referem como &#8220;Southern Spear&#8221; (Lan\u00e7a do Sul). O pa\u00eds caribenho n\u00e3o apenas declarou &#8220;apoio total&#8221; ao envio de recursos militares americanos, como tamb\u00e9m sediou manobras conjuntas de alto perfil.<\/p>\n\n\n\n<p class=\"wp-block-paragraph\">\u200bRecentemente, o destr\u00f3ier USS Gravely da Marinha norte-americana chegou a Trinidad e Tobago para a execu\u00e7\u00e3o de exerc\u00edcios militares pr\u00f3ximos \u00e0 costa venezuelana. A primeira-ministra de Trinidad e Tobago, Kamla Persad-Bissessar, defendeu a alian\u00e7a, afirmando que &#8220;o envio pelo governo dos Estados Unidos de recursos militares para o Caribe para destruir os cart\u00e9is terroristas do narcotr\u00e1fico conta com o apoio total&#8221; do seu governo, visando a seguran\u00e7a dos seus cidad\u00e3os.<\/p>\n\n\n\n<p class=\"wp-block-paragraph\">\u200bA postura trinitense levou a um r\u00e1pido e dr\u00e1stico deterioramento nas rela\u00e7\u00f5es diplom\u00e1ticas com Caracas. O governo de Nicol\u00e1s Maduro reagiu duramente, acusando o pa\u00eds vizinho de servir aos interesses dos EUA e chegando a declarar Kamla Persad-Bissessar como <em>persona non grata<\/em> na Venezuela.<\/p>\n\n\n\n<h3 class=\"wp-block-heading\">\u200bIntensifica\u00e7\u00e3o e A\u00e7\u00f5es de Alto Risco<\/h3>\n\n\n\n<p class=\"wp-block-paragraph\">\u200bAs \u00faltimas atualiza\u00e7\u00f5es da ofensiva americana indicam uma escalada na presen\u00e7a e na agressividade das opera\u00e7\u00f5es. Fontes do Comando Sul dos EUA e do Pent\u00e1gono confirmam o deslocamento de um grande contingente, estimado em mais de uma d\u00fazia de navios de guerra e cerca de 15 mil militares na regi\u00e3o.<\/p>\n\n\n\n<p class=\"wp-block-paragraph\">\u200bNos \u00faltimos meses, houve uma s\u00e9rie de ataques a embarca\u00e7\u00f5es suspeitas de tr\u00e1fico de drogas, tanto no Caribe quanto no Pac\u00edfico Oriental. Estes ataques, realizados com o uso de rob\u00f3tica e sistemas aut\u00f4nomos, resultaram em dezenas de mortes entre os supostos traficantes, referidos por oficiais americanos como &#8220;terroristas&#8221; ou &#8220;narcoterroristas&#8221;.<\/p>\n\n\n\n<p class=\"wp-block-paragraph\">\u200bUm dos incidentes mais recentes ocorreu no in\u00edcio de dezembro, quando o Comando Sul confirmou mais um ataque no Pac\u00edfico contra uma embarca\u00e7\u00e3o transportando narc\u00f3ticos, seguindo-se a outros ataques no Caribe em novembro e outubro. As a\u00e7\u00f5es geraram controv\u00e9rsia e press\u00e3o de congressistas, especialmente ap\u00f3s relatos de que alguns barcos atacados em \u00e1guas internacionais n\u00e3o tinham os Estados Unidos como destino final, mas sim pa\u00edses como o Suriname.<\/p>\n\n\n\n<h3 class=\"wp-block-heading\">\u200bResposta de Maduro e Risco de Escalada<\/h3>\n\n\n\n<p class=\"wp-block-paragraph\">\u200bEm resposta \u00e0 intensifica\u00e7\u00e3o da presen\u00e7a militar estrangeira em suas fronteiras mar\u00edtimas, o presidente venezuelano Nicol\u00e1s Maduro negou qualquer envolvimento com o tr\u00e1fico de drogas e elevou o tom de sua defesa. Caracas realizou exerc\u00edcios militares de grande escala e amea\u00e7ou &#8220;declarar constitucionalmente uma rep\u00fablica em armas&#8221; em caso de ataque. Maduro chegou a alegar possuir m\u00edsseis russos para defender o pa\u00eds.<\/p>\n\n\n\n<p class=\"wp-block-paragraph\">\u200bA presen\u00e7a de grandes ativos, como o porta-avi\u00f5es USS Gerald R. Ford na regi\u00e3o, e a ret\u00f3rica de Donald Trump, que em diferentes ocasi\u00f5es elogiou os ataques e n\u00e3o descartou a possibilidade de uma &#8220;ofensiva militar em terra&#8221; na Venezuela, colocam a regi\u00e3o em alerta m\u00e1ximo.<\/p>\n\n\n\n<p class=\"wp-block-paragraph\">\u200bAnalistas internacionais alertam, contudo, que uma invas\u00e3o terrestre na Venezuela seria improv\u00e1vel e um &#8220;tiro no p\u00e9&#8221; para os EUA, mas a press\u00e3o cont\u00ednua e a realiza\u00e7\u00e3o de ataques pontuais demonstram uma estrat\u00e9gia clara de Washington e seus aliados caribenhos para desestabilizar o alto escal\u00e3o do governo venezuelano e interromper o fluxo de narc\u00f3ticos para a Am\u00e9rica do Norte.<\/p>\n","protected":false},"excerpt":{"rendered":"<p>A tens\u00e3o geopol\u00edtica no Mar do Caribe atingiu novos patamares nas \u00faltimas semanas, com os Estados Unidos aprofundando suas opera\u00e7\u00f5es militares na regi\u00e3o e contando [&#8230;]<\/p>\n","protected":false},"author":1,"featured_media":530,"comment_status":"open","ping_status":"open","sticky":false,"template":"","format":"standard","meta":{"_crdt_document":"","_jetpack_memberships_contains_paid_content":false,"footnotes":"","jetpack_publicize_message":"","jetpack_publicize_feature_enabled":true,"jetpack_social_post_already_shared":false,"jetpack_social_options":{"image_generator_settings":{"template":"highway","default_image_id":0,"font":"","enabled":false},"version":2}},"categories":[15],"tags":[],"class_list":["post-529","post","type-post","status-publish","format-standard","has-post-thumbnail","hentry","category-internacional"],"jetpack_publicize_connections":[],"jetpack_featured_media_url":"https:\/\/i0.wp.com\/oexpressobr.com.br\/wp-content\/uploads\/2025\/12\/8cb09810-d449-11f0-8c06-f5d460985095.jpg.webp?fit=800%2C450&ssl=1","jetpack_likes_enabled":true,"jetpack_sharing_enabled":true,"_links":{"self":[{"href":"https:\/\/oexpressobr.com.br\/index.php?rest_route=\/wp\/v2\/posts\/529","targetHints":{"allow":["GET"]}}],"collection":[{"href":"https:\/\/oexpressobr.com.br\/index.php?rest_route=\/wp\/v2\/posts"}],"about":[{"href":"https:\/\/oexpressobr.com.br\/index.php?rest_route=\/wp\/v2\/types\/post"}],"author":[{"embeddable":true,"href":"https:\/\/oexpressobr.com.br\/index.php?rest_route=\/wp\/v2\/users\/1"}],"replies":[{"embeddable":true,"href":"https:\/\/oexpressobr.com.br\/index.php?rest_route=%2Fwp%2Fv2%2Fcomments&post=529"}],"version-history":[{"count":0,"href":"https:\/\/oexpressobr.com.br\/index.php?rest_route=\/wp\/v2\/posts\/529\/revisions"}],"wp:featuredmedia":[{"embeddable":true,"href":"https:\/\/oexpressobr.com.br\/index.php?rest_route=\/wp\/v2\/media\/530"}],"wp:attachment":[{"href":"https:\/\/oexpressobr.com.br\/index.php?rest_route=%2Fwp%2Fv2%2Fmedia&parent=529"}],"wp:term":[{"taxonomy":"category","embeddable":true,"href":"https:\/\/oexpressobr.com.br\/index.php?rest_route=%2Fwp%2Fv2%2Fcategories&post=529"},{"taxonomy":"post_tag","embeddable":true,"href":"https:\/\/oexpressobr.com.br\/index.php?rest_route=%2Fwp%2Fv2%2Ftags&post=529"}],"curies":[{"name":"wp","href":"https:\/\/api.w.org\/{rel}","templated":true}]}}