{"id":5295,"date":"2026-03-08T06:34:06","date_gmt":"2026-03-08T09:34:06","guid":{"rendered":"https:\/\/oexpressobr.com.br\/?p=5295"},"modified":"2026-03-08T06:34:15","modified_gmt":"2026-03-08T09:34:15","slug":"defesa-de-daniel-vorcaro-pede-ao-stf-acesso-a-dados-brutos-e-pericia-independente-em-celulares-apreendidos","status":"publish","type":"post","link":"https:\/\/oexpressobr.com.br\/?p=5295","title":{"rendered":"Defesa de Daniel Vorcaro pede ao STF acesso a dados brutos e per\u00edcia independente em celulares apreendidos"},"content":{"rendered":"\n<p class=\"wp-block-paragraph\">Os advogados do empres\u00e1rio Daniel Vorcaro, dono do Banco Master, protocolaram junto ao Supremo Tribunal Federal (STF) um pedido para obter acesso integral aos elementos t\u00e9cnicos e dados brutos extra\u00eddos dos aparelhos celulares apreendidos pela Pol\u00edcia Federal. A solicita\u00e7\u00e3o, coordenada pelos advogados Pierpaolo Bottini e Roberto Podval, visa permitir que um assistente t\u00e9cnico indicado pela defesa realize uma per\u00edcia pr\u00f3pria no material, com o objetivo de avaliar a licitude dos procedimentos de extra\u00e7\u00e3o e a integridade das provas digitais.<\/p>\n\n\n\n<p class=\"wp-block-paragraph\">\u200bA movimenta\u00e7\u00e3o da defesa ocorre em um momento de alta tens\u00e3o no caso, especialmente ap\u00f3s o vazamento de mensagens \u00edntimas e di\u00e1logos atribu\u00eddos ao banqueiro. Em decis\u00e3o recente, proferida na \u00faltima sexta-feira (6 de mar\u00e7o de 2026), o ministro Andr\u00e9 Mendon\u00e7a, atual relator das investiga\u00e7\u00f5es sobre o Banco Master no STF, determinou a abertura de um inqu\u00e9rito na Pol\u00edcia Federal para apurar a origem desses vazamentos. Mendon\u00e7a ressaltou que o tratamento das informa\u00e7\u00f5es deve respeitar garantias fundamentais e a preserva\u00e7\u00e3o da intimidade de terceiros.<\/p>\n\n\n\n<h3 class=\"wp-block-heading\">\u200bNovidades e desdobramentos t\u00e9cnicos<\/h3>\n\n\n\n<p class=\"wp-block-paragraph\">\u200bDe acordo com as atualiza\u00e7\u00f5es mais recentes do caso:<\/p>\n\n\n\n<ul class=\"wp-block-list\">\n<li>\u200b<strong>Acesso aos dados brutos:<\/strong> A defesa alega que o acesso concedido anteriormente foi parcial e que, sem as &#8220;imagens forenses completas&#8221; e os logs de extra\u00e7\u00e3o, n\u00e3o \u00e9 poss\u00edvel garantir que a cadeia de cust\u00f3dia das provas foi preservada.<\/li>\n\n\n\n<li>\u200b<strong>Novas apreens\u00f5es:<\/strong> Durante a terceira fase da Opera\u00e7\u00e3o Compliance Zero, realizada no dia 4 de mar\u00e7o, a Pol\u00edcia Federal apreendeu mais tr\u00eas celulares de Vorcaro em sua cela e em endere\u00e7os ligados a ele. Ao todo, a PF possui oito aparelhos sob an\u00e1lise, mas apenas o conte\u00fado de um deles foi processado integralmente at\u00e9 o momento.<\/li>\n\n\n\n<li>\u200b<strong>Pol\u00eamica com o Judici\u00e1rio:<\/strong> Mensagens divulgadas pela imprensa sugeriam di\u00e1logos entre Vorcaro e o ministro Alexandre de Moraes. O ministro negou veementemente qualquer contato, classificando as informa\u00e7\u00f5es como &#8220;ila\u00e7\u00e3o mentirosa&#8221;. A assessoria do STF complementou que as mensagens aparecem vinculadas a outros contatos no celular de Vorcaro, e n\u00e3o ao magistrado.<\/li>\n\n\n\n<li>\u200b<strong>Manifesta\u00e7\u00e3o de Dias Toffoli:<\/strong> O ministro Dias Toffoli tamb\u00e9m veio a p\u00fablico negar que tenha tido acesso ao conte\u00fado dos aparelhos durante o per\u00edodo em que foi relator do inqu\u00e9rito. Segundo Toffoli, o material s\u00f3 chegou ao STF ap\u00f3s a relatoria passar para Andr\u00e9 Mendon\u00e7a, em 12 de fevereiro.<\/li>\n<\/ul>\n\n\n\n<p class=\"wp-block-paragraph\">\u200bA Opera\u00e7\u00e3o Compliance Zero investiga um esquema bilion\u00e1rio de fraudes financeiras, lavagem de dinheiro e corrup\u00e7\u00e3o. A defesa de Vorcaro sustenta que o vazamento seletivo de mensagens &#8220;atrapalha os trabalhos de esclarecimento dos fatos&#8221; e busca, por meio da per\u00edcia t\u00e9cnica, invalidar elementos que possam ter sido manipulados ou obtidos de forma inadequada durante a cust\u00f3dia policial.<\/p>\n","protected":false},"excerpt":{"rendered":"<p>Os advogados do empres\u00e1rio Daniel Vorcaro, dono do Banco Master, protocolaram junto ao Supremo Tribunal Federal (STF) um pedido para obter acesso integral aos elementos [&#8230;]<\/p>\n","protected":false},"author":1,"featured_media":5296,"comment_status":"open","ping_status":"open","sticky":false,"template":"","format":"standard","meta":{"_crdt_document":"","_jetpack_memberships_contains_paid_content":false,"footnotes":"","jetpack_publicize_message":"","jetpack_publicize_feature_enabled":true,"jetpack_social_post_already_shared":true,"jetpack_social_options":{"image_generator_settings":{"template":"highway","default_image_id":0,"font":"","enabled":false},"version":2}},"categories":[9],"tags":[],"class_list":["post-5295","post","type-post","status-publish","format-standard","has-post-thumbnail","hentry","category-policia"],"jetpack_publicize_connections":[],"jetpack_featured_media_url":"https:\/\/i0.wp.com\/oexpressobr.com.br\/wp-content\/uploads\/2026\/03\/177265481169a890db95fd3_1772654811_3x2_xl.jpg?fit=1200%2C800&ssl=1","jetpack_likes_enabled":true,"jetpack_sharing_enabled":true,"_links":{"self":[{"href":"https:\/\/oexpressobr.com.br\/index.php?rest_route=\/wp\/v2\/posts\/5295","targetHints":{"allow":["GET"]}}],"collection":[{"href":"https:\/\/oexpressobr.com.br\/index.php?rest_route=\/wp\/v2\/posts"}],"about":[{"href":"https:\/\/oexpressobr.com.br\/index.php?rest_route=\/wp\/v2\/types\/post"}],"author":[{"embeddable":true,"href":"https:\/\/oexpressobr.com.br\/index.php?rest_route=\/wp\/v2\/users\/1"}],"replies":[{"embeddable":true,"href":"https:\/\/oexpressobr.com.br\/index.php?rest_route=%2Fwp%2Fv2%2Fcomments&post=5295"}],"version-history":[{"count":1,"href":"https:\/\/oexpressobr.com.br\/index.php?rest_route=\/wp\/v2\/posts\/5295\/revisions"}],"predecessor-version":[{"id":5297,"href":"https:\/\/oexpressobr.com.br\/index.php?rest_route=\/wp\/v2\/posts\/5295\/revisions\/5297"}],"wp:featuredmedia":[{"embeddable":true,"href":"https:\/\/oexpressobr.com.br\/index.php?rest_route=\/wp\/v2\/media\/5296"}],"wp:attachment":[{"href":"https:\/\/oexpressobr.com.br\/index.php?rest_route=%2Fwp%2Fv2%2Fmedia&parent=5295"}],"wp:term":[{"taxonomy":"category","embeddable":true,"href":"https:\/\/oexpressobr.com.br\/index.php?rest_route=%2Fwp%2Fv2%2Fcategories&post=5295"},{"taxonomy":"post_tag","embeddable":true,"href":"https:\/\/oexpressobr.com.br\/index.php?rest_route=%2Fwp%2Fv2%2Ftags&post=5295"}],"curies":[{"name":"wp","href":"https:\/\/api.w.org\/{rel}","templated":true}]}}