{"id":5301,"date":"2026-03-08T06:48:34","date_gmt":"2026-03-08T09:48:34","guid":{"rendered":"https:\/\/oexpressobr.com.br\/?p=5301"},"modified":"2026-03-08T06:48:42","modified_gmt":"2026-03-08T09:48:42","slug":"argentinos-buscam-emprego-no-agronegocio-brasileiro-apos-milei-desregular-mercado-da-erva-mate","status":"publish","type":"post","link":"https:\/\/oexpressobr.com.br\/?p=5301","title":{"rendered":"Argentinos buscam emprego no agroneg\u00f3cio brasileiro ap\u00f3s Milei desregular mercado da erva-mate"},"content":{"rendered":"\n<p class=\"wp-block-paragraph\">\u200bA pol\u00edtica de choque econ\u00f4mico implementada pelo presidente <strong>Javier Milei<\/strong> na Argentina gerou um reflexo imediato e massivo na fronteira com o Brasil. Ap\u00f3s a desregulamenta\u00e7\u00e3o do setor de <strong>erva-mate<\/strong>, que resultou no fim do pre\u00e7o m\u00ednimo pago aos produtores, o fluxo migrat\u00f3rio de trabalhadores argentinos para o territ\u00f3rio brasileiro atingiu n\u00edveis recordes.<\/p>\n\n\n\n<p class=\"wp-block-paragraph\">\u200bDe acordo com dados da Receita Federal coletados at\u00e9 o in\u00edcio de 2026, o n\u00famero de <strong>CPFs emitidos para argentinos no Brasil saltou para cerca de 40 mil<\/strong> no \u00faltimo ano. Para efeito de compara\u00e7\u00e3o, a m\u00e9dia anual registrada entre 2016 e 2021 era de apenas 8 mil emiss\u00f5es, o que representa um aumento de <strong>500%<\/strong> no interesse de fixa\u00e7\u00e3o de resid\u00eancia ou atividade econ\u00f4mica no pa\u00eds.<\/p>\n\n\n\n<h3 class=\"wp-block-heading\">\u200bO colapso do &#8220;Ouro Verde&#8221; em Misiones<\/h3>\n\n\n\n<p class=\"wp-block-paragraph\">\u200bO epicentro desse \u00eaxodo \u00e9 a prov\u00edncia de <strong>Misiones<\/strong>, respons\u00e1vel pela grande maioria da produ\u00e7\u00e3o de erva-mate da Argentina. A crise foi deflagrada por um decreto que retirou os poderes do Instituto Nacional da Erva-Mate (INYM) de fixar pre\u00e7os de refer\u00eancia.<\/p>\n\n\n\n<ul class=\"wp-block-list\">\n<li>\u200b<strong>Queda nos Pre\u00e7os:<\/strong> Em termos reais, o valor pago pelo quilo da folha verde despencou. Se no final de 2023 os produtores recebiam cerca de <strong>250 pesos<\/strong>, o valor chegou a regredir para patamares de <strong>180 pesos<\/strong> em per\u00edodos de baixa, sob press\u00e3o da queda do consumo interno e aus\u00eancia de subs\u00eddios.<\/li>\n\n\n\n<li>\u200b<strong>Impacto no Campo:<\/strong> Pequenos agricultores e trabalhadores tempor\u00e1rios, conhecidos como <em>tareferos<\/em>, viram sua \u00fanica fonte de renda tornar-se insuficiente para cobrir os custos b\u00e1sicos de vida, agravados pela infla\u00e7\u00e3o argentina que ainda tenta estabiliza\u00e7\u00e3o.<\/li>\n<\/ul>\n\n\n\n<h3 class=\"wp-block-heading\">\u200bM\u00e3o de obra qualificada no Sul do Brasil<\/h3>\n\n\n\n<p class=\"wp-block-paragraph\">\u200bDiferente de ondas migrat\u00f3rias anteriores, o perfil atual \u00e9 composto por trabalhadores rurais experientes. No Rio Grande do Sul e em Santa Catarina, o setor de agroneg\u00f3cio tem absorvido essa demanda.<\/p>\n\n\n\n<blockquote class=\"wp-block-quote is-layout-flow wp-block-quote-is-layout-flow\">\n<p class=\"wp-block-paragraph\">\u200b&#8221;Os argentinos que chegam s\u00e3o qualificados, possuem uma educa\u00e7\u00e3o apurada e conhecem profundamente a rotina do campo&#8221;, afirma Domingos Velho Lopes, da Federa\u00e7\u00e3o da Agricultura do Rio Grande do Sul (Farsul).<\/p>\n<\/blockquote>\n\n\n\n<p class=\"wp-block-paragraph\">\u200bA migra\u00e7\u00e3o tem se concentrado especialmente nas colheitas de <strong>uva, ma\u00e7\u00e3 e agora na pr\u00f3pria erva-mate brasileira<\/strong>. No Brasil, o setor de erva-mate mant\u00e9m uma estrutura de mercado diferente, atraindo os argentinos pela valoriza\u00e7\u00e3o do Real frente ao Peso e pela estabilidade da demanda das ind\u00fastrias de chimarr\u00e3o e exporta\u00e7\u00e3o.<\/p>\n\n\n\n<p class=\"wp-block-paragraph\">A tend\u00eancia para os pr\u00f3ximos meses \u00e9 de consolida\u00e7\u00e3o desses trabalhadores nas cadeias produtivas do Sul do pa\u00eds, enquanto a Argentina discute no Congresso e na justi\u00e7a as compet\u00eancias do INYM para tentar conter a crise social no nordeste do pa\u00eds.<\/p>\n","protected":false},"excerpt":{"rendered":"<p>\u200bA pol\u00edtica de choque econ\u00f4mico implementada pelo presidente Javier Milei na Argentina gerou um reflexo imediato e massivo na fronteira com o Brasil. Ap\u00f3s a [&#8230;]<\/p>\n","protected":false},"author":1,"featured_media":5302,"comment_status":"open","ping_status":"open","sticky":false,"template":"","format":"standard","meta":{"_crdt_document":"","_jetpack_memberships_contains_paid_content":false,"footnotes":"","jetpack_publicize_message":"","jetpack_publicize_feature_enabled":true,"jetpack_social_post_already_shared":true,"jetpack_social_options":{"image_generator_settings":{"template":"highway","default_image_id":0,"font":"","enabled":false},"version":2}},"categories":[3],"tags":[],"class_list":["post-5301","post","type-post","status-publish","format-standard","has-post-thumbnail","hentry","category-brasil"],"jetpack_publicize_connections":[],"jetpack_featured_media_url":"https:\/\/i0.wp.com\/oexpressobr.com.br\/wp-content\/uploads\/2026\/03\/1772040114699f2fb22aa41_1772040114_3x2_xl.jpg?fit=1200%2C800&ssl=1","jetpack_likes_enabled":true,"jetpack_sharing_enabled":true,"_links":{"self":[{"href":"https:\/\/oexpressobr.com.br\/index.php?rest_route=\/wp\/v2\/posts\/5301","targetHints":{"allow":["GET"]}}],"collection":[{"href":"https:\/\/oexpressobr.com.br\/index.php?rest_route=\/wp\/v2\/posts"}],"about":[{"href":"https:\/\/oexpressobr.com.br\/index.php?rest_route=\/wp\/v2\/types\/post"}],"author":[{"embeddable":true,"href":"https:\/\/oexpressobr.com.br\/index.php?rest_route=\/wp\/v2\/users\/1"}],"replies":[{"embeddable":true,"href":"https:\/\/oexpressobr.com.br\/index.php?rest_route=%2Fwp%2Fv2%2Fcomments&post=5301"}],"version-history":[{"count":1,"href":"https:\/\/oexpressobr.com.br\/index.php?rest_route=\/wp\/v2\/posts\/5301\/revisions"}],"predecessor-version":[{"id":5303,"href":"https:\/\/oexpressobr.com.br\/index.php?rest_route=\/wp\/v2\/posts\/5301\/revisions\/5303"}],"wp:featuredmedia":[{"embeddable":true,"href":"https:\/\/oexpressobr.com.br\/index.php?rest_route=\/wp\/v2\/media\/5302"}],"wp:attachment":[{"href":"https:\/\/oexpressobr.com.br\/index.php?rest_route=%2Fwp%2Fv2%2Fmedia&parent=5301"}],"wp:term":[{"taxonomy":"category","embeddable":true,"href":"https:\/\/oexpressobr.com.br\/index.php?rest_route=%2Fwp%2Fv2%2Fcategories&post=5301"},{"taxonomy":"post_tag","embeddable":true,"href":"https:\/\/oexpressobr.com.br\/index.php?rest_route=%2Fwp%2Fv2%2Ftags&post=5301"}],"curies":[{"name":"wp","href":"https:\/\/api.w.org\/{rel}","templated":true}]}}