{"id":5310,"date":"2026-03-08T07:09:01","date_gmt":"2026-03-08T10:09:01","guid":{"rendered":"https:\/\/oexpressobr.com.br\/?p=5310"},"modified":"2026-03-08T07:09:09","modified_gmt":"2026-03-08T10:09:09","slug":"trump-e-diaz-canel-no-centro-do-colapso-energetico-que-asfixia-cuba","status":"publish","type":"post","link":"https:\/\/oexpressobr.com.br\/?p=5310","title":{"rendered":"Trump e D\u00edaz-Canel no centro do colapso energ\u00e9tico que asfixia Cuba"},"content":{"rendered":"\n<p class=\"wp-block-paragraph\">A Revolu\u00e7\u00e3o Cubana vive, em mar\u00e7o de 2026, o que especialistas e \u00f3rg\u00e3os internacionais classificam como a maior amea\u00e7a \u00e0 sua continuidade desde a crise dos m\u00edsseis de 1962. O governo de <strong>Miguel D\u00edaz-Canel<\/strong> enfrenta um cen\u00e1rio de paralisia quase total, impulsionado por uma nova e agressiva estrat\u00e9gia de Washington sob a administra\u00e7\u00e3o de <strong>Donald Trump<\/strong>.<\/p>\n\n\n\n<h3 class=\"wp-block-heading\">\u200bO cerco do petr\u00f3leo e o &#8220;efeito domin\u00f3&#8221;<\/h3>\n\n\n\n<p class=\"wp-block-paragraph\">\u200bO ponto de inflex\u00e3o desta crise ocorreu em janeiro de 2026, quando o governo Trump assinou a <strong>Ordem Executiva 14380<\/strong>. O decreto declarou emerg\u00eancia nacional e estabeleceu tarifas punitivas a qualquer pa\u00eds ou empresa que forne\u00e7a petr\u00f3leo \u00e0 ilha.<\/p>\n\n\n\n<p class=\"wp-block-paragraph\">\u200bO impacto foi imediato:<\/p>\n\n\n\n<ul class=\"wp-block-list\">\n<li>\u200b<strong>M\u00e9xico:<\/strong> A estatal Pemex, sob press\u00e3o de tarifas, interrompeu o envio regular de combust\u00edvel. A presidente Claudia Sheinbaum classificou a decis\u00e3o de suspender as entregas como uma medida &#8220;soberana&#8221;, embora analistas apontem o peso das amea\u00e7as comerciais americanas.<\/li>\n\n\n\n<li>\u200b<strong>Venezuela:<\/strong> Ap\u00f3s a interven\u00e7\u00e3o dos EUA que resultou na queda de Nicol\u00e1s Maduro no in\u00edcio do ano, o fluxo de petr\u00f3leo subsidiado \u2014 pilar da economia cubana por d\u00e9cadas \u2014 foi cortado definitivamente.<\/li>\n\n\n\n<li>\u200b<strong>Bloqueio Naval:<\/strong> H\u00e1 relatos de petroleiros sendo interceptados ou for\u00e7ados a mudar de rota no Atl\u00e2ntico para evitar san\u00e7\u00f5es.<\/li>\n<\/ul>\n\n\n\n<h3 class=\"wp-block-heading\">\u200bO cotidiano no escuro<\/h3>\n\n\n\n<p class=\"wp-block-paragraph\">\u200bA escassez de combust\u00edvel atingiu o cora\u00e7\u00e3o da infraestrutura cubana. Na \u00faltima quarta-feira, 4 de mar\u00e7o, um <strong>apag\u00e3o generalizado<\/strong> deixou milh\u00f5es de pessoas sem luz, afetando desde Havana at\u00e9 as prov\u00edncias do leste.<\/p>\n\n\n\n<blockquote class=\"wp-block-quote is-layout-flow wp-block-quote-is-layout-flow\">\n<p class=\"wp-block-paragraph\">\u200b&#8221;Todos os dias \u00e9 a mesma fome, a mesma mis\u00e9ria&#8221;, relata uma moradora de Havana \u00e0 BBC, ilustrando o cansa\u00e7o de uma popula\u00e7\u00e3o que agora recorre \u00e0 lenha para cozinhar e enfrenta o desabastecimento de produtos b\u00e1sicos.<\/p>\n<\/blockquote>\n\n\n\n<h3 class=\"wp-block-heading\">\u200bGeopol\u00edtica e resist\u00eancia<\/h3>\n\n\n\n<p class=\"wp-block-paragraph\">\u200bEnquanto o Secret\u00e1rio-Geral da ONU, <strong>Ant\u00f3nio Guterres<\/strong>, expressa preocupa\u00e7\u00e3o com um poss\u00edvel colapso humanit\u00e1rio, o governo cubano acusa os EUA de praticarem uma &#8220;ditadura globalizada&#8221; e uma &#8220;pol\u00edtica genocida&#8221;.<\/p>\n\n\n\n<p class=\"wp-block-paragraph\">\u200bEm contrapartida, Trump sinalizou que o governo cubano deve &#8220;chegar a um acordo antes que seja tarde demais&#8221;, sugerindo abertamente que figuras da oposi\u00e7\u00e3o, como o senador <strong>Marco Rubio<\/strong>, poderiam desempenhar pap\u00e9is centrais em uma eventual transi\u00e7\u00e3o pol\u00edtica na ilha.<\/p>\n\n\n\n<p class=\"wp-block-paragraph\">\u200bO Brasil, sob a gest\u00e3o de <strong>Lula<\/strong>, tem buscado vias diplom\u00e1ticas e avalia o envio de ajuda humanit\u00e1ria, mas o temor de retalia\u00e7\u00f5es tarif\u00e1rias por parte de Washington trava a\u00e7\u00f5es mais robustas. Por outro lado, a <strong>China<\/strong> prometeu apoio cont\u00ednuo contra o bloqueio energ\u00e9tico, embora a log\u00edstica para o envio de recursos atrav\u00e9s de meio globo permane\u00e7a um desafio t\u00e9cnico e pol\u00edtico.<\/p>\n\n\n\n<p class=\"wp-block-paragraph\">\u200bSem uma solu\u00e7\u00e3o para a matriz energ\u00e9tica e sob o peso de um embargo que agora mira diretamente o combust\u00edvel, Cuba caminha sobre o fio da navalha entre a resist\u00eancia ideol\u00f3gica e a fal\u00eancia social.<\/p>\n","protected":false},"excerpt":{"rendered":"<p>A Revolu\u00e7\u00e3o Cubana vive, em mar\u00e7o de 2026, o que especialistas e \u00f3rg\u00e3os internacionais classificam como a maior amea\u00e7a \u00e0 sua continuidade desde a crise [&#8230;]<\/p>\n","protected":false},"author":1,"featured_media":5311,"comment_status":"open","ping_status":"open","sticky":false,"template":"","format":"standard","meta":{"_crdt_document":"","_jetpack_memberships_contains_paid_content":false,"footnotes":"","jetpack_publicize_message":"","jetpack_publicize_feature_enabled":true,"jetpack_social_post_already_shared":true,"jetpack_social_options":{"image_generator_settings":{"template":"highway","default_image_id":0,"font":"","enabled":false},"version":2}},"categories":[15],"tags":[],"class_list":["post-5310","post","type-post","status-publish","format-standard","has-post-thumbnail","hentry","category-internacional"],"jetpack_publicize_connections":[],"jetpack_featured_media_url":"https:\/\/i0.wp.com\/oexpressobr.com.br\/wp-content\/uploads\/2026\/03\/b5cb1310-186e-11f1-8f1d-d7bdb1ea156f.jpg.webp?fit=800%2C450&ssl=1","jetpack_likes_enabled":true,"jetpack_sharing_enabled":true,"_links":{"self":[{"href":"https:\/\/oexpressobr.com.br\/index.php?rest_route=\/wp\/v2\/posts\/5310","targetHints":{"allow":["GET"]}}],"collection":[{"href":"https:\/\/oexpressobr.com.br\/index.php?rest_route=\/wp\/v2\/posts"}],"about":[{"href":"https:\/\/oexpressobr.com.br\/index.php?rest_route=\/wp\/v2\/types\/post"}],"author":[{"embeddable":true,"href":"https:\/\/oexpressobr.com.br\/index.php?rest_route=\/wp\/v2\/users\/1"}],"replies":[{"embeddable":true,"href":"https:\/\/oexpressobr.com.br\/index.php?rest_route=%2Fwp%2Fv2%2Fcomments&post=5310"}],"version-history":[{"count":1,"href":"https:\/\/oexpressobr.com.br\/index.php?rest_route=\/wp\/v2\/posts\/5310\/revisions"}],"predecessor-version":[{"id":5312,"href":"https:\/\/oexpressobr.com.br\/index.php?rest_route=\/wp\/v2\/posts\/5310\/revisions\/5312"}],"wp:featuredmedia":[{"embeddable":true,"href":"https:\/\/oexpressobr.com.br\/index.php?rest_route=\/wp\/v2\/media\/5311"}],"wp:attachment":[{"href":"https:\/\/oexpressobr.com.br\/index.php?rest_route=%2Fwp%2Fv2%2Fmedia&parent=5310"}],"wp:term":[{"taxonomy":"category","embeddable":true,"href":"https:\/\/oexpressobr.com.br\/index.php?rest_route=%2Fwp%2Fv2%2Fcategories&post=5310"},{"taxonomy":"post_tag","embeddable":true,"href":"https:\/\/oexpressobr.com.br\/index.php?rest_route=%2Fwp%2Fv2%2Ftags&post=5310"}],"curies":[{"name":"wp","href":"https:\/\/api.w.org\/{rel}","templated":true}]}}