{"id":5313,"date":"2026-03-08T07:16:08","date_gmt":"2026-03-08T10:16:08","guid":{"rendered":"https:\/\/oexpressobr.com.br\/?p=5313"},"modified":"2026-03-08T07:16:17","modified_gmt":"2026-03-08T10:16:17","slug":"oposicao-critica-manutencao-do-inquerito-das-fake-news-e-aponta-risco-de-um-tse-paralelo-no-stf","status":"publish","type":"post","link":"https:\/\/oexpressobr.com.br\/?p=5313","title":{"rendered":"Oposi\u00e7\u00e3o critica manuten\u00e7\u00e3o do Inqu\u00e9rito das Fake News e aponta risco de um &#8220;TSE paralelo&#8221; no STF"},"content":{"rendered":"\n<p class=\"wp-block-paragraph\">A longevidade e a abrang\u00eancia do <strong>Inqu\u00e9rito 4.781<\/strong>, popularmente conhecido como Inqu\u00e9rito das Fake News, voltaram a incendiar o debate pol\u00edtico em Bras\u00edlia. Parlamentares da oposi\u00e7\u00e3o intensificaram as cr\u00edticas \u00e0 condu\u00e7\u00e3o do ministro <strong>Alexandre de Moraes<\/strong>, do Supremo Tribunal Federal (STF), alertando que a estrutura investigativa estaria se consolidando como um &#8220;TSE paralelo&#8221;, capaz de influenciar diretamente o equil\u00edbrio das pr\u00f3ximas disputas eleitorais.<\/p>\n\n\n\n<h3 class=\"wp-block-heading\">\u200bO n\u00f3 da controv\u00e9rsia: o inqu\u00e9rito sem fim<\/h3>\n\n\n\n<p class=\"wp-block-paragraph\">\u200bInstaurado em 2019 pelo ent\u00e3o presidente do STF, <strong>Dias Toffoli<\/strong>, o inqu\u00e9rito nasceu com o objetivo de apurar ataques e amea\u00e7as contra ministros da Corte. Contudo, sete anos depois, a investiga\u00e7\u00e3o n\u00e3o apenas permanece aberta como tem previs\u00e3o de se estender at\u00e9, pelo menos, <strong>2027<\/strong>.<\/p>\n\n\n\n<p class=\"wp-block-paragraph\">\u200bA oposi\u00e7\u00e3o argumenta que o inqu\u00e9rito ignora o sistema acusat\u00f3rio tradicional por permitir que o STF atue, simultaneamente, como v\u00edtima, investigador e julgador. O termo &#8220;TSE paralelo&#8221; surgiu ap\u00f3s revela\u00e7\u00f5es de que o gabinete de Moraes teria utilizado a estrutura de combate \u00e0 desinforma\u00e7\u00e3o do Tribunal Superior Eleitoral (TSE) para embasar decis\u00f5es no \u00e2mbito do STF, muitas vezes fora dos ritos processuais convencionais.<\/p>\n\n\n\n<blockquote class=\"wp-block-quote is-layout-flow wp-block-quote-is-layout-flow\">\n<p class=\"wp-block-paragraph\">\u200b&#8221;O que estamos vendo \u00e9 a perpetua\u00e7\u00e3o de um instrumento excepcional que atropela o devido processo legal e cria uma estrutura de vigil\u00e2ncia sobre o debate p\u00fablico,&#8221; afirma uma ala da bancada oposicionista na C\u00e2mara.<\/p>\n<\/blockquote>\n\n\n\n<h3 class=\"wp-block-heading\">\u200bO impacto nas redes e as elei\u00e7\u00f5es de 2026<\/h3>\n\n\n\n<p class=\"wp-block-paragraph\">\u200bA preocupa\u00e7\u00e3o dos parlamentares ganha tra\u00e7os de urg\u00eancia com a proximidade do ciclo eleitoral de 2026. Com o Congresso ainda dividido sobre a regula\u00e7\u00e3o das redes sociais \u2014 o pol\u00eamico <strong>PL 2630<\/strong> (conhecido como PL das Fake News) e novas propostas como o <strong>PL 4675<\/strong> \u2014, o v\u00e1cuo legislativo tem sido preenchido por decis\u00f5es judiciais.<\/p>\n\n\n\n<p class=\"wp-block-paragraph\">\u200bOs principais pontos de atrito envolvem:<\/p>\n\n\n\n<ul class=\"wp-block-list\">\n<li>\u200b<strong>Poder de Pol\u00edcia:<\/strong> O uso de relat\u00f3rios do TSE para alimentar inqu\u00e9ritos no STF.<\/li>\n\n\n\n<li>\u200b<strong>Censura Pr\u00e9via:<\/strong> Cr\u00edticas \u00e0 derrubada de perfis de parlamentares e influenciadores sem transpar\u00eancia clara sobre os crimes cometidos.<\/li>\n\n\n\n<li>\u200b<strong>Seguran\u00e7a Jur\u00eddica:<\/strong> A indefini\u00e7\u00e3o sobre o que configura &#8220;desinforma\u00e7\u00e3o&#8221;, termo que a oposi\u00e7\u00e3o alega ser usado para silenciar cr\u00edticas pol\u00edticas.<\/li>\n<\/ul>\n\n\n\n<h3 class=\"wp-block-heading\">\u200bA defesa do STF e os pr\u00f3ximos passos<\/h3>\n\n\n\n<p class=\"wp-block-paragraph\">\u200bPor outro lado, o ministro Alexandre de Moraes e defensores da medida sustentam que a manuten\u00e7\u00e3o do inqu\u00e9rito \u00e9 vital para a preserva\u00e7\u00e3o das institui\u00e7\u00f5es democr\u00e1ticas. Argumentam que as &#8220;mil\u00edcias digitais&#8221; continuam operantes e que a desinforma\u00e7\u00e3o representa uma amea\u00e7a real \u00e0 integridade das urnas e \u00e0 seguran\u00e7a dos magistrados.<\/p>\n\n\n\n<p class=\"wp-block-paragraph\">\u200bDiferente de gest\u00f5es anteriores da Procuradoria-Geral da Rep\u00fablica (PGR), o atual procurador-geral, <strong>Paulo Gonet<\/strong>, tem sinalizado apoio \u00e0 continuidade das investiga\u00e7\u00f5es, o que isola ainda mais as tentativas da oposi\u00e7\u00e3o de arquivar o processo via via judicial.<\/p>\n\n\n\n<p class=\"wp-block-paragraph\">Com o julgamento sobre a responsabilidade das <em>big techs<\/em> ainda pendente no Supremo, o clima de tens\u00e3o entre os Poderes deve ditar o ritmo das pautas no Legislativo ao longo deste ano.<\/p>\n","protected":false},"excerpt":{"rendered":"<p>A longevidade e a abrang\u00eancia do Inqu\u00e9rito 4.781, popularmente conhecido como Inqu\u00e9rito das Fake News, voltaram a incendiar o debate pol\u00edtico em Bras\u00edlia. Parlamentares da [&#8230;]<\/p>\n","protected":false},"author":1,"featured_media":5314,"comment_status":"open","ping_status":"open","sticky":false,"template":"","format":"standard","meta":{"_crdt_document":"","_jetpack_memberships_contains_paid_content":false,"footnotes":"","jetpack_publicize_message":"","jetpack_publicize_feature_enabled":true,"jetpack_social_post_already_shared":true,"jetpack_social_options":{"image_generator_settings":{"template":"highway","default_image_id":0,"font":"","enabled":false},"version":2}},"categories":[3],"tags":[],"class_list":["post-5313","post","type-post","status-publish","format-standard","has-post-thumbnail","hentry","category-brasil"],"jetpack_publicize_connections":[],"jetpack_featured_media_url":"https:\/\/i0.wp.com\/oexpressobr.com.br\/wp-content\/uploads\/2026\/03\/nunes-marques-tse-campanhas.jpg.webp?fit=2048%2C1365&ssl=1","jetpack_likes_enabled":true,"jetpack_sharing_enabled":true,"_links":{"self":[{"href":"https:\/\/oexpressobr.com.br\/index.php?rest_route=\/wp\/v2\/posts\/5313","targetHints":{"allow":["GET"]}}],"collection":[{"href":"https:\/\/oexpressobr.com.br\/index.php?rest_route=\/wp\/v2\/posts"}],"about":[{"href":"https:\/\/oexpressobr.com.br\/index.php?rest_route=\/wp\/v2\/types\/post"}],"author":[{"embeddable":true,"href":"https:\/\/oexpressobr.com.br\/index.php?rest_route=\/wp\/v2\/users\/1"}],"replies":[{"embeddable":true,"href":"https:\/\/oexpressobr.com.br\/index.php?rest_route=%2Fwp%2Fv2%2Fcomments&post=5313"}],"version-history":[{"count":1,"href":"https:\/\/oexpressobr.com.br\/index.php?rest_route=\/wp\/v2\/posts\/5313\/revisions"}],"predecessor-version":[{"id":5315,"href":"https:\/\/oexpressobr.com.br\/index.php?rest_route=\/wp\/v2\/posts\/5313\/revisions\/5315"}],"wp:featuredmedia":[{"embeddable":true,"href":"https:\/\/oexpressobr.com.br\/index.php?rest_route=\/wp\/v2\/media\/5314"}],"wp:attachment":[{"href":"https:\/\/oexpressobr.com.br\/index.php?rest_route=%2Fwp%2Fv2%2Fmedia&parent=5313"}],"wp:term":[{"taxonomy":"category","embeddable":true,"href":"https:\/\/oexpressobr.com.br\/index.php?rest_route=%2Fwp%2Fv2%2Fcategories&post=5313"},{"taxonomy":"post_tag","embeddable":true,"href":"https:\/\/oexpressobr.com.br\/index.php?rest_route=%2Fwp%2Fv2%2Ftags&post=5313"}],"curies":[{"name":"wp","href":"https:\/\/api.w.org\/{rel}","templated":true}]}}