{"id":5317,"date":"2026-03-08T07:21:21","date_gmt":"2026-03-08T10:21:21","guid":{"rendered":"https:\/\/oexpressobr.com.br\/?p=5317"},"modified":"2026-03-08T07:21:31","modified_gmt":"2026-03-08T10:21:31","slug":"flavio-bolsonaro-e-governadores-pedem-impeachment-de-alexandre-de-moraes-apos-mensagens-de-vorcaro","status":"publish","type":"post","link":"https:\/\/oexpressobr.com.br\/?p=5317","title":{"rendered":"Fl\u00e1vio Bolsonaro e governadores pedem impeachment de Alexandre de Moraes ap\u00f3s mensagens de Vorcaro"},"content":{"rendered":"\n<p class=\"wp-block-paragraph\">\u200bO cen\u00e1rio pol\u00edtico em Bras\u00edlia subiu de temperatura neste fim de semana. O senador <strong>Fl\u00e1vio Bolsonaro (PL-RJ)<\/strong>, acompanhado de lideran\u00e7as da oposi\u00e7\u00e3o e governadores, intensificou a press\u00e3o pela sa\u00edda do ministro <strong>Alexandre de Moraes<\/strong>, do Supremo Tribunal Federal (STF). A movimenta\u00e7\u00e3o ocorre ap\u00f3s a divulga\u00e7\u00e3o de mensagens trocadas entre o magistrado e o banqueiro <strong>Daniel Vorcaro<\/strong>, dono do Banco Master, preso recentemente pela Pol\u00edcia Federal.<\/p>\n\n\n\n<h3 class=\"wp-block-heading\">\u200bO estopim: As mensagens com o &#8220;Dono do Master&#8221;<\/h3>\n\n\n\n<p class=\"wp-block-paragraph\">\u200bA crise foi deflagrada pela revela\u00e7\u00e3o de di\u00e1logos obtidos no celular de Vorcaro, apreendido na <strong>Opera\u00e7\u00e3o Compliance Zero<\/strong>. Segundo as investiga\u00e7\u00f5es, o banqueiro teria enviado mensagens a Moraes no dia 17 de novembro de 2025 \u2014 data de sua primeira pris\u00e3o \u2014 questionando sobre o andamento de processos sigilosos e pedindo &#8220;novidades&#8221; sobre bloqueios judiciais.<\/p>\n\n\n\n<p class=\"wp-block-paragraph\">\u200bO que mais chamou a aten\u00e7\u00e3o dos parlamentares foi a t\u00e9cnica utilizada: o uso de <strong>prints de blocos de notas<\/strong> enviados com o recurso de <strong>visualiza\u00e7\u00e3o \u00fanica<\/strong> do WhatsApp, o que, segundo a oposi\u00e7\u00e3o, sugere uma tentativa deliberada de evitar o rastro das conversas. Em uma das mensagens, Vorcaro chega a mencionar que estava &#8220;indo encontrar Alexandre perto de casa&#8221; durante um feriado.<\/p>\n\n\n\n<h3 class=\"wp-block-heading\">\u200bA ofensiva de Fl\u00e1vio Bolsonaro e aliados<\/h3>\n\n\n\n<p class=\"wp-block-paragraph\">\u200bEm v\u00eddeo publicado neste s\u00e1bado (7), Fl\u00e1vio Bolsonaro afirmou que Moraes n\u00e3o possui mais &#8220;condi\u00e7\u00f5es psicol\u00f3gicas ou morais&#8221; de permanecer no cargo. O senador classificou a rela\u00e7\u00e3o entre o ministro e o banqueiro como &#8220;esp\u00faria&#8221; e afirmou que o magistrado atuava como um &#8220;advogado de fato&#8221; de Vorcaro.<\/p>\n\n\n\n<blockquote class=\"wp-block-quote is-layout-flow wp-block-quote-is-layout-flow\">\n<p class=\"wp-block-paragraph\">\u200b&#8221;As institui\u00e7\u00f5es precisam ser preservadas das pessoas que as envergonham. O que vimos nessas mensagens \u00e9 um &#8216;batom na cueca&#8217; jur\u00eddico que n\u00e3o pode ser ignorado pelo Senado&#8221;, declarou o parlamentar.<\/p>\n<\/blockquote>\n\n\n\n<p class=\"wp-block-paragraph\">\u200bAl\u00e9m de Fl\u00e1vio, o governador de Minas Gerais, <strong>Romeu Zema (Novo)<\/strong>, confirmou que estar\u00e1 em Bras\u00edlia nesta segunda-feira (9) para protocolar pessoalmente um novo pedido de impeachment contra o ministro. Este ser\u00e1 o <strong>11\u00ba pedido<\/strong> de impedimento protocolado contra membros da Corte apenas neste in\u00edcio de 2026.<\/p>\n\n\n\n<h3 class=\"wp-block-heading\">\u200bA defesa do STF e os desdobramentos<\/h3>\n\n\n\n<p class=\"wp-block-paragraph\">\u200bEm nota oficial, o gabinete do ministro Alexandre de Moraes negou qualquer irregularidade. O STF afirmou que as supostas conversas n\u00e3o aparecem nos contatos do ministro e classificou as acusa\u00e7\u00f5es como &#8220;ila\u00e7\u00f5es mentirosas&#8221;. A Pol\u00edcia Federal tamb\u00e9m se manifestou, indicando que, at\u00e9 o momento, n\u00e3o v\u00ea raz\u00f5es para investigar o ministro, focando a apura\u00e7\u00e3o no vazamento de dados sigilosos do inqu\u00e9rito.<\/p>\n\n\n\n<p class=\"wp-block-paragraph\">\u200bEnquanto isso, Daniel Vorcaro segue preso em um pres\u00eddio de seguran\u00e7a m\u00e1xima em Bras\u00edlia, ap\u00f3s ter sido transferido por determina\u00e7\u00e3o judicial devido a suspeitas de um esquema bilion\u00e1rio envolvendo o Banco de Bras\u00edlia (BRB).<\/p>\n","protected":false},"excerpt":{"rendered":"<p>\u200bO cen\u00e1rio pol\u00edtico em Bras\u00edlia subiu de temperatura neste fim de semana. O senador Fl\u00e1vio Bolsonaro (PL-RJ), acompanhado de lideran\u00e7as da oposi\u00e7\u00e3o e governadores, intensificou [&#8230;]<\/p>\n","protected":false},"author":1,"featured_media":5318,"comment_status":"open","ping_status":"open","sticky":false,"template":"","format":"standard","meta":{"_crdt_document":"","_jetpack_memberships_contains_paid_content":false,"footnotes":"","jetpack_publicize_message":"","jetpack_publicize_feature_enabled":true,"jetpack_social_post_already_shared":true,"jetpack_social_options":{"image_generator_settings":{"template":"highway","default_image_id":0,"font":"","enabled":false},"version":2}},"categories":[3],"tags":[],"class_list":["post-5317","post","type-post","status-publish","format-standard","has-post-thumbnail","hentry","category-brasil"],"jetpack_publicize_connections":[],"jetpack_featured_media_url":"https:\/\/i0.wp.com\/oexpressobr.com.br\/wp-content\/uploads\/2026\/03\/Design-sem-nome-3-1.jpg.webp?fit=1920%2C1080&ssl=1","jetpack_likes_enabled":true,"jetpack_sharing_enabled":true,"_links":{"self":[{"href":"https:\/\/oexpressobr.com.br\/index.php?rest_route=\/wp\/v2\/posts\/5317","targetHints":{"allow":["GET"]}}],"collection":[{"href":"https:\/\/oexpressobr.com.br\/index.php?rest_route=\/wp\/v2\/posts"}],"about":[{"href":"https:\/\/oexpressobr.com.br\/index.php?rest_route=\/wp\/v2\/types\/post"}],"author":[{"embeddable":true,"href":"https:\/\/oexpressobr.com.br\/index.php?rest_route=\/wp\/v2\/users\/1"}],"replies":[{"embeddable":true,"href":"https:\/\/oexpressobr.com.br\/index.php?rest_route=%2Fwp%2Fv2%2Fcomments&post=5317"}],"version-history":[{"count":1,"href":"https:\/\/oexpressobr.com.br\/index.php?rest_route=\/wp\/v2\/posts\/5317\/revisions"}],"predecessor-version":[{"id":5319,"href":"https:\/\/oexpressobr.com.br\/index.php?rest_route=\/wp\/v2\/posts\/5317\/revisions\/5319"}],"wp:featuredmedia":[{"embeddable":true,"href":"https:\/\/oexpressobr.com.br\/index.php?rest_route=\/wp\/v2\/media\/5318"}],"wp:attachment":[{"href":"https:\/\/oexpressobr.com.br\/index.php?rest_route=%2Fwp%2Fv2%2Fmedia&parent=5317"}],"wp:term":[{"taxonomy":"category","embeddable":true,"href":"https:\/\/oexpressobr.com.br\/index.php?rest_route=%2Fwp%2Fv2%2Fcategories&post=5317"},{"taxonomy":"post_tag","embeddable":true,"href":"https:\/\/oexpressobr.com.br\/index.php?rest_route=%2Fwp%2Fv2%2Ftags&post=5317"}],"curies":[{"name":"wp","href":"https:\/\/api.w.org\/{rel}","templated":true}]}}