{"id":5320,"date":"2026-03-08T07:27:45","date_gmt":"2026-03-08T10:27:45","guid":{"rendered":"https:\/\/oexpressobr.com.br\/?p=5320"},"modified":"2026-03-08T07:27:53","modified_gmt":"2026-03-08T10:27:53","slug":"governo-e-contran-estudam-suspender-3-milhoes-de-multas-do-pedagio-free-flow","status":"publish","type":"post","link":"https:\/\/oexpressobr.com.br\/?p=5320","title":{"rendered":"Governo e Contran estudam suspender 3 milh\u00f5es de multas do ped\u00e1gio free flow"},"content":{"rendered":"\n<p class=\"wp-block-paragraph\">O Minist\u00e9rio dos Transportes e o Conselho Nacional de Tr\u00e2nsito (<strong>Contran<\/strong>) avan\u00e7am em uma medida que pode dar f\u00f4lego a milh\u00f5es de motoristas brasileiros. A proposta, que est\u00e1 em fase final de elabora\u00e7\u00e3o interna, prev\u00ea a suspens\u00e3o das multas aplicadas por evas\u00e3o de ped\u00e1gio no sistema <strong>free flow<\/strong> (livre passagem) em rodovias federais e estaduais at\u00e9 o final de 2026.<\/p>\n\n\n\n<h3 class=\"wp-block-heading\">\u200bOportunidade de regulariza\u00e7\u00e3o, n\u00e3o perd\u00e3o<\/h3>\n\n\n\n<p class=\"wp-block-paragraph\">\u200bDiferente de uma anistia total, a medida funciona como uma &#8220;segunda chance&#8221;. De acordo com as diretrizes em an\u00e1lise pelo governo, os condutores que passaram pelos p\u00f3rticos eletr\u00f4nicos e n\u00e3o efetuaram o pagamento no prazo de <strong>30 dias<\/strong> \u2014 o que hoje gera uma infra\u00e7\u00e3o grave \u2014 poder\u00e3o quitar apenas o valor da tarifa original.<\/p>\n\n\n\n<ul class=\"wp-block-list\">\n<li>\u200b<strong>Puni\u00e7\u00e3o atual:<\/strong> Multa de <strong>R$ 195,23<\/strong> e <strong>5 pontos<\/strong> na CNH.<\/li>\n\n\n\n<li>\u200b<strong>Regra em estudo:<\/strong> Suspens\u00e3o da penalidade financeira e da pontua\u00e7\u00e3o para quem regularizar o d\u00e9bito do ped\u00e1gio at\u00e9 dezembro de 2026.<\/li>\n\n\n\n<li>\u200b<strong>P\u00fablico-alvo:<\/strong> Estima-se que mais de <strong>3,1 milh\u00f5es<\/strong> de autua\u00e7\u00f5es possam ser revistas.<\/li>\n<\/ul>\n\n\n\n<h3 class=\"wp-block-heading\">\u200bPor que o governo decidiu intervir?<\/h3>\n\n\n\n<p class=\"wp-block-paragraph\">\u200bA implanta\u00e7\u00e3o do sistema sem cancelas tem enfrentado forte resist\u00eancia e confus\u00e3o por parte dos usu\u00e1rios. Dados da <strong>Artesp<\/strong> e de concession\u00e1rias como a <strong>CSG<\/strong> e <strong>CCR RioSP<\/strong> apontam que o \u00edndice de evas\u00e3o, em muitos casos, n\u00e3o \u00e9 intencional, mas fruto de:<\/p>\n\n\n\n<ol class=\"wp-block-list\">\n<li>\u200b<strong>Dificuldade de pagamento:<\/strong> A falta de um sistema unificado obriga o motorista a baixar diferentes aplicativos para cada rodovia.<\/li>\n\n\n\n<li>\u200b<strong>Sinaliza\u00e7\u00e3o insuficiente:<\/strong> Muitos condutores confundem os p\u00f3rticos com radares de velocidade e n\u00e3o percebem que cruzaram um ponto de cobran\u00e7a.<\/li>\n\n\n\n<li>\u200b<strong>Falta de Tags:<\/strong> Embora o sistema aceite leitura de placa, a aus\u00eancia de uma tag autom\u00e1tica dificulta a quita\u00e7\u00e3o para o usu\u00e1rio ocasional.<\/li>\n<\/ol>\n","protected":false},"excerpt":{"rendered":"<p>O Minist\u00e9rio dos Transportes e o Conselho Nacional de Tr\u00e2nsito (Contran) avan\u00e7am em uma medida que pode dar f\u00f4lego a milh\u00f5es de motoristas brasileiros. A [&#8230;]<\/p>\n","protected":false},"author":1,"featured_media":5321,"comment_status":"open","ping_status":"open","sticky":false,"template":"","format":"standard","meta":{"_crdt_document":"","_jetpack_memberships_contains_paid_content":false,"footnotes":"","jetpack_publicize_message":"","jetpack_publicize_feature_enabled":true,"jetpack_social_post_already_shared":true,"jetpack_social_options":{"image_generator_settings":{"template":"highway","default_image_id":0,"font":"","enabled":false},"version":2}},"categories":[3],"tags":[],"class_list":["post-5320","post","type-post","status-publish","format-standard","has-post-thumbnail","hentry","category-brasil"],"jetpack_publicize_connections":[],"jetpack_featured_media_url":"https:\/\/i0.wp.com\/oexpressobr.com.br\/wp-content\/uploads\/2026\/03\/IMG-20260308-WA0099.jpg?fit=750%2C500&ssl=1","jetpack_likes_enabled":true,"jetpack_sharing_enabled":true,"_links":{"self":[{"href":"https:\/\/oexpressobr.com.br\/index.php?rest_route=\/wp\/v2\/posts\/5320","targetHints":{"allow":["GET"]}}],"collection":[{"href":"https:\/\/oexpressobr.com.br\/index.php?rest_route=\/wp\/v2\/posts"}],"about":[{"href":"https:\/\/oexpressobr.com.br\/index.php?rest_route=\/wp\/v2\/types\/post"}],"author":[{"embeddable":true,"href":"https:\/\/oexpressobr.com.br\/index.php?rest_route=\/wp\/v2\/users\/1"}],"replies":[{"embeddable":true,"href":"https:\/\/oexpressobr.com.br\/index.php?rest_route=%2Fwp%2Fv2%2Fcomments&post=5320"}],"version-history":[{"count":1,"href":"https:\/\/oexpressobr.com.br\/index.php?rest_route=\/wp\/v2\/posts\/5320\/revisions"}],"predecessor-version":[{"id":5322,"href":"https:\/\/oexpressobr.com.br\/index.php?rest_route=\/wp\/v2\/posts\/5320\/revisions\/5322"}],"wp:featuredmedia":[{"embeddable":true,"href":"https:\/\/oexpressobr.com.br\/index.php?rest_route=\/wp\/v2\/media\/5321"}],"wp:attachment":[{"href":"https:\/\/oexpressobr.com.br\/index.php?rest_route=%2Fwp%2Fv2%2Fmedia&parent=5320"}],"wp:term":[{"taxonomy":"category","embeddable":true,"href":"https:\/\/oexpressobr.com.br\/index.php?rest_route=%2Fwp%2Fv2%2Fcategories&post=5320"},{"taxonomy":"post_tag","embeddable":true,"href":"https:\/\/oexpressobr.com.br\/index.php?rest_route=%2Fwp%2Fv2%2Ftags&post=5320"}],"curies":[{"name":"wp","href":"https:\/\/api.w.org\/{rel}","templated":true}]}}