{"id":5327,"date":"2026-03-08T16:42:13","date_gmt":"2026-03-08T19:42:13","guid":{"rendered":"https:\/\/oexpressobr.com.br\/?p=5327"},"modified":"2026-03-08T16:42:23","modified_gmt":"2026-03-08T19:42:23","slug":"daniel-vorcaro-e-promotor-diogo-batista-gastaram-r-10-milhoes-em-iate-no-mediterraneo","status":"publish","type":"post","link":"https:\/\/oexpressobr.com.br\/?p=5327","title":{"rendered":"Daniel Vorcaro e promotor Diogo Batista gastaram R$ 10 milh\u00f5es em iate no Mediterr\u00e2neo"},"content":{"rendered":"\n<p class=\"wp-block-paragraph\">\u200bAs investiga\u00e7\u00f5es da <strong>Pol\u00edcia Federal (PF)<\/strong> sobre o ex-banqueiro <strong>Daniel Vorcaro<\/strong>, antigo propriet\u00e1rio do <strong>Banco Master<\/strong>, revelaram novos detalhes sobre a ostenta\u00e7\u00e3o bancada com recursos sob suspeita de fraude. Documentos detalham que Vorcaro desembolsou cerca de <strong>R$ 10 milh\u00f5es<\/strong> para uma viagem de luxo pelo Mediterr\u00e2neo, incluindo passagens por <strong>Saint-Tropez<\/strong>, na Fran\u00e7a.<\/p>\n\n\n\n<h3 class=\"wp-block-heading\">\u200bOs detalhes da ostenta\u00e7\u00e3o no Mediterr\u00e2neo<\/h3>\n\n\n\n<p class=\"wp-block-paragraph\">\u200bDe acordo com os relat\u00f3rios de investiga\u00e7\u00e3o atualizados em mar\u00e7o de 2026, a maior parte do gasto foi concentrada no aluguel do superiate <strong>Mad Summer<\/strong>, uma embarca\u00e7\u00e3o de 95 metros (o equivalente a um campo de futebol).<\/p>\n\n\n\n<ul class=\"wp-block-list\">\n<li>\u200b<strong>Custo do Aluguel:<\/strong> Aproximadamente <strong>1,7 milh\u00e3o de euros<\/strong> (cerca de R$ 9,7 milh\u00f5es na convers\u00e3o da \u00e9poca) por apenas cinco dias de uso em agosto de 2022.<\/li>\n\n\n\n<li>\u200b<strong>Log\u00edstica e Festas:<\/strong> O pacote incluiu infraestrutura para eventos a bordo, com cach\u00eas de artistas como o <strong>DJ franc\u00eas Saint Lanvain<\/strong>, custando outros 78 mil euros (R$ 480 mil).<\/li>\n\n\n\n<li>\u200b<strong>Registros Visuais:<\/strong> Imagens capturadas pelo promotor de eventos <strong>Diogo Batista<\/strong>, conhecido como &#8220;concierge dos VIPs&#8221;, mostram festas exclusivas e visitas ao clube de alto padr\u00e3o <strong>Verde Beach<\/strong>, na Riviera Francesa.<\/li>\n<\/ul>\n\n\n\n<h3 class=\"wp-block-heading\">\u200bContexto das investiga\u00e7\u00f5es e pris\u00f5es<\/h3>\n\n\n\n<p class=\"wp-block-paragraph\">\u200bA divulga\u00e7\u00e3o desses gastos ocorre em um momento cr\u00edtico para Vorcaro. Recentemente, em <strong>4 de mar\u00e7o de 2026<\/strong>, o ex-banqueiro foi preso novamente sob suspeita de tentativa de obstru\u00e7\u00e3o de justi\u00e7a, corrup\u00e7\u00e3o e lavagem de dinheiro.<\/p>\n\n\n\n<blockquote class=\"wp-block-quote is-layout-flow wp-block-quote-is-layout-flow\">\n<p class=\"wp-block-paragraph\">\u200b<strong>Nota da Reda\u00e7\u00e3o:<\/strong> Daniel Vorcaro foi transferido para um pres\u00eddio federal de seguran\u00e7a m\u00e1xima em Bras\u00edlia ap\u00f3s a PF identificar que ele mantinha uma rotina de gastos que somam mais de <strong>R$ 390 milh\u00f5es<\/strong> em viagens e festas enquanto o Banco Master enfrentava um rombo bilion\u00e1rio, liquidado judicialmente pelo Banco Central.<\/p>\n<\/blockquote>\n\n\n\n<h3 class=\"wp-block-heading\">\u200bSitua\u00e7\u00e3o jur\u00eddica atual<\/h3>\n\n\n\n<p class=\"wp-block-paragraph\">\u200bA defesa de Daniel Vorcaro nega qualquer irregularidade, afirmando que os gastos eram compat\u00edveis com sua fortuna pessoal e que a crise do Banco Master foi causada por &#8220;ataques reputacionais&#8221;. No entanto, a Pol\u00edcia Federal aponta que o ex-banqueiro utilizava uma rede de contatos e empresas para desviar recursos da institui\u00e7\u00e3o financeira para familiares e lazer pessoal.<\/p>\n\n\n\n<p class=\"wp-block-paragraph\">\u200b<strong>\u00daltimas atualiza\u00e7\u00f5es:<\/strong><\/p>\n\n\n\n<ul class=\"wp-block-list\">\n<li>\u200b<strong>Transfer\u00eancia:<\/strong> Vorcaro est\u00e1 em isolamento inicial em cela de 9m\u00b2.<\/li>\n\n\n\n<li>\u200b<strong>Sigilo:<\/strong> O ministro <strong>Andr\u00e9 Mendon\u00e7a (STF)<\/strong> abriu inqu\u00e9rito para investigar o vazamento de dados sigilosos do celular do banqueiro.<\/li>\n\n\n\n<li>\u200b<strong>Contatos Pol\u00edticos:<\/strong> Mensagens extra\u00eddas indicam di\u00e1logos sobre repasses milion\u00e1rios a empreendimentos ligados a autoridades e pol\u00edticos brasileiros.<\/li>\n<\/ul>\n","protected":false},"excerpt":{"rendered":"<p>\u200bAs investiga\u00e7\u00f5es da Pol\u00edcia Federal (PF) sobre o ex-banqueiro Daniel Vorcaro, antigo propriet\u00e1rio do Banco Master, revelaram novos detalhes sobre a ostenta\u00e7\u00e3o bancada com recursos [&#8230;]<\/p>\n","protected":false},"author":1,"featured_media":5328,"comment_status":"open","ping_status":"open","sticky":false,"template":"","format":"standard","meta":{"_crdt_document":"","_jetpack_memberships_contains_paid_content":false,"footnotes":"","jetpack_publicize_message":"","jetpack_publicize_feature_enabled":true,"jetpack_social_post_already_shared":true,"jetpack_social_options":{"image_generator_settings":{"template":"highway","default_image_id":0,"font":"","enabled":false},"version":2}},"categories":[3],"tags":[],"class_list":["post-5327","post","type-post","status-publish","format-standard","has-post-thumbnail","hentry","category-brasil"],"jetpack_publicize_connections":[],"jetpack_featured_media_url":"https:\/\/i0.wp.com\/oexpressobr.com.br\/wp-content\/uploads\/2026\/03\/177282794369ab35275b797_1772827943_3x2_xl.jpg?fit=1200%2C800&ssl=1","jetpack_likes_enabled":true,"jetpack_sharing_enabled":true,"_links":{"self":[{"href":"https:\/\/oexpressobr.com.br\/index.php?rest_route=\/wp\/v2\/posts\/5327","targetHints":{"allow":["GET"]}}],"collection":[{"href":"https:\/\/oexpressobr.com.br\/index.php?rest_route=\/wp\/v2\/posts"}],"about":[{"href":"https:\/\/oexpressobr.com.br\/index.php?rest_route=\/wp\/v2\/types\/post"}],"author":[{"embeddable":true,"href":"https:\/\/oexpressobr.com.br\/index.php?rest_route=\/wp\/v2\/users\/1"}],"replies":[{"embeddable":true,"href":"https:\/\/oexpressobr.com.br\/index.php?rest_route=%2Fwp%2Fv2%2Fcomments&post=5327"}],"version-history":[{"count":1,"href":"https:\/\/oexpressobr.com.br\/index.php?rest_route=\/wp\/v2\/posts\/5327\/revisions"}],"predecessor-version":[{"id":5329,"href":"https:\/\/oexpressobr.com.br\/index.php?rest_route=\/wp\/v2\/posts\/5327\/revisions\/5329"}],"wp:featuredmedia":[{"embeddable":true,"href":"https:\/\/oexpressobr.com.br\/index.php?rest_route=\/wp\/v2\/media\/5328"}],"wp:attachment":[{"href":"https:\/\/oexpressobr.com.br\/index.php?rest_route=%2Fwp%2Fv2%2Fmedia&parent=5327"}],"wp:term":[{"taxonomy":"category","embeddable":true,"href":"https:\/\/oexpressobr.com.br\/index.php?rest_route=%2Fwp%2Fv2%2Fcategories&post=5327"},{"taxonomy":"post_tag","embeddable":true,"href":"https:\/\/oexpressobr.com.br\/index.php?rest_route=%2Fwp%2Fv2%2Ftags&post=5327"}],"curies":[{"name":"wp","href":"https:\/\/api.w.org\/{rel}","templated":true}]}}