{"id":533,"date":"2025-12-10T04:31:12","date_gmt":"2025-12-10T07:31:12","guid":{"rendered":"https:\/\/oexpressobr.com.br\/?p=533"},"modified":"2025-12-10T04:31:13","modified_gmt":"2025-12-10T07:31:13","slug":"greve-de-onibus-em-sp-acordo-sobre-13o-salario-encerra-paralisacao-de-motoristas-e-prefeitura-ameaca-intervencao","status":"publish","type":"post","link":"https:\/\/oexpressobr.com.br\/?p=533","title":{"rendered":"Greve de \u00f4nibus em SP: Acordo sobre 13\u00ba Sal\u00e1rio encerra paralisa\u00e7\u00e3o de motoristas e prefeitura amea\u00e7a interven\u00e7\u00e3o"},"content":{"rendered":"\n<p class=\"wp-block-paragraph\">Motoristas e cobradores de \u00f4nibus da cidade de S\u00e3o Paulo <strong>encerraram a paralisa\u00e7\u00e3o<\/strong> que teve in\u00edcio na tarde desta ter\u00e7a-feira (9), ap\u00f3s uma reuni\u00e3o de emerg\u00eancia na Prefeitura. A greve, motivada pelo <strong>atraso no pagamento do 13\u00ba sal\u00e1rio<\/strong> e de outros benef\u00edcios por parte das empresas, afetou milh\u00f5es de passageiros, causou transtornos e levou a cidade a registrar um dos <strong>maiores congestionamentos do ano<\/strong> no hor\u00e1rio de pico.<\/p>\n\n\n\n<p class=\"wp-block-paragraph\">\u200bA mobiliza\u00e7\u00e3o, que come\u00e7ou de forma espont\u00e2nea nos terminais por iniciativa dos pr\u00f3prios motoristas e cobradores, atingiu diversos pontos da capital, como Dom Pedro II, Santo Amaro e Campo Limpo, segundo o Sindicato dos Motoristas e Trabalhadores em Transporte Rodovi\u00e1rio Urbano de S\u00e3o Paulo (SindMotoristas).<\/p>\n\n\n\n<h3 class=\"wp-block-heading\">\u200bCompromisso de Pagamento<\/h3>\n\n\n\n<p class=\"wp-block-paragraph\">\u200bO ponto central da paralisa\u00e7\u00e3o foi a falta do 13\u00ba sal\u00e1rio, cuja primeira parcela deveria ter sido paga em novembro, e o atraso no <strong>vale-refei\u00e7\u00e3o das f\u00e9rias<\/strong> de setembro, outubro e novembro. Ap\u00f3s o movimento de protesto e o recolhimento de parte da frota, o Sindicato foi chamado para uma reuni\u00e3o com o prefeito <strong>Ricardo Nunes (PP)<\/strong> e representantes das via\u00e7\u00f5es.<\/p>\n\n\n\n<p class=\"wp-block-paragraph\">\u200bNo encontro, as <strong>empresas concession\u00e1rias<\/strong> se comprometeram a realizar o pagamento do 13\u00ba sal\u00e1rio na pr\u00f3xima <strong>sexta-feira, 12 de dezembro de 2025<\/strong>.<\/p>\n\n\n\n<h3 class=\"wp-block-heading\">\u200b Posicionamento da Prefeitura e Empresas<\/h3>\n\n\n\n<p class=\"wp-block-paragraph\">\u200bO prefeito Ricardo Nunes classificou a atitude das empresas como &#8220;inaceit\u00e1vel&#8221; e garantiu que a gest\u00e3o municipal est\u00e1 <strong>em dia com os repasses<\/strong> para as companhias de \u00f4nibus. Nunes ainda amea\u00e7ou tomar <strong>medidas duras<\/strong>, como processo de interven\u00e7\u00e3o nos contratos, caso o novo prazo de pagamento n\u00e3o seja cumprido. A Prefeitura chegou a registrar um boletim de ocorr\u00eancia contra as empresas pela paralisa\u00e7\u00e3o sem aviso pr\u00e9vio.<\/p>\n\n\n\n<p class=\"wp-block-paragraph\">\u200bO Sindicato das Empresas de Transporte Coletivo Urbano de S\u00e3o Paulo (SPUrbanuss), por sua vez, confirmou que solicitou um <strong>maior prazo<\/strong> para o pagamento, citando quest\u00f5es de recomposi\u00e7\u00e3o de equil\u00edbrio financeiro nos contratos com o munic\u00edpio.<\/p>\n\n\n\n<h3 class=\"wp-block-heading\">\u200b Impacto e Retomada<\/h3>\n\n\n\n<p class=\"wp-block-paragraph\">\u200bA greve surpresa no final da tarde, um dos hor\u00e1rios de maior movimento, gerou <strong>caos na mobilidade<\/strong> urbana. Com a falta de \u00f4nibus, a cidade registrou um congestionamento de <strong>1.486,1 quil\u00f4metros<\/strong> \u00e0s 19h, um recorde de lentid\u00e3o para o ano.<\/p>\n\n\n\n<p class=\"wp-block-paragraph\">\u200bComo medida emergencial, a Prefeitura suspendeu o <strong>rod\u00edzio municipal de ve\u00edculos<\/strong> na parte da tarde. Com o fim da paralisa\u00e7\u00e3o, anunciado ainda na noite de ter\u00e7a-feira, a expectativa \u00e9 que a frota circule <strong>normalmente<\/strong> nesta quarta-feira (10), retornando a opera\u00e7\u00e3o plena do sistema de transporte p\u00fablico.<\/p>\n","protected":false},"excerpt":{"rendered":"<p>Motoristas e cobradores de \u00f4nibus da cidade de S\u00e3o Paulo encerraram a paralisa\u00e7\u00e3o que teve in\u00edcio na tarde desta ter\u00e7a-feira (9), ap\u00f3s uma reuni\u00e3o de [&#8230;]<\/p>\n","protected":false},"author":1,"featured_media":534,"comment_status":"open","ping_status":"open","sticky":false,"template":"","format":"standard","meta":{"_crdt_document":"","_jetpack_memberships_contains_paid_content":false,"footnotes":"","jetpack_publicize_message":"","jetpack_publicize_feature_enabled":true,"jetpack_social_post_already_shared":false,"jetpack_social_options":{"image_generator_settings":{"template":"highway","default_image_id":0,"font":"","enabled":false},"version":2}},"categories":[10],"tags":[],"class_list":["post-533","post","type-post","status-publish","format-standard","has-post-thumbnail","hentry","category-economia"],"jetpack_publicize_connections":[],"jetpack_featured_media_url":"https:\/\/i0.wp.com\/oexpressobr.com.br\/wp-content\/uploads\/2025\/12\/IMG-20251210-WA0020.jpg?fit=1226%2C920&ssl=1","jetpack_likes_enabled":true,"jetpack_sharing_enabled":true,"_links":{"self":[{"href":"https:\/\/oexpressobr.com.br\/index.php?rest_route=\/wp\/v2\/posts\/533","targetHints":{"allow":["GET"]}}],"collection":[{"href":"https:\/\/oexpressobr.com.br\/index.php?rest_route=\/wp\/v2\/posts"}],"about":[{"href":"https:\/\/oexpressobr.com.br\/index.php?rest_route=\/wp\/v2\/types\/post"}],"author":[{"embeddable":true,"href":"https:\/\/oexpressobr.com.br\/index.php?rest_route=\/wp\/v2\/users\/1"}],"replies":[{"embeddable":true,"href":"https:\/\/oexpressobr.com.br\/index.php?rest_route=%2Fwp%2Fv2%2Fcomments&post=533"}],"version-history":[{"count":0,"href":"https:\/\/oexpressobr.com.br\/index.php?rest_route=\/wp\/v2\/posts\/533\/revisions"}],"wp:featuredmedia":[{"embeddable":true,"href":"https:\/\/oexpressobr.com.br\/index.php?rest_route=\/wp\/v2\/media\/534"}],"wp:attachment":[{"href":"https:\/\/oexpressobr.com.br\/index.php?rest_route=%2Fwp%2Fv2%2Fmedia&parent=533"}],"wp:term":[{"taxonomy":"category","embeddable":true,"href":"https:\/\/oexpressobr.com.br\/index.php?rest_route=%2Fwp%2Fv2%2Fcategories&post=533"},{"taxonomy":"post_tag","embeddable":true,"href":"https:\/\/oexpressobr.com.br\/index.php?rest_route=%2Fwp%2Fv2%2Ftags&post=533"}],"curies":[{"name":"wp","href":"https:\/\/api.w.org\/{rel}","templated":true}]}}