{"id":5333,"date":"2026-03-08T16:56:35","date_gmt":"2026-03-08T19:56:35","guid":{"rendered":"https:\/\/oexpressobr.com.br\/?p=5333"},"modified":"2026-03-08T16:56:44","modified_gmt":"2026-03-08T19:56:44","slug":"lula-sanciona-lei-que-veda-a-relativizacao-do-estupro-de-vulneravel-e-reforca-protecao-a-menores-de-14-anos","status":"publish","type":"post","link":"https:\/\/oexpressobr.com.br\/?p=5333","title":{"rendered":"Lula sanciona lei que veda a relativiza\u00e7\u00e3o do estupro de vulner\u00e1vel e refor\u00e7a prote\u00e7\u00e3o a menores de 14 anos"},"content":{"rendered":"\n<p class=\"wp-block-paragraph\">Em uma decis\u00e3o hist\u00f3rica no <strong>Dia Internacional da Mulher<\/strong>, o presidente <strong>Luiz In\u00e1cio Lula da Silva<\/strong> sancionou, neste domingo (8 de mar\u00e7o de 2026), a <strong>Lei 15.353\/2026<\/strong>. A nova legisla\u00e7\u00e3o altera o C\u00f3digo Penal para tornar expl\u00edcita a <strong>presun\u00e7\u00e3o absoluta de vulnerabilidade<\/strong> em crimes de estupro contra menores de 14 anos, eliminando qualquer margem para interpreta\u00e7\u00f5es judiciais que atenuem a gravidade do crime com base no comportamento ou hist\u00f3rico da v\u00edtima.<\/p>\n\n\n\n<p class=\"wp-block-paragraph\">\u200bA medida surge como uma resposta direta a decis\u00f5es recentes do Judici\u00e1rio que causaram indigna\u00e7\u00e3o nacional. Em um dos casos mais emblem\u00e1ticos, ocorrido em Minas Gerais, um homem de 35 anos havia sido absolvido em primeira inst\u00e2ncia sob o argumento de que havia &#8220;consentimento&#8221; e &#8220;v\u00ednculo afetivo&#8221; com uma menina de 12 anos, com quem ele chegou a viver e ter uma filha. A nova lei visa enterrar esse tipo de fundamenta\u00e7\u00e3o jur\u00eddica.<\/p>\n\n\n\n<h3 class=\"wp-block-heading\">\u200bO que muda com a nova legisla\u00e7\u00e3o<\/h3>\n\n\n\n<p class=\"wp-block-paragraph\">\u200bA altera\u00e7\u00e3o foca no <strong>Artigo 217-A do C\u00f3digo Penal<\/strong>. Com o novo texto, fica estabelecido que a puni\u00e7\u00e3o deve ser aplicada rigorosamente, independentemente de fatores que anteriormente eram usados pela defesa para tentar descaracterizar o crime.<\/p>\n\n\n\n<p class=\"wp-block-paragraph\">\u200b<strong>Fatores que n\u00e3o podem mais ser usados para afastar o crime:<\/strong><\/p>\n\n\n\n<ul class=\"wp-block-list\">\n<li>\u200b<strong>Consentimento da v\u00edtima:<\/strong> A lei reafirma que menores de 14 anos n\u00e3o possuem discernimento legal para consentir.<\/li>\n\n\n\n<li>\u200b<strong>Experi\u00eancia sexual pr\u00e9via:<\/strong> O hist\u00f3rico da crian\u00e7a ou adolescente \u00e9 irrelevante para a configura\u00e7\u00e3o do estupro.<\/li>\n\n\n\n<li>\u200b<strong>Relacionamento anterior:<\/strong> A exist\u00eancia de &#8220;namoro&#8221; ou uni\u00e3o est\u00e1vel com o agressor n\u00e3o mitiga a pena.<\/li>\n\n\n\n<li>\u200b<strong>Gravidez resultante:<\/strong> A ocorr\u00eancia de gesta\u00e7\u00e3o n\u00e3o serve como prova de &#8220;forma\u00e7\u00e3o de fam\u00edlia&#8221; para fins de absolvi\u00e7\u00e3o.<\/li>\n<\/ul>\n\n\n\n<h3 class=\"wp-block-heading\">\u200bEndurecimento e seguran\u00e7a jur\u00eddica<\/h3>\n\n\n\n<p class=\"wp-block-paragraph\">\u200bA ministra das Mulheres, <strong>C\u00e9lia Aparecida<\/strong>, destacou que a san\u00e7\u00e3o \u00e9 um &#8220;passo civilizat\u00f3rio&#8221;. Segundo o governo, a lei n\u00e3o cria um novo tipo penal, mas &#8220;fecha o cerco&#8221; contra brechas que permitiam a impunidade.<\/p>\n\n\n\n<p class=\"wp-block-paragraph\">\u200bDados do \u00faltimo <strong>Anu\u00e1rio Brasileiro de Seguran\u00e7a P\u00fablica<\/strong> refor\u00e7am a urg\u00eancia da medida: a maioria esmagadora das v\u00edtimas de viol\u00eancia sexual no Brasil s\u00e3o crian\u00e7as entre 10 e 13 anos, frequentemente agredidas dentro do ambiente familiar ou por pessoas de confian\u00e7a.<\/p>\n\n\n\n<h3 class=\"wp-block-heading\">\u200bImpacto imediato<\/h3>\n\n\n\n<p class=\"wp-block-paragraph\">\u200bA lei entra em vigor na data de sua publica\u00e7\u00e3o, ocorrida em edi\u00e7\u00e3o extra do <strong>Di\u00e1rio Oficial da Uni\u00e3o<\/strong> neste domingo. Al\u00e9m do estupro de vulner\u00e1vel, o governo Lula tem aproveitado o marco de mar\u00e7o para anunciar outras medidas, como o monitoramento eletr\u00f4nico obrigat\u00f3rio para condenados por crimes sexuais que recebam benef\u00edcios de sa\u00edda tempor\u00e1ria, refor\u00e7ando a vigil\u00e2ncia sobre agressores de mulheres e vulner\u00e1veis.<\/p>\n","protected":false},"excerpt":{"rendered":"<p>Em uma decis\u00e3o hist\u00f3rica no Dia Internacional da Mulher, o presidente Luiz In\u00e1cio Lula da Silva sancionou, neste domingo (8 de mar\u00e7o de 2026), a [&#8230;]<\/p>\n","protected":false},"author":1,"featured_media":5334,"comment_status":"open","ping_status":"open","sticky":false,"template":"","format":"standard","meta":{"_crdt_document":"","_jetpack_memberships_contains_paid_content":false,"footnotes":"","jetpack_publicize_message":"","jetpack_publicize_feature_enabled":true,"jetpack_social_post_already_shared":true,"jetpack_social_options":{"image_generator_settings":{"template":"highway","default_image_id":0,"font":"","enabled":false},"version":2}},"categories":[3],"tags":[],"class_list":["post-5333","post","type-post","status-publish","format-standard","has-post-thumbnail","hentry","category-brasil"],"jetpack_publicize_connections":[],"jetpack_featured_media_url":"https:\/\/i0.wp.com\/oexpressobr.com.br\/wp-content\/uploads\/2026\/03\/177298116469ad8bac733b6_1772981164_3x2_xl.jpg?fit=1200%2C800&ssl=1","jetpack_likes_enabled":true,"jetpack_sharing_enabled":true,"_links":{"self":[{"href":"https:\/\/oexpressobr.com.br\/index.php?rest_route=\/wp\/v2\/posts\/5333","targetHints":{"allow":["GET"]}}],"collection":[{"href":"https:\/\/oexpressobr.com.br\/index.php?rest_route=\/wp\/v2\/posts"}],"about":[{"href":"https:\/\/oexpressobr.com.br\/index.php?rest_route=\/wp\/v2\/types\/post"}],"author":[{"embeddable":true,"href":"https:\/\/oexpressobr.com.br\/index.php?rest_route=\/wp\/v2\/users\/1"}],"replies":[{"embeddable":true,"href":"https:\/\/oexpressobr.com.br\/index.php?rest_route=%2Fwp%2Fv2%2Fcomments&post=5333"}],"version-history":[{"count":1,"href":"https:\/\/oexpressobr.com.br\/index.php?rest_route=\/wp\/v2\/posts\/5333\/revisions"}],"predecessor-version":[{"id":5335,"href":"https:\/\/oexpressobr.com.br\/index.php?rest_route=\/wp\/v2\/posts\/5333\/revisions\/5335"}],"wp:featuredmedia":[{"embeddable":true,"href":"https:\/\/oexpressobr.com.br\/index.php?rest_route=\/wp\/v2\/media\/5334"}],"wp:attachment":[{"href":"https:\/\/oexpressobr.com.br\/index.php?rest_route=%2Fwp%2Fv2%2Fmedia&parent=5333"}],"wp:term":[{"taxonomy":"category","embeddable":true,"href":"https:\/\/oexpressobr.com.br\/index.php?rest_route=%2Fwp%2Fv2%2Fcategories&post=5333"},{"taxonomy":"post_tag","embeddable":true,"href":"https:\/\/oexpressobr.com.br\/index.php?rest_route=%2Fwp%2Fv2%2Ftags&post=5333"}],"curies":[{"name":"wp","href":"https:\/\/api.w.org\/{rel}","templated":true}]}}