{"id":5343,"date":"2026-03-08T17:11:40","date_gmt":"2026-03-08T20:11:40","guid":{"rendered":"https:\/\/oexpressobr.com.br\/?p=5343"},"modified":"2026-03-08T17:11:50","modified_gmt":"2026-03-08T20:11:50","slug":"israel-ataca-depositos-de-petroleo-em-teera-e-governo-iraniano-alerta-para-risco-de-chuva-acida","status":"publish","type":"post","link":"https:\/\/oexpressobr.com.br\/?p=5343","title":{"rendered":"Israel ataca dep\u00f3sitos de petr\u00f3leo em Teer\u00e3 e governo iraniano alerta para risco de chuva \u00e1cida"},"content":{"rendered":"\n<p class=\"wp-block-paragraph\">A capital do Ir\u00e3 viveu um cen\u00e1rio apocal\u00edptico neste domingo (8). O que deveria ser o amanhecer de um novo dia transformou-se em uma extens\u00e3o da noite ap\u00f3s uma s\u00e9rie de bombardeios coordenados pelas for\u00e7as de <strong>Israel<\/strong>, com apoio log\u00edstico dos <strong>Estados Unidos<\/strong>, atingirem infraestruturas cr\u00edticas de combust\u00edveis. A fuma\u00e7a densa e negra oriunda dos inc\u00eandios em quatro grandes dep\u00f3sitos de petr\u00f3leo e um centro de distribui\u00e7\u00e3o em Teer\u00e3 e na prov\u00edncia vizinha de Alborz encobriu o sol, for\u00e7ando motoristas a manterem os far\u00f3is acesos em plena manh\u00e3 na avenida Valiasr.<\/p>\n\n\n\n<h3 class=\"wp-block-heading\">\u200bO impacto ambiental e o alerta de sa\u00fade<\/h3>\n\n\n\n<p class=\"wp-block-paragraph\">\u200bO <strong>Crescente Vermelho do Ir\u00e3<\/strong> emitiu um alerta urgente de &#8220;risco iminente de chuva \u00e1cida&#8221; para os moradores da regi\u00e3o metropolitana. De acordo com a organiza\u00e7\u00e3o, a queima massiva de hidrocarbonetos liberou quantidades cr\u00edticas de \u00f3xidos de enxofre e nitrog\u00eanio na atmosfera.<\/p>\n\n\n\n<blockquote class=\"wp-block-quote is-layout-flow wp-block-quote-is-layout-flow\">\n<p class=\"wp-block-paragraph\">\u200b&#8221;Esses compostos, ao entrarem em contato com a umidade das nuvens, formam precipita\u00e7\u00f5es altamente corrosivas. J\u00e1 recebemos relatos de &#8216;chuva preta&#8217; com manchas de \u00f3leo em diversos bairros&#8221;, informou o \u00f3rg\u00e3o em comunicado oficial.<\/p>\n<\/blockquote>\n\n\n\n<p class=\"wp-block-paragraph\">\u200bAs autoridades de sa\u00fade recomendaram que a popula\u00e7\u00e3o:<\/p>\n\n\n\n<ul class=\"wp-block-list\">\n<li>\u200b<strong>Permane\u00e7a em locais fechados<\/strong> e evite qualquer atividade ao ar livre.<\/li>\n\n\n\n<li>\u200b<strong>Vede janelas e frestas<\/strong> para evitar a entrada de part\u00edculas t\u00f3xicas.<\/li>\n\n\n\n<li>\u200b<strong>N\u00e3o utilize \u00e1gua da chuva<\/strong> para consumo ou limpeza, devido \u00e0 alta concentra\u00e7\u00e3o de toxinas que podem causar queimaduras qu\u00edmicas e danos pulmonares.<\/li>\n<\/ul>\n\n\n\n<h3 class=\"wp-block-heading\">\u200bEscalada militar e v\u00edtimas<\/h3>\n\n\n\n<p class=\"wp-block-paragraph\">\u200bO balan\u00e7o preliminar indica ao menos <strong>seis mortos<\/strong>, incluindo quatro motoristas de caminh\u00f5es-tanque, e dezenas de feridos nos locais atingidos. O governo de <strong>Benjamin Netanyahu<\/strong> reivindicou a autoria dos ataques, afirmando que a opera\u00e7\u00e3o faz parte de uma nova fase da campanha militar para desmantelar a log\u00edstica de guerra do regime iraniano.<\/p>\n\n\n\n<p class=\"wp-block-paragraph\">\u200bEm contrapartida, o presidente do Ir\u00e3, <strong>Masoud Pezeshkian<\/strong>, classificou as a\u00e7\u00f5es como &#8220;guerra qu\u00edmica intencional contra civis&#8221; e prometeu retalia\u00e7\u00e3o, enquanto a Guarda Revolucion\u00e1ria j\u00e1 teria direcionado ataques a refinarias em Haifa, no norte de Israel.<\/p>\n\n\n\n<h3 class=\"wp-block-heading\">\u200bConsequ\u00eancias globais<\/h3>\n\n\n\n<p class=\"wp-block-paragraph\">\u200bO conflito, que entra agora em seu nono dia de intensifica\u00e7\u00e3o em 2026, j\u00e1 provoca ondas de choque na economia mundial. Pa\u00edses como <strong>Bangladesh<\/strong> iniciaram o racionamento de combust\u00edveis neste domingo devido \u00e0s incertezas no Estreito de Ormuz, e o pre\u00e7o do barril de petr\u00f3leo registrou nova alta nos mercados internacionais.<\/p>\n","protected":false},"excerpt":{"rendered":"<p>A capital do Ir\u00e3 viveu um cen\u00e1rio apocal\u00edptico neste domingo (8). O que deveria ser o amanhecer de um novo dia transformou-se em uma extens\u00e3o [&#8230;]<\/p>\n","protected":false},"author":1,"featured_media":5344,"comment_status":"open","ping_status":"open","sticky":false,"template":"","format":"standard","meta":{"_crdt_document":"","_jetpack_memberships_contains_paid_content":false,"footnotes":"","jetpack_publicize_message":"","jetpack_publicize_feature_enabled":true,"jetpack_social_post_already_shared":true,"jetpack_social_options":{"image_generator_settings":{"template":"highway","default_image_id":0,"font":"","enabled":false},"version":2}},"categories":[15],"tags":[],"class_list":["post-5343","post","type-post","status-publish","format-standard","has-post-thumbnail","hentry","category-internacional"],"jetpack_publicize_connections":[],"jetpack_featured_media_url":"https:\/\/i0.wp.com\/oexpressobr.com.br\/wp-content\/uploads\/2026\/03\/IMG-20260308-WA0271.jpg?fit=600%2C400&ssl=1","jetpack_likes_enabled":true,"jetpack_sharing_enabled":true,"_links":{"self":[{"href":"https:\/\/oexpressobr.com.br\/index.php?rest_route=\/wp\/v2\/posts\/5343","targetHints":{"allow":["GET"]}}],"collection":[{"href":"https:\/\/oexpressobr.com.br\/index.php?rest_route=\/wp\/v2\/posts"}],"about":[{"href":"https:\/\/oexpressobr.com.br\/index.php?rest_route=\/wp\/v2\/types\/post"}],"author":[{"embeddable":true,"href":"https:\/\/oexpressobr.com.br\/index.php?rest_route=\/wp\/v2\/users\/1"}],"replies":[{"embeddable":true,"href":"https:\/\/oexpressobr.com.br\/index.php?rest_route=%2Fwp%2Fv2%2Fcomments&post=5343"}],"version-history":[{"count":1,"href":"https:\/\/oexpressobr.com.br\/index.php?rest_route=\/wp\/v2\/posts\/5343\/revisions"}],"predecessor-version":[{"id":5345,"href":"https:\/\/oexpressobr.com.br\/index.php?rest_route=\/wp\/v2\/posts\/5343\/revisions\/5345"}],"wp:featuredmedia":[{"embeddable":true,"href":"https:\/\/oexpressobr.com.br\/index.php?rest_route=\/wp\/v2\/media\/5344"}],"wp:attachment":[{"href":"https:\/\/oexpressobr.com.br\/index.php?rest_route=%2Fwp%2Fv2%2Fmedia&parent=5343"}],"wp:term":[{"taxonomy":"category","embeddable":true,"href":"https:\/\/oexpressobr.com.br\/index.php?rest_route=%2Fwp%2Fv2%2Fcategories&post=5343"},{"taxonomy":"post_tag","embeddable":true,"href":"https:\/\/oexpressobr.com.br\/index.php?rest_route=%2Fwp%2Fv2%2Ftags&post=5343"}],"curies":[{"name":"wp","href":"https:\/\/api.w.org\/{rel}","templated":true}]}}