{"id":5346,"date":"2026-03-08T17:20:49","date_gmt":"2026-03-08T20:20:49","guid":{"rendered":"https:\/\/oexpressobr.com.br\/?p=5346"},"modified":"2026-03-08T17:20:58","modified_gmt":"2026-03-08T20:20:58","slug":"atleta-morre-apos-parada-cardiorrespiratoria-no-ironman-70-3-curitiba","status":"publish","type":"post","link":"https:\/\/oexpressobr.com.br\/?p=5346","title":{"rendered":"Atleta morre ap\u00f3s parada cardiorrespirat\u00f3ria no Ironman 70.3 Curitiba"},"content":{"rendered":"\n<p class=\"wp-block-paragraph\">Um atleta, cuja identidade ainda n\u00e3o foi oficialmente divulgada, morreu na manh\u00e3 deste domingo (8) durante a etapa de ciclismo do <strong>Ironman 70.3 Curitiba<\/strong>. O evento, que marca a estreia da renomada franquia de triatlo na capital paranaense, reuniu cerca de 1,5 mil competidores de 15 pa\u00edses.<\/p>\n\n\n\n<h3 class=\"wp-block-heading\">\u200bDetalhes do ocorrido<\/h3>\n\n\n\n<p class=\"wp-block-paragraph\">\u200bDe acordo com informa\u00e7\u00f5es da organiza\u00e7\u00e3o e de equipes de resgate, o competidor sofreu um mal s\u00fabito enquanto percorria o trecho de ciclismo no munic\u00edpio de <strong>Arauc\u00e1ria<\/strong>, na Regi\u00e3o Metropolitana.<\/p>\n\n\n\n<ul class=\"wp-block-list\">\n<li>\u200b<strong>Primeiro atendimento:<\/strong> Agentes da Guarda Municipal de Arauc\u00e1ria que monitoravam o percurso visualizaram a queda do ciclista e iniciaram imediatamente os protocolos de reanima\u00e7\u00e3o.<\/li>\n\n\n\n<li>\u200b<strong>Socorro m\u00e9dico:<\/strong> A equipe m\u00e9dica oficial da prova assumiu o atendimento no local e encaminhou o atleta ao Hospital Municipal de Arauc\u00e1ria.<\/li>\n\n\n\n<li>\u200b<strong>\u00d3bito:<\/strong> Durante o trajeto, o paciente sofreu novas paradas card\u00edacas. Apesar dos esfor\u00e7os das equipes de emerg\u00eancia, ele n\u00e3o resistiu e o \u00f3bito foi confirmado pouco ap\u00f3s a entrada na unidade hospitalar.<\/li>\n<\/ul>\n\n\n\n<h3 class=\"wp-block-heading\">\u200bPosicionamento oficial<\/h3>\n\n\n\n<p class=\"wp-block-paragraph\">\u200bEm nota oficial, a organiza\u00e7\u00e3o do <strong>Ironman 70.3<\/strong> lamentou profundamente a fatalidade e informou que est\u00e1 prestando todo o suporte necess\u00e1rio \u00e0 fam\u00edlia da v\u00edtima.<\/p>\n\n\n\n<blockquote class=\"wp-block-quote is-layout-flow wp-block-quote-is-layout-flow\">\n<p class=\"wp-block-paragraph\">\u200b&#8221;\u00c9 com grande tristeza que confirmamos o falecimento de um participante. Expressamos nossas mais sinceras condol\u00eancias \u00e0 fam\u00edlia e aos amigos do atleta&#8221;, diz o comunicado.<\/p>\n<\/blockquote>\n\n\n\n<p class=\"wp-block-paragraph\">\u200bPor quest\u00f5es de privacidade e em respeito aos familiares, detalhes sobre a origem ou idade do competidor foram preservados.<\/p>\n\n\n\n<h3 class=\"wp-block-heading\">\u200bA prova em Curitiba<\/h3>\n\n\n\n<p class=\"wp-block-paragraph\">\u200bO Ironman 70.3 Curitiba 2026 abriu o calend\u00e1rio nacional da modalidade. O percurso total de 113 km (70.3 milhas) compreende:<\/p>\n\n\n\n<ol class=\"wp-block-list\">\n<li>\u200b<strong>Nata\u00e7\u00e3o:<\/strong> 1,9 km na Represa do Passa\u00fana.<\/li>\n\n\n\n<li>\u200b<strong>Ciclismo:<\/strong> 90 km por estradas da regi\u00e3o metropolitana.<\/li>\n\n\n\n<li>\u200b<strong>Corrida:<\/strong> 21,1 km com chegada no Parque Barigui.<\/li>\n<\/ol>\n\n\n\n<p class=\"wp-block-paragraph\">\u200bMesmo com a trag\u00e9dia, a competi\u00e7\u00e3o seguiu o cronograma para os demais atletas, que contaram com um p\u00fablico estimado em 8 mil pessoas, entre acompanhantes e entusiastas do esporte.<\/p>\n","protected":false},"excerpt":{"rendered":"<p>Um atleta, cuja identidade ainda n\u00e3o foi oficialmente divulgada, morreu na manh\u00e3 deste domingo (8) durante a etapa de ciclismo do Ironman 70.3 Curitiba. O [&#8230;]<\/p>\n","protected":false},"author":1,"featured_media":5347,"comment_status":"open","ping_status":"open","sticky":false,"template":"","format":"standard","meta":{"_crdt_document":"","_jetpack_memberships_contains_paid_content":false,"footnotes":"","jetpack_publicize_message":"","jetpack_publicize_feature_enabled":true,"jetpack_social_post_already_shared":true,"jetpack_social_options":{"image_generator_settings":{"template":"highway","default_image_id":0,"font":"","enabled":false},"version":2}},"categories":[5],"tags":[],"class_list":["post-5346","post","type-post","status-publish","format-standard","has-post-thumbnail","hentry","category-parana"],"jetpack_publicize_connections":[],"jetpack_featured_media_url":"https:\/\/i0.wp.com\/oexpressobr.com.br\/wp-content\/uploads\/2026\/03\/image.jpeg?fit=984%2C548&ssl=1","jetpack_likes_enabled":true,"jetpack_sharing_enabled":true,"_links":{"self":[{"href":"https:\/\/oexpressobr.com.br\/index.php?rest_route=\/wp\/v2\/posts\/5346","targetHints":{"allow":["GET"]}}],"collection":[{"href":"https:\/\/oexpressobr.com.br\/index.php?rest_route=\/wp\/v2\/posts"}],"about":[{"href":"https:\/\/oexpressobr.com.br\/index.php?rest_route=\/wp\/v2\/types\/post"}],"author":[{"embeddable":true,"href":"https:\/\/oexpressobr.com.br\/index.php?rest_route=\/wp\/v2\/users\/1"}],"replies":[{"embeddable":true,"href":"https:\/\/oexpressobr.com.br\/index.php?rest_route=%2Fwp%2Fv2%2Fcomments&post=5346"}],"version-history":[{"count":1,"href":"https:\/\/oexpressobr.com.br\/index.php?rest_route=\/wp\/v2\/posts\/5346\/revisions"}],"predecessor-version":[{"id":5348,"href":"https:\/\/oexpressobr.com.br\/index.php?rest_route=\/wp\/v2\/posts\/5346\/revisions\/5348"}],"wp:featuredmedia":[{"embeddable":true,"href":"https:\/\/oexpressobr.com.br\/index.php?rest_route=\/wp\/v2\/media\/5347"}],"wp:attachment":[{"href":"https:\/\/oexpressobr.com.br\/index.php?rest_route=%2Fwp%2Fv2%2Fmedia&parent=5346"}],"wp:term":[{"taxonomy":"category","embeddable":true,"href":"https:\/\/oexpressobr.com.br\/index.php?rest_route=%2Fwp%2Fv2%2Fcategories&post=5346"},{"taxonomy":"post_tag","embeddable":true,"href":"https:\/\/oexpressobr.com.br\/index.php?rest_route=%2Fwp%2Fv2%2Ftags&post=5346"}],"curies":[{"name":"wp","href":"https:\/\/api.w.org\/{rel}","templated":true}]}}