{"id":5351,"date":"2026-03-08T17:31:22","date_gmt":"2026-03-08T20:31:22","guid":{"rendered":"https:\/\/oexpressobr.com.br\/?p=5351"},"modified":"2026-03-08T17:31:30","modified_gmt":"2026-03-08T20:31:30","slug":"fifa-estuda-endurecer-punicoes-contra-racismo-apos-novos-episodios-envolvendo-vini-jr","status":"publish","type":"post","link":"https:\/\/oexpressobr.com.br\/?p=5351","title":{"rendered":"Fifa estuda endurecer puni\u00e7\u00f5es contra racismo ap\u00f3s novos epis\u00f3dios envolvendo Vini Jr."},"content":{"rendered":"\n<p class=\"wp-block-paragraph\">\u200bA persistente luta de <strong>Vinicius Jr.<\/strong> contra as ofensas raciais nos gramados europeus atingiu o escal\u00e3o m\u00e1ximo do futebol mundial. O que come\u00e7ou como um desabafo individual de um atleta resiliente transformou-se em um catalisador para mudan\u00e7as estruturais na <strong>Fifa<\/strong>, que agora discute a implementa\u00e7\u00e3o de protocolos mais r\u00edgidos e puni\u00e7\u00f5es severas para casos de discrimina\u00e7\u00e3o em competi\u00e7\u00f5es oficiais.<\/p>\n\n\n\n<h3 class=\"wp-block-heading\">\u200bO &#8220;Protocolo Vini Jr.&#8221; em debate<\/h3>\n\n\n\n<p class=\"wp-block-paragraph\">\u200bA principal mudan\u00e7a em discuss\u00e3o foca na autonomia dos \u00e1rbitros e na responsabilidade direta dos clubes e federa\u00e7\u00f5es. Entre as medidas que ganharam for\u00e7a nos bastidores da entidade m\u00e1xima do futebol, destacam-se:<\/p>\n\n\n\n<ul class=\"wp-block-list\">\n<li>\u200b<strong>Interrup\u00e7\u00e3o imediata:<\/strong> A obrigatoriedade de paralisar a partida ao primeiro sinal de c\u00e2nticos ou ofensas racistas, sem a necessidade de m\u00faltiplos avisos pr\u00e9vios.<\/li>\n\n\n\n<li>\u200b<strong>Perda de pontos:<\/strong> A aplica\u00e7\u00e3o de san\u00e7\u00f5es esportivas diretas, como a perda de pontos para a equipe cuja torcida cometa atos discriminat\u00f3rios, indo al\u00e9m das multas financeiras que, at\u00e9 ent\u00e3o, mostram-se ineficazes.<\/li>\n\n\n\n<li>\u200b<strong>Banimento de est\u00e1dios:<\/strong> Um sistema de identifica\u00e7\u00e3o biom\u00e9trica e compartilhamento de dados para impedir que torcedores condenados acessem qualquer pra\u00e7a esportiva sob a chancela da Fifa.<\/li>\n<\/ul>\n\n\n\n<h3 class=\"wp-block-heading\">\u200bO peso da influ\u00eancia brasileira<\/h3>\n\n\n\n<p class=\"wp-block-paragraph\">\u200bVini Jr. n\u00e3o apenas denunciou os ataques, mas utilizou sua plataforma global para cobrar posicionamentos de marcas, patrocinadores e \u00f3rg\u00e3os governamentais. Esse movimento for\u00e7ou a Fifa a reconhecer que o racismo n\u00e3o \u00e9 um &#8220;incidente de jogo&#8221;, mas um problema sist\u00eamico que amea\u00e7a a integridade do esporte.<\/p>\n\n\n\n<blockquote class=\"wp-block-quote is-layout-flow wp-block-quote-is-layout-flow\">\n<p class=\"wp-block-paragraph\">\u200b&#8221;N\u00e3o basta apenas n\u00e3o ser racista, \u00e9 preciso ser antirracista. O futebol n\u00e3o pode ser um lugar onde o \u00f3dio \u00e9 tolerado sob o pretexto de paix\u00e3o club\u00edstica.&#8221; \u2014 <em>Resumo do coro que ecoa entre especialistas e defensores dos direitos humanos no esporte.<\/em><\/p>\n<\/blockquote>\n\n\n\n<h3 class=\"wp-block-heading\">\u200bPr\u00f3ximos passos<\/h3>\n\n\n\n<p class=\"wp-block-paragraph\">\u200bO Comit\u00ea Disciplinar da Fifa deve apresentar um relat\u00f3rio final com as novas diretrizes nas pr\u00f3ximas reuni\u00f5es do Conselho. A expectativa \u00e9 que as regras j\u00e1 estejam em pleno vigor para os pr\u00f3ximos ciclos de eliminat\u00f3rias e grandes torneios internacionais, consolidando o legado de Vinicius Jr. como um divisor de \u00e1guas na hist\u00f3ria do futebol moderno.<\/p>\n","protected":false},"excerpt":{"rendered":"<p>\u200bA persistente luta de Vinicius Jr. contra as ofensas raciais nos gramados europeus atingiu o escal\u00e3o m\u00e1ximo do futebol mundial. O que come\u00e7ou como um [&#8230;]<\/p>\n","protected":false},"author":1,"featured_media":5352,"comment_status":"open","ping_status":"open","sticky":false,"template":"","format":"standard","meta":{"_crdt_document":"","_jetpack_memberships_contains_paid_content":false,"footnotes":"","jetpack_publicize_message":"","jetpack_publicize_feature_enabled":true,"jetpack_social_post_already_shared":true,"jetpack_social_options":{"image_generator_settings":{"template":"highway","default_image_id":0,"font":"","enabled":false},"version":2}},"categories":[12],"tags":[],"class_list":["post-5351","post","type-post","status-publish","format-standard","has-post-thumbnail","hentry","category-esporte"],"jetpack_publicize_connections":[],"jetpack_featured_media_url":"https:\/\/i0.wp.com\/oexpressobr.com.br\/wp-content\/uploads\/2026\/03\/IMG-20260308-WA0296.png?fit=1687%2C948&ssl=1","jetpack_likes_enabled":true,"jetpack_sharing_enabled":true,"_links":{"self":[{"href":"https:\/\/oexpressobr.com.br\/index.php?rest_route=\/wp\/v2\/posts\/5351","targetHints":{"allow":["GET"]}}],"collection":[{"href":"https:\/\/oexpressobr.com.br\/index.php?rest_route=\/wp\/v2\/posts"}],"about":[{"href":"https:\/\/oexpressobr.com.br\/index.php?rest_route=\/wp\/v2\/types\/post"}],"author":[{"embeddable":true,"href":"https:\/\/oexpressobr.com.br\/index.php?rest_route=\/wp\/v2\/users\/1"}],"replies":[{"embeddable":true,"href":"https:\/\/oexpressobr.com.br\/index.php?rest_route=%2Fwp%2Fv2%2Fcomments&post=5351"}],"version-history":[{"count":1,"href":"https:\/\/oexpressobr.com.br\/index.php?rest_route=\/wp\/v2\/posts\/5351\/revisions"}],"predecessor-version":[{"id":5353,"href":"https:\/\/oexpressobr.com.br\/index.php?rest_route=\/wp\/v2\/posts\/5351\/revisions\/5353"}],"wp:featuredmedia":[{"embeddable":true,"href":"https:\/\/oexpressobr.com.br\/index.php?rest_route=\/wp\/v2\/media\/5352"}],"wp:attachment":[{"href":"https:\/\/oexpressobr.com.br\/index.php?rest_route=%2Fwp%2Fv2%2Fmedia&parent=5351"}],"wp:term":[{"taxonomy":"category","embeddable":true,"href":"https:\/\/oexpressobr.com.br\/index.php?rest_route=%2Fwp%2Fv2%2Fcategories&post=5351"},{"taxonomy":"post_tag","embeddable":true,"href":"https:\/\/oexpressobr.com.br\/index.php?rest_route=%2Fwp%2Fv2%2Ftags&post=5351"}],"curies":[{"name":"wp","href":"https:\/\/api.w.org\/{rel}","templated":true}]}}