{"id":5354,"date":"2026-03-08T17:38:05","date_gmt":"2026-03-08T20:38:05","guid":{"rendered":"https:\/\/oexpressobr.com.br\/?p=5354"},"modified":"2026-03-08T17:38:16","modified_gmt":"2026-03-08T20:38:16","slug":"venezuela-liberta-presos-politicos-em-caracas-sob-nova-lei-de-anistia-e-pressao-de-familiares","status":"publish","type":"post","link":"https:\/\/oexpressobr.com.br\/?p=5354","title":{"rendered":"Venezuela liberta presos pol\u00edticos em Caracas sob nova lei de anistia e press\u00e3o de familiares"},"content":{"rendered":"\n<p class=\"wp-block-paragraph\">Em um desdobramento que marca o novo cen\u00e1rio pol\u00edtico da Venezuela, pelo menos 17 presos pol\u00edticos foram libertados no \u00faltimo s\u00e1bado (7) da pris\u00e3o da Pol\u00edcia Nacional, conhecida como Zona 7, em Caracas. A soltura ocorre duas semanas ap\u00f3s a san\u00e7\u00e3o de uma pol\u00eamica Lei de Anistia pela presidente interina Delcy Rodr\u00edguez, em meio a um processo de transi\u00e7\u00e3o iniciado ap\u00f3s a captura de Nicol\u00e1s Maduro por for\u00e7as americanas em janeiro deste ano.<\/p>\n\n\n\n<p class=\"wp-block-paragraph\">\u200bA libera\u00e7\u00e3o foi acompanhada por cenas de forte emo\u00e7\u00e3o. Familiares, que h\u00e1 meses montavam vig\u00edlia em barracas e chegaram a se acorrentar aos port\u00f5es da penitenci\u00e1ria para exigir justi\u00e7a, celebraram com gritos de &#8220;liberdade&#8221; e abra\u00e7os. Omar Torres, um dos opositores libertados, relatou que o aviso dos agentes penitenci\u00e1rios foi direto: &#8220;Vistam-se que v\u00e3o todos embora&#8221;.<\/p>\n\n\n\n<h3 class=\"wp-block-heading\">\u200bA Lei de Anistia e os n\u00fameros da repress\u00e3o<\/h3>\n\n\n\n<p class=\"wp-block-paragraph\">\u200bEmbora o governo interino celebre as solturas como um passo para a &#8220;reconcilia\u00e7\u00e3o nacional&#8221;, a medida \u00e9 vista com cautela por organiza\u00e7\u00f5es de direitos humanos. Segundo a ONG Foro Penal, coordenada por Alfredo Romero, mais de 620 presos pol\u00edticos j\u00e1 foram soltos desde o in\u00edcio de janeiro, mas cerca de 500 pessoas permanecem detidas por motivos pol\u00edticos, incluindo militares e cidad\u00e3os estrangeiros.<\/p>\n\n\n\n<p class=\"wp-block-paragraph\">\u200bA nova legisla\u00e7\u00e3o, aprovada pelo Parlamento presidido por Jorge Rodr\u00edguez, prev\u00ea o perd\u00e3o para crimes pol\u00edticos cometidos entre 1999 e 2026. No entanto, o texto exclui explicitamente condenados por:<\/p>\n\n\n\n<ul class=\"wp-block-list\">\n<li>\u200bViola\u00e7\u00f5es graves de direitos humanos e crimes contra a humanidade;<\/li>\n\n\n\n<li>\u200bTr\u00e1fico de entorpecentes e corrup\u00e7\u00e3o;<\/li>\n\n\n\n<li>\u200bHomic\u00eddio doloso.<\/li>\n<\/ul>\n\n\n\n<h3 class=\"wp-block-heading\">\u200bCondicionalidades e cr\u00edticas<\/h3>\n\n\n\n<p class=\"wp-block-paragraph\">\u200bDiferente de libera\u00e7\u00f5es ocorridas em outros centros de deten\u00e7\u00e3o, os detentos da Zona 7 sa\u00edram sob medidas restritivas. Eles ainda dever\u00e3o comparecer periodicamente aos tribunais para que seus processos sejam formalmente arquivados e a liberdade plena seja concedida.<\/p>\n\n\n\n<p class=\"wp-block-paragraph\">\u200bA oposi\u00e7\u00e3o, liderada por figuras como Mar\u00eda Corina Machado, e grupos da sociedade civil argumentam que, embora as solturas sejam um al\u00edvio, a anistia ainda \u00e9 &#8220;limitada&#8221;. Eles cobram o desmantelamento completo do aparato repressivo para garantir que novas pris\u00f5es arbitr\u00e1rias n\u00e3o ocorram durante o processo eleitoral e de reestrutura\u00e7\u00e3o do pa\u00eds.<\/p>\n\n\n\n<h3 class=\"wp-block-heading\">\u200bContexto internacional<\/h3>\n\n\n\n<p class=\"wp-block-paragraph\">\u200bA transi\u00e7\u00e3o venezuelana segue sob o olhar atento da comunidade internacional. A encarregada de Neg\u00f3cios dos Estados Unidos, Laura Dogu, tem sido citada por familiares como uma figura de press\u00e3o importante para acelerar o cumprimento da lei. Enquanto o pa\u00eds tenta virar a p\u00e1gina do governo Maduro, a situa\u00e7\u00e3o dos centenas de detentos que permanecem no Helicoide e em outras pris\u00f5es continua sendo o principal term\u00f4metro da estabilidade democr\u00e1tica na regi\u00e3o.<\/p>\n","protected":false},"excerpt":{"rendered":"<p>Em um desdobramento que marca o novo cen\u00e1rio pol\u00edtico da Venezuela, pelo menos 17 presos pol\u00edticos foram libertados no \u00faltimo s\u00e1bado (7) da pris\u00e3o da [&#8230;]<\/p>\n","protected":false},"author":1,"featured_media":5355,"comment_status":"open","ping_status":"open","sticky":false,"template":"","format":"standard","meta":{"_crdt_document":"","_jetpack_memberships_contains_paid_content":false,"footnotes":"","jetpack_publicize_message":"","jetpack_publicize_feature_enabled":true,"jetpack_social_post_already_shared":true,"jetpack_social_options":{"image_generator_settings":{"template":"highway","default_image_id":0,"font":"","enabled":false},"version":2}},"categories":[15],"tags":[],"class_list":["post-5354","post","type-post","status-publish","format-standard","has-post-thumbnail","hentry","category-internacional"],"jetpack_publicize_connections":[],"jetpack_featured_media_url":"https:\/\/i0.wp.com\/oexpressobr.com.br\/wp-content\/uploads\/2026\/03\/IMG-20260308-WA0299.jpg?fit=1200%2C800&ssl=1","jetpack_likes_enabled":true,"jetpack_sharing_enabled":true,"_links":{"self":[{"href":"https:\/\/oexpressobr.com.br\/index.php?rest_route=\/wp\/v2\/posts\/5354","targetHints":{"allow":["GET"]}}],"collection":[{"href":"https:\/\/oexpressobr.com.br\/index.php?rest_route=\/wp\/v2\/posts"}],"about":[{"href":"https:\/\/oexpressobr.com.br\/index.php?rest_route=\/wp\/v2\/types\/post"}],"author":[{"embeddable":true,"href":"https:\/\/oexpressobr.com.br\/index.php?rest_route=\/wp\/v2\/users\/1"}],"replies":[{"embeddable":true,"href":"https:\/\/oexpressobr.com.br\/index.php?rest_route=%2Fwp%2Fv2%2Fcomments&post=5354"}],"version-history":[{"count":1,"href":"https:\/\/oexpressobr.com.br\/index.php?rest_route=\/wp\/v2\/posts\/5354\/revisions"}],"predecessor-version":[{"id":5356,"href":"https:\/\/oexpressobr.com.br\/index.php?rest_route=\/wp\/v2\/posts\/5354\/revisions\/5356"}],"wp:featuredmedia":[{"embeddable":true,"href":"https:\/\/oexpressobr.com.br\/index.php?rest_route=\/wp\/v2\/media\/5355"}],"wp:attachment":[{"href":"https:\/\/oexpressobr.com.br\/index.php?rest_route=%2Fwp%2Fv2%2Fmedia&parent=5354"}],"wp:term":[{"taxonomy":"category","embeddable":true,"href":"https:\/\/oexpressobr.com.br\/index.php?rest_route=%2Fwp%2Fv2%2Fcategories&post=5354"},{"taxonomy":"post_tag","embeddable":true,"href":"https:\/\/oexpressobr.com.br\/index.php?rest_route=%2Fwp%2Fv2%2Ftags&post=5354"}],"curies":[{"name":"wp","href":"https:\/\/api.w.org\/{rel}","templated":true}]}}