{"id":5357,"date":"2026-03-08T17:44:45","date_gmt":"2026-03-08T20:44:45","guid":{"rendered":"https:\/\/oexpressobr.com.br\/?p=5357"},"modified":"2026-03-08T17:44:55","modified_gmt":"2026-03-08T20:44:55","slug":"lula-apresenta-exames-normais-apos-check-up-de-rotina-no-hospital-sirio-libanes","status":"publish","type":"post","link":"https:\/\/oexpressobr.com.br\/?p=5357","title":{"rendered":"Lula apresenta exames normais ap\u00f3s check-up de rotina no Hospital S\u00edrio-Liban\u00eas"},"content":{"rendered":"\n<p class=\"wp-block-paragraph\">O presidente Luiz In\u00e1cio Lula da Silva realizou, na manh\u00e3 deste domingo (8), uma bateria de exames preventivos no <strong>Hospital S\u00edrio-Liban\u00eas<\/strong>, em S\u00e3o Paulo. De acordo com o boletim m\u00e9dico oficial divulgado pela institui\u00e7\u00e3o, os resultados apontam que o estado de sa\u00fade do mandat\u00e1rio \u00e9 est\u00e1vel e dentro da normalidade para sua faixa et\u00e1ria.<\/p>\n\n\n\n<p class=\"wp-block-paragraph\">\u200bA visita ao hospital j\u00e1 estava programada como parte do acompanhamento peri\u00f3dico da sa\u00fade presidencial. Lula chegou \u00e0 unidade de sa\u00fade por volta das 9h e passou por avalia\u00e7\u00f5es cl\u00ednicas e exames de imagem, sendo liberado poucas horas depois para seguir com sua agenda pessoal na capital paulista.<\/p>\n\n\n\n<h3 class=\"wp-block-heading\">\u200bDetalhes do boletim m\u00e9dico<\/h3>\n\n\n\n<p class=\"wp-block-paragraph\">\u200bO documento assinado pela equipe m\u00e9dica destaca que n\u00e3o houve intercorr\u00eancias durante os procedimentos. Os principais pontos do boletim incluem:<\/p>\n\n\n\n<ul class=\"wp-block-list\">\n<li>\u200b<strong>Resultados:<\/strong> Todos os exames laboratoriais e de imagem apresentaram par\u00e2metros normais.<\/li>\n\n\n\n<li>\u200b<strong>Equipe Respons\u00e1vel:<\/strong> O acompanhamento continua sob a coordena\u00e7\u00e3o direta do m\u00e9dico particular do presidente, <strong>Roberto Kalil Filho<\/strong>, e da m\u00e9dica Ana Helena Germoglio.<\/li>\n\n\n\n<li>\u200b<strong>Recomenda\u00e7\u00f5es:<\/strong> N\u00e3o foram indicadas altera\u00e7\u00f5es na rotina de trabalho ou restri\u00e7\u00f5es imediatas, mantendo-se apenas a vigil\u00e2ncia preventiva habitual.<\/li>\n<\/ul>\n\n\n\n<h3 class=\"wp-block-heading\">\u200bContexto e hist\u00f3rico<\/h3>\n\n\n\n<p class=\"wp-block-paragraph\">\u200bA sa\u00fade do presidente tem sido monitorada com rigor, especialmente ap\u00f3s os procedimentos cir\u00fargicos realizados no \u00faltimo ano e a queda dom\u00e9stica sofrida no final de 2024, que exigiu exames de imagem recorrentes para monitorar a regi\u00e3o da cabe\u00e7a.<\/p>\n\n\n\n<p class=\"wp-block-paragraph\">\u200bAtualmente, Lula mant\u00e9m uma rotina de exerc\u00edcios f\u00edsicos e acompanhamento diet\u00e9tico para garantir o f\u00f4lego necess\u00e1rio \u00e0 densa agenda internacional e dom\u00e9stica prevista para o primeiro semestre de 2026. Ap\u00f3s a conclus\u00e3o do check-up, a previs\u00e3o \u00e9 que o presidente retorne a Bras\u00edlia ainda hoje ou na manh\u00e3 de segunda-feira para retomar os despachos no Pal\u00e1cio do Planalto.<\/p>\n","protected":false},"excerpt":{"rendered":"<p>O presidente Luiz In\u00e1cio Lula da Silva realizou, na manh\u00e3 deste domingo (8), uma bateria de exames preventivos no Hospital S\u00edrio-Liban\u00eas, em S\u00e3o Paulo. De [&#8230;]<\/p>\n","protected":false},"author":1,"featured_media":5358,"comment_status":"open","ping_status":"open","sticky":false,"template":"","format":"standard","meta":{"_crdt_document":"","_jetpack_memberships_contains_paid_content":false,"footnotes":"","jetpack_publicize_message":"","jetpack_publicize_feature_enabled":true,"jetpack_social_post_already_shared":true,"jetpack_social_options":{"image_generator_settings":{"template":"highway","default_image_id":0,"font":"","enabled":false},"version":2}},"categories":[3],"tags":[],"class_list":["post-5357","post","type-post","status-publish","format-standard","has-post-thumbnail","hentry","category-brasil"],"jetpack_publicize_connections":[],"jetpack_featured_media_url":"https:\/\/i0.wp.com\/oexpressobr.com.br\/wp-content\/uploads\/2026\/03\/IMG-20260308-WA0309.jpg?fit=1200%2C714&ssl=1","jetpack_likes_enabled":true,"jetpack_sharing_enabled":true,"_links":{"self":[{"href":"https:\/\/oexpressobr.com.br\/index.php?rest_route=\/wp\/v2\/posts\/5357","targetHints":{"allow":["GET"]}}],"collection":[{"href":"https:\/\/oexpressobr.com.br\/index.php?rest_route=\/wp\/v2\/posts"}],"about":[{"href":"https:\/\/oexpressobr.com.br\/index.php?rest_route=\/wp\/v2\/types\/post"}],"author":[{"embeddable":true,"href":"https:\/\/oexpressobr.com.br\/index.php?rest_route=\/wp\/v2\/users\/1"}],"replies":[{"embeddable":true,"href":"https:\/\/oexpressobr.com.br\/index.php?rest_route=%2Fwp%2Fv2%2Fcomments&post=5357"}],"version-history":[{"count":1,"href":"https:\/\/oexpressobr.com.br\/index.php?rest_route=\/wp\/v2\/posts\/5357\/revisions"}],"predecessor-version":[{"id":5359,"href":"https:\/\/oexpressobr.com.br\/index.php?rest_route=\/wp\/v2\/posts\/5357\/revisions\/5359"}],"wp:featuredmedia":[{"embeddable":true,"href":"https:\/\/oexpressobr.com.br\/index.php?rest_route=\/wp\/v2\/media\/5358"}],"wp:attachment":[{"href":"https:\/\/oexpressobr.com.br\/index.php?rest_route=%2Fwp%2Fv2%2Fmedia&parent=5357"}],"wp:term":[{"taxonomy":"category","embeddable":true,"href":"https:\/\/oexpressobr.com.br\/index.php?rest_route=%2Fwp%2Fv2%2Fcategories&post=5357"},{"taxonomy":"post_tag","embeddable":true,"href":"https:\/\/oexpressobr.com.br\/index.php?rest_route=%2Fwp%2Fv2%2Ftags&post=5357"}],"curies":[{"name":"wp","href":"https:\/\/api.w.org\/{rel}","templated":true}]}}