{"id":5370,"date":"2026-03-09T03:29:03","date_gmt":"2026-03-09T06:29:03","guid":{"rendered":"https:\/\/oexpressobr.com.br\/?p=5370"},"modified":"2026-03-09T03:29:14","modified_gmt":"2026-03-09T06:29:14","slug":"mojtaba-khamenei-assume-comando-do-ira-apos-morte-de-ali-khamenei-em-ofensiva-atribuida-a-eua-e-israel","status":"publish","type":"post","link":"https:\/\/oexpressobr.com.br\/?p=5370","title":{"rendered":"Mojtaba Khamenei assume comando do Ir\u00e3 ap\u00f3s morte de Ali Khamenei em ofensiva atribu\u00edda a EUA e Israel"},"content":{"rendered":"\n<p class=\"wp-block-paragraph\">O Ir\u00e3 vive uma virada hist\u00f3rica e incerta em sua estrutura de poder. Ap\u00f3s a confirma\u00e7\u00e3o da morte do aiatol\u00e1 <strong>Ali Khamenei<\/strong>, ocorrida em 28 de fevereiro durante um ataque atribu\u00eddo a for\u00e7as conjuntas dos <strong>Estados Unidos e Israel<\/strong>, o cl\u00e9rigo <strong>Mojtaba Khamenei<\/strong> foi anunciado como o novo L\u00edder Supremo do pa\u00eds.<\/p>\n\n\n\n<p class=\"wp-block-paragraph\">\u200bA sucess\u00e3o ocorre em um momento de extrema fragilidade regional e rompe com a tradi\u00e7\u00e3o de uma transi\u00e7\u00e3o lenta, acelerada pela gravidade do atentado que vitimou a principal lideran\u00e7a do pa\u00eds desde 1989.<\/p>\n\n\n\n<h3 class=\"wp-block-heading\">\u200bO peso do cargo e o novo perfil<\/h3>\n\n\n\n<p class=\"wp-block-paragraph\">\u200bDiferente de sistemas democr\u00e1ticos ou monarquias parlamentares, o posto de <strong>L\u00edder Supremo<\/strong> concentra a autoridade m\u00e1xima tanto religiosa quanto de Estado. De acordo com a Constitui\u00e7\u00e3o estabelecida na <strong>Revolu\u00e7\u00e3o de 1979<\/strong>, o ocupante do cargo tem a palavra final sobre:<\/p>\n\n\n\n<ul class=\"wp-block-list\">\n<li>\u200b<strong>For\u00e7as Armadas:<\/strong> Comando direto da Guarda Revolucion\u00e1ria e do Ex\u00e9rcito.<\/li>\n\n\n\n<li>\u200b<strong>Pol\u00edtica Externa:<\/strong> Defini\u00e7\u00e3o de diretrizes nucleares e alian\u00e7as regionais.<\/li>\n\n\n\n<li>\u200b<strong>Poder Institucional:<\/strong> Autoridade superior \u00e0 do Presidente e do Parlamento.<\/li>\n<\/ul>\n\n\n\n<p class=\"wp-block-paragraph\">\u200bMojtaba Khamenei, segundo filho de Ali Khamenei, j\u00e1 era apontado por analistas internacionais como uma figura de influ\u00eancia nos bastidores, especialmente junto \u00e0 <strong>Guarda Revolucion\u00e1ria (IRGC)<\/strong>. Sua ascens\u00e3o, no entanto, deve enfrentar o desafio de legitima\u00e7\u00e3o interna, dado que a transmiss\u00e3o de poder &#8220;de pai para filho&#8221; aproxima a Rep\u00fablica Isl\u00e2mica de um modelo heredit\u00e1rio, algo que foi combatido durante a queda do X\u00e1.<\/p>\n\n\n\n<h3 class=\"wp-block-heading\">\u200bContexto de crise e tens\u00e3o global<\/h3>\n\n\n\n<p class=\"wp-block-paragraph\">\u200bA ofensiva do dia 28 de fevereiro marca o ponto mais cr\u00edtico das tens\u00f5es no Oriente M\u00e9dio nas \u00faltimas d\u00e9cadas. A comunidade internacional aguarda o primeiro discurso oficial de Mojtaba, que herdar\u00e1 um pa\u00eds sob severas san\u00e7\u00f5es econ\u00f4micas e em meio a uma promessa de retalia\u00e7\u00e3o contra alvos americanos e israelenses.<\/p>\n\n\n\n<p class=\"wp-block-paragraph\">\u200bAt\u00e9 o momento, o Conselho de Especialistas do Ir\u00e3 ratificou a nomea\u00e7\u00e3o em car\u00e1ter de urg\u00eancia para evitar um v\u00e1cuo de poder, enquanto Teer\u00e3 permanece sob estado de alerta m\u00e1ximo.<\/p>\n\n\n\n<blockquote class=\"wp-block-quote is-layout-flow wp-block-quote-is-layout-flow\">\n<p class=\"wp-block-paragraph\">\u200b<strong>Nota do Editor:<\/strong> A imagem de Morteza Nikoubazl registra o clima de tens\u00e3o nas ruas de Teer\u00e3 ap\u00f3s o an\u00fancio oficial da sucess\u00e3o.<\/p>\n<\/blockquote>\n","protected":false},"excerpt":{"rendered":"<p>O Ir\u00e3 vive uma virada hist\u00f3rica e incerta em sua estrutura de poder. Ap\u00f3s a confirma\u00e7\u00e3o da morte do aiatol\u00e1 Ali Khamenei, ocorrida em 28 [&#8230;]<\/p>\n","protected":false},"author":1,"featured_media":5371,"comment_status":"open","ping_status":"open","sticky":false,"template":"","format":"standard","meta":{"_crdt_document":"","_jetpack_memberships_contains_paid_content":false,"footnotes":"","jetpack_publicize_message":"","jetpack_publicize_feature_enabled":true,"jetpack_social_post_already_shared":true,"jetpack_social_options":{"image_generator_settings":{"template":"highway","default_image_id":0,"font":"","enabled":false},"version":2}},"categories":[15],"tags":[],"class_list":["post-5370","post","type-post","status-publish","format-standard","has-post-thumbnail","hentry","category-internacional"],"jetpack_publicize_connections":[],"jetpack_featured_media_url":"https:\/\/i0.wp.com\/oexpressobr.com.br\/wp-content\/uploads\/2026\/03\/IMG-20260309-WA0060.jpg?fit=900%2C506&ssl=1","jetpack_likes_enabled":true,"jetpack_sharing_enabled":true,"_links":{"self":[{"href":"https:\/\/oexpressobr.com.br\/index.php?rest_route=\/wp\/v2\/posts\/5370","targetHints":{"allow":["GET"]}}],"collection":[{"href":"https:\/\/oexpressobr.com.br\/index.php?rest_route=\/wp\/v2\/posts"}],"about":[{"href":"https:\/\/oexpressobr.com.br\/index.php?rest_route=\/wp\/v2\/types\/post"}],"author":[{"embeddable":true,"href":"https:\/\/oexpressobr.com.br\/index.php?rest_route=\/wp\/v2\/users\/1"}],"replies":[{"embeddable":true,"href":"https:\/\/oexpressobr.com.br\/index.php?rest_route=%2Fwp%2Fv2%2Fcomments&post=5370"}],"version-history":[{"count":1,"href":"https:\/\/oexpressobr.com.br\/index.php?rest_route=\/wp\/v2\/posts\/5370\/revisions"}],"predecessor-version":[{"id":5372,"href":"https:\/\/oexpressobr.com.br\/index.php?rest_route=\/wp\/v2\/posts\/5370\/revisions\/5372"}],"wp:featuredmedia":[{"embeddable":true,"href":"https:\/\/oexpressobr.com.br\/index.php?rest_route=\/wp\/v2\/media\/5371"}],"wp:attachment":[{"href":"https:\/\/oexpressobr.com.br\/index.php?rest_route=%2Fwp%2Fv2%2Fmedia&parent=5370"}],"wp:term":[{"taxonomy":"category","embeddable":true,"href":"https:\/\/oexpressobr.com.br\/index.php?rest_route=%2Fwp%2Fv2%2Fcategories&post=5370"},{"taxonomy":"post_tag","embeddable":true,"href":"https:\/\/oexpressobr.com.br\/index.php?rest_route=%2Fwp%2Fv2%2Ftags&post=5370"}],"curies":[{"name":"wp","href":"https:\/\/api.w.org\/{rel}","templated":true}]}}