{"id":5381,"date":"2026-03-09T03:50:58","date_gmt":"2026-03-09T06:50:58","guid":{"rendered":"https:\/\/oexpressobr.com.br\/?p=5381"},"modified":"2026-03-09T03:51:07","modified_gmt":"2026-03-09T06:51:07","slug":"mulher-e-detida-apos-disparar-contra-a-mansao-de-rihanna-em-beverly-hills","status":"publish","type":"post","link":"https:\/\/oexpressobr.com.br\/?p=5381","title":{"rendered":"Mulher \u00e9 detida ap\u00f3s disparar contra a mans\u00e3o de Rihanna em Beverly Hills"},"content":{"rendered":"\n<p class=\"wp-block-paragraph\">Uma mulher de 30 anos foi presa pela pol\u00edcia de Los Angeles no \u00faltimo domingo, 8 de mar\u00e7o de 2026, ap\u00f3s abrir fogo contra a resid\u00eancia da cantora e empres\u00e1ria <strong>Rihanna<\/strong>, localizada no prestigiado bairro de Beverly Hills. Segundo relatos das autoridades e de ve\u00edculos de imprensa locais, a artista estava no im\u00f3vel no momento do ataque, mas n\u00e3o sofreu ferimentos.<\/p>\n\n\n\n<h3 class=\"wp-block-heading\">\u200bO incidente e a resposta policial<\/h3>\n\n\n\n<p class=\"wp-block-paragraph\">\u200bO ataque ocorreu por volta das <strong>13h20<\/strong> (hor\u00e1rio local). De acordo com o Departamento de Pol\u00edcia de Los Angeles (LAPD), a suspeita estava a bordo de um ve\u00edculo \u2014 identificado por testemunhas e registros de r\u00e1dio como um <strong>Tesla branco<\/strong> \u2014 estacionado do outro lado da rua em rela\u00e7\u00e3o ao port\u00e3o principal da propriedade.<\/p>\n\n\n\n<ul class=\"wp-block-list\">\n<li>\u200b<strong>Disparos:<\/strong> Foram efetuados aproximadamente <strong>10 disparos<\/strong> em dire\u00e7\u00e3o \u00e0 mans\u00e3o.<\/li>\n\n\n\n<li>\u200b<strong>Danos:<\/strong> Pelo menos um proj\u00e9til perfurou uma das paredes da resid\u00eancia.<\/li>\n\n\n\n<li>\u200b<strong>Armamento:<\/strong> Relatos preliminares indicam que a mulher utilizou um fuzil de estilo <strong>AR-15<\/strong>.<\/li>\n<\/ul>\n\n\n\n<h3 class=\"wp-block-heading\">\u200bDeten\u00e7\u00e3o da suspeita<\/h3>\n\n\n\n<p class=\"wp-block-paragraph\">\u200bA a\u00e7\u00e3o da pol\u00edcia foi r\u00e1pida. Cerca de 30 minutos ap\u00f3s a primeira chamada de emerg\u00eancia, os oficiais localizaram o ve\u00edculo no estacionamento de um shopping center em <strong>Sherman Oaks<\/strong>, a cerca de 13 quil\u00f4metros de dist\u00e2ncia do local do crime. A mulher foi detida sem resist\u00eancia e a arma utilizada foi recuperada dentro do autom\u00f3vel.<\/p>\n\n\n\n<p class=\"wp-block-paragraph\">\u200bAt\u00e9 o momento, a identidade da agressora n\u00e3o foi revelada pelas autoridades e a motiva\u00e7\u00e3o por tr\u00e1s do ataque permanece sob investiga\u00e7\u00e3o.<\/p>\n\n\n\n<h3 class=\"wp-block-heading\">\u200bEstado da artista e fam\u00edlia<\/h3>\n\n\n\n<p class=\"wp-block-paragraph\">\u200bRihanna, de 38 anos, vive na mans\u00e3o com seu parceiro, o rapper <strong>A$AP Rocky<\/strong>, e os tr\u00eas filhos do casal: <strong>RZA<\/strong>, <strong>Riot Rose<\/strong> e a pequena <strong>Rocki Irish<\/strong>, de apenas 5 meses. Embora fontes pr\u00f3ximas tenham confirmado que a cantora est\u00e1 bem, n\u00e3o foi detalhado se os demais membros da fam\u00edlia estavam presentes na casa no instante dos disparos.<\/p>\n\n\n\n<p class=\"wp-block-paragraph\">\u200bRepresentantes da artista ainda n\u00e3o emitiram um comunicado oficial sobre o ocorrido.<\/p>\n\n\n\n<blockquote class=\"wp-block-quote is-layout-flow wp-block-quote-is-layout-flow\">\n<p class=\"wp-block-paragraph\">\u200b<strong>Nota do Editor:<\/strong> O caso segue sob cust\u00f3dia da Divis\u00e3o de Roubos e Homic\u00eddios do LAPD para determinar se houve uma motiva\u00e7\u00e3o espec\u00edfica ou se trata de um ato isolado de persegui\u00e7\u00e3o.<\/p>\n<\/blockquote>\n","protected":false},"excerpt":{"rendered":"<p>Uma mulher de 30 anos foi presa pela pol\u00edcia de Los Angeles no \u00faltimo domingo, 8 de mar\u00e7o de 2026, ap\u00f3s abrir fogo contra a [&#8230;]<\/p>\n","protected":false},"author":1,"featured_media":5382,"comment_status":"open","ping_status":"open","sticky":false,"template":"","format":"standard","meta":{"_crdt_document":"","_jetpack_memberships_contains_paid_content":false,"footnotes":"","jetpack_publicize_message":"","jetpack_publicize_feature_enabled":true,"jetpack_social_post_already_shared":true,"jetpack_social_options":{"image_generator_settings":{"template":"highway","default_image_id":0,"font":"","enabled":false},"version":2}},"categories":[14],"tags":[],"class_list":["post-5381","post","type-post","status-publish","format-standard","has-post-thumbnail","hentry","category-famosos"],"jetpack_publicize_connections":[],"jetpack_featured_media_url":"https:\/\/i0.wp.com\/oexpressobr.com.br\/wp-content\/uploads\/2026\/03\/IMG-20260309-WA0066.jpg?fit=600%2C400&ssl=1","jetpack_likes_enabled":true,"jetpack_sharing_enabled":true,"_links":{"self":[{"href":"https:\/\/oexpressobr.com.br\/index.php?rest_route=\/wp\/v2\/posts\/5381","targetHints":{"allow":["GET"]}}],"collection":[{"href":"https:\/\/oexpressobr.com.br\/index.php?rest_route=\/wp\/v2\/posts"}],"about":[{"href":"https:\/\/oexpressobr.com.br\/index.php?rest_route=\/wp\/v2\/types\/post"}],"author":[{"embeddable":true,"href":"https:\/\/oexpressobr.com.br\/index.php?rest_route=\/wp\/v2\/users\/1"}],"replies":[{"embeddable":true,"href":"https:\/\/oexpressobr.com.br\/index.php?rest_route=%2Fwp%2Fv2%2Fcomments&post=5381"}],"version-history":[{"count":1,"href":"https:\/\/oexpressobr.com.br\/index.php?rest_route=\/wp\/v2\/posts\/5381\/revisions"}],"predecessor-version":[{"id":5383,"href":"https:\/\/oexpressobr.com.br\/index.php?rest_route=\/wp\/v2\/posts\/5381\/revisions\/5383"}],"wp:featuredmedia":[{"embeddable":true,"href":"https:\/\/oexpressobr.com.br\/index.php?rest_route=\/wp\/v2\/media\/5382"}],"wp:attachment":[{"href":"https:\/\/oexpressobr.com.br\/index.php?rest_route=%2Fwp%2Fv2%2Fmedia&parent=5381"}],"wp:term":[{"taxonomy":"category","embeddable":true,"href":"https:\/\/oexpressobr.com.br\/index.php?rest_route=%2Fwp%2Fv2%2Fcategories&post=5381"},{"taxonomy":"post_tag","embeddable":true,"href":"https:\/\/oexpressobr.com.br\/index.php?rest_route=%2Fwp%2Fv2%2Ftags&post=5381"}],"curies":[{"name":"wp","href":"https:\/\/api.w.org\/{rel}","templated":true}]}}