{"id":5384,"date":"2026-03-09T03:56:50","date_gmt":"2026-03-09T06:56:50","guid":{"rendered":"https:\/\/oexpressobr.com.br\/?p=5384"},"modified":"2026-03-09T03:57:00","modified_gmt":"2026-03-09T06:57:00","slug":"policia-prende-todos-os-envolvidos-em-estupro-coletivo-em-copacabana-apos-surgimento-de-novas-vitimas","status":"publish","type":"post","link":"https:\/\/oexpressobr.com.br\/?p=5384","title":{"rendered":"Pol\u00edcia prende todos os envolvidos em estupro coletivo em Copacabana ap\u00f3s surgimento de novas v\u00edtimas"},"content":{"rendered":"\n<p class=\"wp-block-paragraph\">As investiga\u00e7\u00f5es sobre o estupro coletivo de uma adolescente de 17 anos em <strong>Copacabana<\/strong>, ocorrido no final de janeiro, ganharam desdobramentos decisivos na primeira semana de mar\u00e7o de 2026. Com a entrega do \u00faltimo suspeito \u2014 um adolescente tamb\u00e9m de 17 anos \u2014 na \u00faltima sexta-feira (6), todos os cinco indiciados pelo crime est\u00e3o agora sob cust\u00f3dia do Estado.<\/p>\n\n\n\n<p class=\"wp-block-paragraph\">\u200bO caso, que chocou o Rio de Janeiro pela brutalidade e pelo planejamento, revelou um padr\u00e3o de comportamento dos agressores. Segundo o delegado <strong>\u00c2ngelo Lages<\/strong>, titular da 12\u00aa DP (Copacabana), o grupo agia por meio de &#8220;emboscadas&#8221;. A t\u00e1tica consistia em atrair as v\u00edtimas para um apartamento sob o pretexto de um encontro rom\u00e2ntico com um dos jovens, para que, em seguida, os demais invadissem o local e praticassem a viol\u00eancia.<\/p>\n\n\n\n<h3 class=\"wp-block-heading\">\u200bOs principais envolvidos e o status das pris\u00f5es<\/h3>\n\n\n\n<p class=\"wp-block-paragraph\">\u200bAt\u00e9 o momento, os quatro adultos indiciados tiveram a pris\u00e3o preventiva decretada e est\u00e3o presos:<\/p>\n\n\n\n<ul class=\"wp-block-list\">\n<li>\u200b<strong>Jo\u00e3o Gabriel Xavier Bertho (19 anos):<\/strong> Ex-jogador do Serrano FC, entregou-se no dia 3 de mar\u00e7o. Sua defesa nega o crime e alega &#8220;consentimento&#8221;.<\/li>\n\n\n\n<li>\u200b<strong>Mattheus Ver\u00edssimo Zoel Martins (19 anos):<\/strong> Jogador do S.C. Humait\u00e1, tamb\u00e9m se entregou no dia 3 de mar\u00e7o. O clube anunciou seu afastamento imediato.<\/li>\n\n\n\n<li>\u200b<strong>Vitor Hugo Oliveira Simonin (18 anos):<\/strong> Filho de um ex-subsecret\u00e1rio estadual (exonerado ap\u00f3s o caso), entregou-se em 4 de mar\u00e7o.<\/li>\n\n\n\n<li>\u200b<strong>Bruno Felipe dos Santos Allegretti (18 anos):<\/strong> Entregou-se junto com Vitor Hugo.<\/li>\n\n\n\n<li>\u200b<strong>Adolescente de 17 anos:<\/strong> Apontado como o &#8220;mentor&#8221; intelectual e respons\u00e1vel por atrair a v\u00edtima; foi o \u00faltimo a se apresentar \u00e0 pol\u00edcia, em Belford Roxo.<\/li>\n<\/ul>\n\n\n\n<h3 class=\"wp-block-heading\">\u200bPadr\u00e3o de viol\u00eancia e novas den\u00fancias<\/h3>\n\n\n\n<p class=\"wp-block-paragraph\">\u200bA repercuss\u00e3o do caso de janeiro encorajou outras fam\u00edlias a buscarem a delegacia. Pelo menos <strong>duas novas den\u00fancias<\/strong> foram registradas com o mesmo <em>modus operandi<\/em>.<\/p>\n\n\n\n<ol class=\"wp-block-list\">\n<li>\u200b<strong>Caso de 2023:<\/strong> Uma m\u00e3e relatou que sua filha, ent\u00e3o com 14 anos, sofreu um abuso id\u00eantico praticado por tr\u00eas dos cinco envolvidos no crime atual.<\/li>\n\n\n\n<li>\u200b<strong>Abuso em sal\u00e3o de festas:<\/strong> Uma terceira v\u00edtima procurou a pol\u00edcia para denunciar um crime ocorrido em um evento social, ampliando a investiga\u00e7\u00e3o para poss\u00edveis outros participantes.<\/li>\n<\/ol>\n\n\n\n<h3 class=\"wp-block-heading\">\u200bConsequ\u00eancias institucionais<\/h3>\n\n\n\n<p class=\"wp-block-paragraph\">\u200bO impacto do crime transbordou a esfera policial:<\/p>\n\n\n\n<ul class=\"wp-block-list\">\n<li>\u200b<strong>Educa\u00e7\u00e3o:<\/strong> O <strong>Col\u00e9gio Pedro II<\/strong>, onde os suspeitos estudavam, iniciou o processo de desligamento dos jovens ap\u00f3s orienta\u00e7\u00e3o da Procuradoria Federal.<\/li>\n\n\n\n<li>\u200b<strong>Governo:<\/strong> O <strong>Minist\u00e9rio das Mulheres<\/strong> emitiu nota oficial refor\u00e7ando a urg\u00eancia do debate sobre consentimento e educa\u00e7\u00e3o sexual para preven\u00e7\u00e3o da viol\u00eancia de g\u00eanero.<\/li>\n\n\n\n<li>\u200b<strong>Justi\u00e7a:<\/strong> O Minist\u00e9rio P\u00fablico do Rio de Janeiro (MPRJ) denunciou o grupo por estupro qualificado e c\u00e1rcere privado. Se condenados, as penas podem ultrapassar os 15 anos de reclus\u00e3o devido \u00e0s agravantes de concurso de pessoas e v\u00edtima menor de idade.<\/li>\n<\/ul>\n","protected":false},"excerpt":{"rendered":"<p>As investiga\u00e7\u00f5es sobre o estupro coletivo de uma adolescente de 17 anos em Copacabana, ocorrido no final de janeiro, ganharam desdobramentos decisivos na primeira semana [&#8230;]<\/p>\n","protected":false},"author":1,"featured_media":5385,"comment_status":"open","ping_status":"open","sticky":false,"template":"","format":"standard","meta":{"_crdt_document":"","_jetpack_memberships_contains_paid_content":false,"footnotes":"","jetpack_publicize_message":"","jetpack_publicize_feature_enabled":true,"jetpack_social_post_already_shared":true,"jetpack_social_options":{"image_generator_settings":{"template":"highway","default_image_id":0,"font":"","enabled":false},"version":2}},"categories":[9],"tags":[],"class_list":["post-5384","post","type-post","status-publish","format-standard","has-post-thumbnail","hentry","category-policia"],"jetpack_publicize_connections":[],"jetpack_featured_media_url":"https:\/\/i0.wp.com\/oexpressobr.com.br\/wp-content\/uploads\/2026\/03\/IMG-20260309-WA0067.jpg?fit=519%2C284&ssl=1","jetpack_likes_enabled":true,"jetpack_sharing_enabled":true,"_links":{"self":[{"href":"https:\/\/oexpressobr.com.br\/index.php?rest_route=\/wp\/v2\/posts\/5384","targetHints":{"allow":["GET"]}}],"collection":[{"href":"https:\/\/oexpressobr.com.br\/index.php?rest_route=\/wp\/v2\/posts"}],"about":[{"href":"https:\/\/oexpressobr.com.br\/index.php?rest_route=\/wp\/v2\/types\/post"}],"author":[{"embeddable":true,"href":"https:\/\/oexpressobr.com.br\/index.php?rest_route=\/wp\/v2\/users\/1"}],"replies":[{"embeddable":true,"href":"https:\/\/oexpressobr.com.br\/index.php?rest_route=%2Fwp%2Fv2%2Fcomments&post=5384"}],"version-history":[{"count":1,"href":"https:\/\/oexpressobr.com.br\/index.php?rest_route=\/wp\/v2\/posts\/5384\/revisions"}],"predecessor-version":[{"id":5386,"href":"https:\/\/oexpressobr.com.br\/index.php?rest_route=\/wp\/v2\/posts\/5384\/revisions\/5386"}],"wp:featuredmedia":[{"embeddable":true,"href":"https:\/\/oexpressobr.com.br\/index.php?rest_route=\/wp\/v2\/media\/5385"}],"wp:attachment":[{"href":"https:\/\/oexpressobr.com.br\/index.php?rest_route=%2Fwp%2Fv2%2Fmedia&parent=5384"}],"wp:term":[{"taxonomy":"category","embeddable":true,"href":"https:\/\/oexpressobr.com.br\/index.php?rest_route=%2Fwp%2Fv2%2Fcategories&post=5384"},{"taxonomy":"post_tag","embeddable":true,"href":"https:\/\/oexpressobr.com.br\/index.php?rest_route=%2Fwp%2Fv2%2Ftags&post=5384"}],"curies":[{"name":"wp","href":"https:\/\/api.w.org\/{rel}","templated":true}]}}