{"id":5387,"date":"2026-03-09T04:02:39","date_gmt":"2026-03-09T07:02:39","guid":{"rendered":"https:\/\/oexpressobr.com.br\/?p=5387"},"modified":"2026-03-09T04:02:50","modified_gmt":"2026-03-09T07:02:50","slug":"moraes-e-vorcaro-ministro-nega-idas-a-mansao-em-trancoso-e-desmente-proximidade-com-banqueiro","status":"publish","type":"post","link":"https:\/\/oexpressobr.com.br\/?p=5387","title":{"rendered":"Moraes e Vorcaro: ministro nega idas a mans\u00e3o em Trancoso e desmente proximidade com banqueiro"},"content":{"rendered":"\n<p class=\"wp-block-paragraph\">O ministro do Supremo Tribunal Federal (STF), Alexandre de Moraes, manifestou-se oficialmente neste domingo (8) para negar com veem\u00eancia as informa\u00e7\u00f5es publicadas pelo colunista Lauro Jardim, do jornal <em>O Globo<\/em>. A reportagem sugeria que o magistrado teria frequentado uma luxuosa mans\u00e3o de R$ 300 milh\u00f5es alugada pelo banqueiro Daniel Vorcaro, dono do Banco Master, em Trancoso, no litoral sul da Bahia.<\/p>\n\n\n\n<p class=\"wp-block-paragraph\">\u200bEm nota emitida por seu gabinete, Moraes classificou as afirma\u00e7\u00f5es como &#8220;integralmente falsas&#8221; e afirmou que &#8220;jamais realizou qualquer viagem particular com Daniel Vorcaro para qualquer destino&#8221;. O ministro reiterou que nunca esteve na propriedade citada \u2014 um im\u00f3vel de 40 mil metros quadrados com 12 su\u00edtes e cinco bangal\u00f4s \u2014 e criticou o que chamou de &#8220;tentativas de vincular sua agenda pessoal ou profissional&#8221; ao empres\u00e1rio.<\/p>\n\n\n\n<p class=\"wp-block-paragraph\">\u200b<strong>Novos desdobramentos e a crise do Banco Master<\/strong><\/p>\n\n\n\n<p class=\"wp-block-paragraph\">\u200bA pol\u00eamica ocorre em um momento cr\u00edtico para Daniel Vorcaro. Recentemente, o Banco Central decretou a liquida\u00e7\u00e3o extrajudicial do Banco Master e da Master S\/A Corretora de C\u00e2mbio, ap\u00f3s constatar a inviabilidade de recupera\u00e7\u00e3o da institui\u00e7\u00e3o. Paralelamente, Vorcaro foi alvo de mandado de pris\u00e3o pela Pol\u00edcia Federal no \u00e2mbito da opera\u00e7\u00e3o <em>Compliance Zero<\/em>.<\/p>\n\n\n\n<p class=\"wp-block-paragraph\">\u200bAs investiga\u00e7\u00f5es da PF trouxeram \u00e0 tona elementos que t\u00eam alimentado o embate p\u00fablico:<\/p>\n\n\n\n<ul class=\"wp-block-list\">\n<li>\u200b<strong>Mensagens periciadas:<\/strong> Relat\u00f3rios da PF indicam a exist\u00eancia de mensagens no celular de Vorcaro que fariam refer\u00eancia a di\u00e1logos com o ministro. A defesa de Vorcaro e o pr\u00f3prio STF divergem sobre a autenticidade e o destinat\u00e1rio real dessas comunica\u00e7\u00f5es. O tribunal sustenta que os registros encontrados no aparelho do banqueiro pertencem a pastas de outros contatos e n\u00e3o foram direcionados a Moraes.<\/li>\n\n\n\n<li>\u200b<strong>A &#8220;Turma&#8221;:<\/strong> A investiga\u00e7\u00e3o aponta que Vorcaro coordenava uma estrutura informal de monitoramento e coa\u00e7\u00e3o para proteger seus neg\u00f3cios, o que inclu\u00eda acessos indevidos a sistemas da PF, MPF e at\u00e9 da Interpol.<\/li>\n\n\n\n<li>\u200b<strong>Amea\u00e7as a jornalistas:<\/strong> Em di\u00e1logos interceptados, o banqueiro teria manifestado a inten\u00e7\u00e3o de agredir fisicamente o jornalista Lauro Jardim, autor das revela\u00e7\u00f5es recentes, mencionando o desejo de &#8220;quebrar todos os dentes&#8221; do colunista em um suposto assalto simulado.<\/li>\n<\/ul>\n\n\n\n<p class=\"wp-block-paragraph\">\u200b<strong>Rea\u00e7\u00e3o pol\u00edtica<\/strong><\/p>\n\n\n\n<p class=\"wp-block-paragraph\">\u200bA repercuss\u00e3o do caso j\u00e1 atinge o Congresso Nacional. A oposi\u00e7\u00e3o tem utilizado os novos fatos para refor\u00e7ar pedidos de impeachment contra o ministro, enquanto a CPMI do INSS \u2014 que investiga fraudes envolvendo o sistema previdenci\u00e1rio e conex\u00f5es financeiras \u2014 avalia pedir o depoimento formal de Vorcaro, que atualmente se encontra preso em uma unidade de seguran\u00e7a m\u00e1xima em Bras\u00edlia.<\/p>\n\n\n\n<p class=\"wp-block-paragraph\">\u200bO STF encerra a nota lamentando a publica\u00e7\u00e3o de informa\u00e7\u00f5es &#8220;baseadas em premissas f\u00e1ticas inexistentes&#8221; e refor\u00e7a que n\u00e3o houve qualquer interfer\u00eancia do magistrado em processos relacionados \u00e0 liquida\u00e7\u00e3o do Banco Master.<\/p>\n","protected":false},"excerpt":{"rendered":"<p>O ministro do Supremo Tribunal Federal (STF), Alexandre de Moraes, manifestou-se oficialmente neste domingo (8) para negar com veem\u00eancia as informa\u00e7\u00f5es publicadas pelo colunista Lauro [&#8230;]<\/p>\n","protected":false},"author":1,"featured_media":5388,"comment_status":"open","ping_status":"open","sticky":false,"template":"","format":"standard","meta":{"_crdt_document":"","_jetpack_memberships_contains_paid_content":false,"footnotes":"","jetpack_publicize_message":"","jetpack_publicize_feature_enabled":true,"jetpack_social_post_already_shared":true,"jetpack_social_options":{"image_generator_settings":{"template":"highway","default_image_id":0,"font":"","enabled":false},"version":2}},"categories":[3],"tags":[],"class_list":["post-5387","post","type-post","status-publish","format-standard","has-post-thumbnail","hentry","category-brasil"],"jetpack_publicize_connections":[],"jetpack_featured_media_url":"https:\/\/i0.wp.com\/oexpressobr.com.br\/wp-content\/uploads\/2026\/03\/IMG-20260309-WA0073.jpg?fit=1200%2C604&ssl=1","jetpack_likes_enabled":true,"jetpack_sharing_enabled":true,"_links":{"self":[{"href":"https:\/\/oexpressobr.com.br\/index.php?rest_route=\/wp\/v2\/posts\/5387","targetHints":{"allow":["GET"]}}],"collection":[{"href":"https:\/\/oexpressobr.com.br\/index.php?rest_route=\/wp\/v2\/posts"}],"about":[{"href":"https:\/\/oexpressobr.com.br\/index.php?rest_route=\/wp\/v2\/types\/post"}],"author":[{"embeddable":true,"href":"https:\/\/oexpressobr.com.br\/index.php?rest_route=\/wp\/v2\/users\/1"}],"replies":[{"embeddable":true,"href":"https:\/\/oexpressobr.com.br\/index.php?rest_route=%2Fwp%2Fv2%2Fcomments&post=5387"}],"version-history":[{"count":1,"href":"https:\/\/oexpressobr.com.br\/index.php?rest_route=\/wp\/v2\/posts\/5387\/revisions"}],"predecessor-version":[{"id":5389,"href":"https:\/\/oexpressobr.com.br\/index.php?rest_route=\/wp\/v2\/posts\/5387\/revisions\/5389"}],"wp:featuredmedia":[{"embeddable":true,"href":"https:\/\/oexpressobr.com.br\/index.php?rest_route=\/wp\/v2\/media\/5388"}],"wp:attachment":[{"href":"https:\/\/oexpressobr.com.br\/index.php?rest_route=%2Fwp%2Fv2%2Fmedia&parent=5387"}],"wp:term":[{"taxonomy":"category","embeddable":true,"href":"https:\/\/oexpressobr.com.br\/index.php?rest_route=%2Fwp%2Fv2%2Fcategories&post=5387"},{"taxonomy":"post_tag","embeddable":true,"href":"https:\/\/oexpressobr.com.br\/index.php?rest_route=%2Fwp%2Fv2%2Ftags&post=5387"}],"curies":[{"name":"wp","href":"https:\/\/api.w.org\/{rel}","templated":true}]}}