{"id":5391,"date":"2026-03-09T04:10:49","date_gmt":"2026-03-09T07:10:49","guid":{"rendered":"https:\/\/oexpressobr.com.br\/?p=5391"},"modified":"2026-03-09T04:10:59","modified_gmt":"2026-03-09T07:10:59","slug":"arabia-saudita-registra-primeiras-mortes-apos-ataques-iranianos-e-liga-arabe-condena-politica-imprudente-de-teera","status":"publish","type":"post","link":"https:\/\/oexpressobr.com.br\/?p=5391","title":{"rendered":"Ar\u00e1bia Saudita registra primeiras mortes ap\u00f3s ataques iranianos e Liga \u00c1rabe condena pol\u00edtica imprudente de Teer\u00e3"},"content":{"rendered":"\n<p class=\"wp-block-paragraph\">A escalada de viol\u00eancia no Oriente M\u00e9dio atingiu um novo e tr\u00e1gico patamar neste final de semana. O governo da <strong>Ar\u00e1bia Saudita<\/strong> confirmou, neste domingo (8), as primeiras mortes em seu territ\u00f3rio decorrentes da retalia\u00e7\u00e3o do <strong>Ir\u00e3<\/strong>. O ataque, que utilizou proj\u00e9teis de longo alcance, atingiu a prov\u00edncia de <strong>Al Kharj<\/strong>, situada a sudeste da capital Riade, resultando em pelo menos <strong>duas v\u00edtimas fatais<\/strong> e 12 feridos.<\/p>\n\n\n\n<p class=\"wp-block-paragraph\">\u200bO incidente ocorre em um contexto de guerra aberta na regi\u00e3o, iniciada ap\u00f3s a ofensiva coordenada de <strong>Estados Unidos<\/strong> e <strong>Israel<\/strong> contra o territ\u00f3rio iraniano no final de fevereiro \u2014 opera\u00e7\u00e3o que resultou na morte do l\u00edder supremo <strong>Ali Khamenei<\/strong>. Desde ent\u00e3o, Teer\u00e3 iniciou uma s\u00e9rie de disparos contra bases americanas e aliados estrat\u00e9gicos no Golfo, afetando pa\u00edses como Kuwait, Emirados \u00c1rabes Unidos e agora, de forma letal, o reino saudita.<\/p>\n\n\n\n<h3 class=\"wp-block-heading\">\u200bCondena\u00e7\u00e3o diplom\u00e1tica e crise humanit\u00e1ria<\/h3>\n\n\n\n<p class=\"wp-block-paragraph\">\u200bA resposta pol\u00edtica foi imediata e severa. O presidente da <strong>Liga \u00c1rabe<\/strong>, <strong>Ahmed Abouel Gheit<\/strong>, criticou duramente o regime iraniano, classificando as a\u00e7\u00f5es de Teer\u00e3 como uma <strong>&#8220;pol\u00edtica imprudente&#8221;<\/strong> que coloca em risco a soberania nacional dos pa\u00edses \u00e1rabes e a seguran\u00e7a de milh\u00f5es de civis.<\/p>\n\n\n\n<blockquote class=\"wp-block-quote is-layout-flow wp-block-quote-is-layout-flow\">\n<p class=\"wp-block-paragraph\">\u200b&#8221;O Ir\u00e3 est\u00e1 arrastando a regi\u00e3o para um abismo de incertezas, ignorando os apelos por conten\u00e7\u00e3o e violando a integridade territorial de seus vizinhos&#8221;, afirmou Gheit em nota oficial.<\/p>\n<\/blockquote>\n\n\n\n<h3 class=\"wp-block-heading\">\u200bPanorama militar e seguran\u00e7a regional<\/h3>\n\n\n\n<p class=\"wp-block-paragraph\">\u200bA situa\u00e7\u00e3o de seguran\u00e7a na pen\u00ednsula se deteriorou rapidamente nas \u00faltimas 48 horas:<\/p>\n\n\n\n<ul class=\"wp-block-list\">\n<li>\u200b<strong>Esvaziamento de Embaixadas:<\/strong> Os Estados Unidos ordenaram a sa\u00edda de todo o pessoal n\u00e3o essencial e familiares de diplomatas de sua embaixada em Riade, citando riscos iminentes \u00e0 seguran\u00e7a.<\/li>\n\n\n\n<li>\u200b<strong>Defesa Aeroespacial:<\/strong> O Minist\u00e9rio da Defesa saudita informou ter interceptado pelo menos <strong>nove drones<\/strong> e diversos m\u00edsseis bal\u00edsticos que visavam infraestruturas cr\u00edticas, incluindo refinarias de petr\u00f3leo no leste do pa\u00eds e aeroportos internacionais.<\/li>\n\n\n\n<li>\u200b<strong>Caos Log\u00edstico:<\/strong> Centenas de milhares de viajantes e turistas permanecem retidos na regi\u00e3o devido ao fechamento intermitente de espa\u00e7os a\u00e9reos e ao cancelamento em massa de voos comerciais.<\/li>\n<\/ul>\n\n\n\n<p class=\"wp-block-paragraph\">Apesar da viol\u00eancia, fontes diplom\u00e1ticas indicam que a Ar\u00e1bia Saudita ainda mant\u00e9m canais de comunica\u00e7\u00e3o diretos com Teer\u00e3, tentando evitar que o conflito se transforme em uma guerra total e direta entre as duas pot\u00eancias regionais.<\/p>\n","protected":false},"excerpt":{"rendered":"<p>A escalada de viol\u00eancia no Oriente M\u00e9dio atingiu um novo e tr\u00e1gico patamar neste final de semana. O governo da Ar\u00e1bia Saudita confirmou, neste domingo [&#8230;]<\/p>\n","protected":false},"author":1,"featured_media":5390,"comment_status":"open","ping_status":"open","sticky":false,"template":"","format":"standard","meta":{"_crdt_document":"","_jetpack_memberships_contains_paid_content":false,"footnotes":"","jetpack_publicize_message":"","jetpack_publicize_feature_enabled":true,"jetpack_social_post_already_shared":true,"jetpack_social_options":{"image_generator_settings":{"template":"highway","default_image_id":0,"font":"","enabled":false},"version":2}},"categories":[15],"tags":[],"class_list":["post-5391","post","type-post","status-publish","format-standard","has-post-thumbnail","hentry","category-internacional"],"jetpack_publicize_connections":[],"jetpack_featured_media_url":"https:\/\/i0.wp.com\/oexpressobr.com.br\/wp-content\/uploads\/2026\/03\/IMG-20260309-WA0072.jpg?fit=1200%2C750&ssl=1","jetpack_likes_enabled":true,"jetpack_sharing_enabled":true,"_links":{"self":[{"href":"https:\/\/oexpressobr.com.br\/index.php?rest_route=\/wp\/v2\/posts\/5391","targetHints":{"allow":["GET"]}}],"collection":[{"href":"https:\/\/oexpressobr.com.br\/index.php?rest_route=\/wp\/v2\/posts"}],"about":[{"href":"https:\/\/oexpressobr.com.br\/index.php?rest_route=\/wp\/v2\/types\/post"}],"author":[{"embeddable":true,"href":"https:\/\/oexpressobr.com.br\/index.php?rest_route=\/wp\/v2\/users\/1"}],"replies":[{"embeddable":true,"href":"https:\/\/oexpressobr.com.br\/index.php?rest_route=%2Fwp%2Fv2%2Fcomments&post=5391"}],"version-history":[{"count":1,"href":"https:\/\/oexpressobr.com.br\/index.php?rest_route=\/wp\/v2\/posts\/5391\/revisions"}],"predecessor-version":[{"id":5392,"href":"https:\/\/oexpressobr.com.br\/index.php?rest_route=\/wp\/v2\/posts\/5391\/revisions\/5392"}],"wp:featuredmedia":[{"embeddable":true,"href":"https:\/\/oexpressobr.com.br\/index.php?rest_route=\/wp\/v2\/media\/5390"}],"wp:attachment":[{"href":"https:\/\/oexpressobr.com.br\/index.php?rest_route=%2Fwp%2Fv2%2Fmedia&parent=5391"}],"wp:term":[{"taxonomy":"category","embeddable":true,"href":"https:\/\/oexpressobr.com.br\/index.php?rest_route=%2Fwp%2Fv2%2Fcategories&post=5391"},{"taxonomy":"post_tag","embeddable":true,"href":"https:\/\/oexpressobr.com.br\/index.php?rest_route=%2Fwp%2Fv2%2Ftags&post=5391"}],"curies":[{"name":"wp","href":"https:\/\/api.w.org\/{rel}","templated":true}]}}