{"id":5393,"date":"2026-03-09T04:19:50","date_gmt":"2026-03-09T07:19:50","guid":{"rendered":"https:\/\/oexpressobr.com.br\/?p=5393"},"modified":"2026-03-09T04:19:58","modified_gmt":"2026-03-09T07:19:58","slug":"senador-alessandro-vieira-busca-assinaturas-finais-para-abrir-cpi-contra-moraes-toffoli-e-vorcaro","status":"publish","type":"post","link":"https:\/\/oexpressobr.com.br\/?p=5393","title":{"rendered":"Senador Alessandro Vieira busca assinaturas finais para abrir CPI contra Moraes, Toffoli e Vorcaro"},"content":{"rendered":"\n<p class=\"wp-block-paragraph\">O senador Alessandro Vieira (MDB-SE) intensifica nesta segunda-feira (9) a coleta de assinaturas para protocolar o requerimento de cria\u00e7\u00e3o de uma Comiss\u00e3o Parlamentar de Inqu\u00e9rito (CPI) espec\u00edfica para investigar a conduta dos ministros do Supremo Tribunal Federal (STF), Alexandre de Moraes e Dias Toffoli. O foco central da apura\u00e7\u00e3o \u00e9 a suposta rela\u00e7\u00e3o de proximidade e transa\u00e7\u00f5es at\u00edpicas envolvendo os magistrados e o Banco Master, controlado pelo empres\u00e1rio Daniel Vorcaro.<\/p>\n\n\n\n<p class=\"wp-block-paragraph\">\u200bAt\u00e9 o \u00faltimo balan\u00e7o divulgado pelo parlamentar no domingo (8), o requerimento contava com 17 das 27 assinaturas necess\u00e1rias para a instala\u00e7\u00e3o do colegiado. Vieira projeta alcan\u00e7ar o apoio restante ainda hoje, aproveitando a movimenta\u00e7\u00e3o no Congresso ap\u00f3s as recentes revela\u00e7\u00f5es que abalaram as institui\u00e7\u00f5es.<\/p>\n\n\n\n<p class=\"wp-block-paragraph\">\u200b<strong>O foco das investiga\u00e7\u00f5es<\/strong><\/p>\n\n\n\n<p class=\"wp-block-paragraph\">A proposta de CPI surge no rastro de den\u00fancias sobre o chamado &#8220;Caso Master&#8221;. Entre os pontos que o senador pretende esclarecer est\u00e3o:<\/p>\n\n\n\n<ul class=\"wp-block-list\">\n<li>\u200b<strong>Transa\u00e7\u00f5es imobili\u00e1rias:<\/strong> Ind\u00edcios de que irm\u00e3os do ministro Dias Toffoli teriam vendido participa\u00e7\u00f5es em um resort no Paran\u00e1 para fundos ligados ao Banco Master, enquanto o ministro era relator de processos de interesse da institui\u00e7\u00e3o.<\/li>\n\n\n\n<li>\u200b<strong>Mensagens e contatos:<\/strong> Supostas trocas de mensagens entre Daniel Vorcaro e o ministro Alexandre de Moraes, al\u00e9m de contratos milion\u00e1rios de advocacia envolvendo familiares dos magistrados com o banco.<\/li>\n\n\n\n<li>\u200b<strong>Pris\u00f5es recentes:<\/strong> A ofensiva ganhou f\u00f4lego ap\u00f3s a pris\u00e3o preventiva de Daniel Vorcaro e de seus aliados, autorizada pelo ministro Andr\u00e9 Mendon\u00e7a na \u00faltima semana, sob acusa\u00e7\u00e3o de corrup\u00e7\u00e3o de agentes p\u00fablicos e atua\u00e7\u00e3o em organiza\u00e7\u00e3o criminosa de &#8220;alt\u00edssima periculosidade&#8221;.<\/li>\n<\/ul>\n\n\n\n<p class=\"wp-block-paragraph\">\u200b<strong>Pr\u00f3ximos passos e embates<\/strong><\/p>\n\n\n\n<p class=\"wp-block-paragraph\">O senador Alessandro Vieira defende que a investiga\u00e7\u00e3o ocorra &#8220;sem condena\u00e7\u00f5es pr\u00e9vias&#8221;, mas ressalta que o Brasil enfrenta um dos esc\u00e2ndalos institucionais mais graves de sua hist\u00f3ria. &#8220;\u00c9 preciso garantir que todos estejam sujeitos \u00e0 mesma lei&#8221;, afirmou o relator da atual CPI do Crime Organizado, que agora busca este novo desdobramento exclusivo para o Judici\u00e1rio.<\/p>\n\n\n\n<p class=\"wp-block-paragraph\">\u200bA instala\u00e7\u00e3o da CPI, contudo, enfrenta barreiras pol\u00edticas e jur\u00eddicas. Ministros do STF, como Gilmar Mendes, j\u00e1 proferiram decis\u00f5es limitando quebras de sigilo e depoimentos de familiares de magistrados no \u00e2mbito da CPI do Crime Organizado, o que deve gerar novos conflitos de compet\u00eancia entre os Poderes caso o novo requerimento de Vieira prospere nesta semana.<\/p>\n","protected":false},"excerpt":{"rendered":"<p>O senador Alessandro Vieira (MDB-SE) intensifica nesta segunda-feira (9) a coleta de assinaturas para protocolar o requerimento de cria\u00e7\u00e3o de uma Comiss\u00e3o Parlamentar de Inqu\u00e9rito [&#8230;]<\/p>\n","protected":false},"author":1,"featured_media":5394,"comment_status":"open","ping_status":"open","sticky":false,"template":"","format":"standard","meta":{"_crdt_document":"","_jetpack_memberships_contains_paid_content":false,"footnotes":"","jetpack_publicize_message":"","jetpack_publicize_feature_enabled":true,"jetpack_social_post_already_shared":true,"jetpack_social_options":{"image_generator_settings":{"template":"highway","default_image_id":0,"font":"","enabled":false},"version":2}},"categories":[3],"tags":[],"class_list":["post-5393","post","type-post","status-publish","format-standard","has-post-thumbnail","hentry","category-brasil"],"jetpack_publicize_connections":[],"jetpack_featured_media_url":"https:\/\/i0.wp.com\/oexpressobr.com.br\/wp-content\/uploads\/2026\/03\/IMG-20260309-WA0069.jpg?fit=1200%2C801&ssl=1","jetpack_likes_enabled":true,"jetpack_sharing_enabled":true,"_links":{"self":[{"href":"https:\/\/oexpressobr.com.br\/index.php?rest_route=\/wp\/v2\/posts\/5393","targetHints":{"allow":["GET"]}}],"collection":[{"href":"https:\/\/oexpressobr.com.br\/index.php?rest_route=\/wp\/v2\/posts"}],"about":[{"href":"https:\/\/oexpressobr.com.br\/index.php?rest_route=\/wp\/v2\/types\/post"}],"author":[{"embeddable":true,"href":"https:\/\/oexpressobr.com.br\/index.php?rest_route=\/wp\/v2\/users\/1"}],"replies":[{"embeddable":true,"href":"https:\/\/oexpressobr.com.br\/index.php?rest_route=%2Fwp%2Fv2%2Fcomments&post=5393"}],"version-history":[{"count":1,"href":"https:\/\/oexpressobr.com.br\/index.php?rest_route=\/wp\/v2\/posts\/5393\/revisions"}],"predecessor-version":[{"id":5395,"href":"https:\/\/oexpressobr.com.br\/index.php?rest_route=\/wp\/v2\/posts\/5393\/revisions\/5395"}],"wp:featuredmedia":[{"embeddable":true,"href":"https:\/\/oexpressobr.com.br\/index.php?rest_route=\/wp\/v2\/media\/5394"}],"wp:attachment":[{"href":"https:\/\/oexpressobr.com.br\/index.php?rest_route=%2Fwp%2Fv2%2Fmedia&parent=5393"}],"wp:term":[{"taxonomy":"category","embeddable":true,"href":"https:\/\/oexpressobr.com.br\/index.php?rest_route=%2Fwp%2Fv2%2Fcategories&post=5393"},{"taxonomy":"post_tag","embeddable":true,"href":"https:\/\/oexpressobr.com.br\/index.php?rest_route=%2Fwp%2Fv2%2Ftags&post=5393"}],"curies":[{"name":"wp","href":"https:\/\/api.w.org\/{rel}","templated":true}]}}