{"id":5398,"date":"2026-03-09T04:26:12","date_gmt":"2026-03-09T07:26:12","guid":{"rendered":"https:\/\/oexpressobr.com.br\/?p=5398"},"modified":"2026-03-09T04:26:22","modified_gmt":"2026-03-09T07:26:22","slug":"investigacao-caso-master-como-vorcaro-desviava-dinheiro-para-familiares","status":"publish","type":"post","link":"https:\/\/oexpressobr.com.br\/?p=5398","title":{"rendered":"Investiga\u00e7\u00e3o Caso Master: como Vorcaro desviava dinheiro para familiares"},"content":{"rendered":"\n<p class=\"wp-block-paragraph\"><strong>Pai, irm\u00e3 e primo est\u00e3o entre os apontados pela Pol\u00edcia Federal como destinat\u00e1rios de repasses milion\u00e1rios sob suspeita de fraude<\/strong><\/p>\n\n\n\n<p class=\"wp-block-paragraph\">\u200bA investiga\u00e7\u00e3o da <strong>Pol\u00edcia Federal (PF)<\/strong> sobre o colapso e as supostas fraudes no <strong>Banco Master<\/strong> revelou um esquema sofisticado de drenagem de recursos da institui\u00e7\u00e3o financeira para o n\u00facleo familiar de seu principal acionista, <strong>Daniel Vorcaro<\/strong>. Segundo documentos da <strong>Opera\u00e7\u00e3o Compliance Zero<\/strong>, o banqueiro teria utilizado uma rede de empresas e fundos de investimento para mascarar o repasse de cifras bilion\u00e1rias a parentes pr\u00f3ximos, incluindo seu pai, irm\u00e3 e um primo.<\/p>\n\n\n\n<h3 class=\"wp-block-heading\">\u200bO n\u00facleo familiar e os valores desviados<\/h3>\n\n\n\n<p class=\"wp-block-paragraph\">\u200bOs relat\u00f3rios da PF detalham que o esquema n\u00e3o se limitava a opera\u00e7\u00f5es banc\u00e1rias convencionais, mas envolvia a triangula\u00e7\u00e3o de valores que, em \u00faltima inst\u00e2ncia, beneficiavam o patrim\u00f4nio pessoal da fam\u00edlia Vorcaro.<\/p>\n\n\n\n<ul class=\"wp-block-list\">\n<li>\u200b<strong>Henrique Vorcaro (Pai):<\/strong> A investiga\u00e7\u00e3o aponta que cerca de <strong>R$ 2,2 bilh\u00f5es<\/strong> foram identificados em contas ligadas ao pai do banqueiro. A PF sustenta que esses valores foram ocultados por meio de opera\u00e7\u00f5es de fachada para evitar o rastreio pelos \u00f3rg\u00e3os de controle.<\/li>\n\n\n\n<li>\u200b<strong>Fabiano Zettel (Cunhado\/Operador):<\/strong> Apontado como uma pe\u00e7a-chave na engenharia financeira, Zettel foi preso em janeiro de 2026. Ele \u00e9 suspeito de atuar na ponta operacional que viabilizava a sa\u00edda de capital do banco para ve\u00edculos de investimento privados.<\/li>\n\n\n\n<li>\u200b<strong>Outros familiares:<\/strong> A irm\u00e3 e um primo de Vorcaro tamb\u00e9m constam nos autos como destinat\u00e1rios de repasses que somam dezenas de milh\u00f5es de reais, frequentemente justificados como &#8220;pagamentos de servi\u00e7os&#8221; ou &#8220;empr\u00e9stimos&#8221; sem lastro real.<\/li>\n<\/ul>\n\n\n\n<h3 class=\"wp-block-heading\">\u200bBens no exterior e o &#8220;bloqueio americano&#8221;<\/h3>\n\n\n\n<p class=\"wp-block-paragraph\">\u200bAl\u00e9m das contas nacionais, a PF e a justi\u00e7a brasileira acionaram autoridades dos <strong>Estados Unidos<\/strong> para o congelamento de bens. Entre as propriedades sob suspeita, destaca-se uma <strong>mans\u00e3o na Fl\u00f3rida<\/strong>, adquirida com recursos que a massa liquidante do Master atribui diretamente a desvios. O objetivo \u00e9 evitar que a fam\u00edlia se desfa\u00e7a dos ativos antes que o ressarcimento aos credores seja garantido.<\/p>\n\n\n\n<blockquote class=\"wp-block-quote is-layout-flow wp-block-quote-is-layout-flow\">\n<p class=\"wp-block-paragraph\">\u200b&#8221;A extens\u00e3o e a complexidade destas cadeias de transa\u00e7\u00f5es apresentam ind\u00edcios de que as opera\u00e7\u00f5es foram estruturadas para desviar recursos com destina\u00e7\u00e3o alheia aos interesses do banco&#8221;, afirma um trecho do relat\u00f3rio enviado ao Supremo Tribunal Federal (STF).<\/p>\n<\/blockquote>\n\n\n\n<h3 class=\"wp-block-heading\">\u200b\u00daltimas atualiza\u00e7\u00f5es: pris\u00e3o e transfer\u00eancia<\/h3>\n\n\n\n<p class=\"wp-block-paragraph\">\u200bNa \u00faltima semana, o caso tomou novos rumos dram\u00e1ticos:<\/p>\n\n\n\n<ol class=\"wp-block-list\">\n<li>\u200b<strong>Segunda Pris\u00e3o:<\/strong> Daniel Vorcaro foi preso preventivamente pela segunda vez em 4 de mar\u00e7o de 2026, por ordem do ministro <strong>Andr\u00e9 Mendon\u00e7a<\/strong>.<\/li>\n\n\n\n<li>\u200b<strong>Seguran\u00e7a M\u00e1xima:<\/strong> Devido ao temor de que sua influ\u00eancia pudesse obstruir as investiga\u00e7\u00f5es ou facilitar uma fuga, Vorcaro foi transferido para a <strong>Penitenci\u00e1ria Federal em Bras\u00edlia<\/strong> na \u00faltima sexta-feira (6).<\/li>\n\n\n\n<li>\u200b<strong>Suic\u00eddio de Aliado:<\/strong> O caso foi marcado pela morte de <strong>Luiz Phillipi Mour\u00e3o<\/strong>, conhecido como &#8220;Sic\u00e1rio&#8221;, apontado como o bra\u00e7o armado de Vorcaro para intimidar jornalistas e autoridades. Ele cometeu suic\u00eddio em sua cela na sede da PF em Minas Gerais ap\u00f3s ser preso na mesma opera\u00e7\u00e3o.<\/li>\n<\/ol>\n\n\n\n<h3 class=\"wp-block-heading\">\u200bO que diz a defesa<\/h3>\n\n\n\n<p class=\"wp-block-paragraph\">\u200bA defesa de Daniel Vorcaro nega veementemente qualquer irregularidade. Em notas recentes, os advogados afirmam que as transa\u00e7\u00f5es citadas pela PF possuem lastro comercial, foram declaradas \u00e0 Receita Federal e que o banqueiro est\u00e1 sendo v\u00edtima de um &#8220;vazamento seletivo de informa\u00e7\u00f5es&#8221; fora de contexto. Sobre os familiares, a defesa de Henrique Vorcaro declarou que ele n\u00e3o possui envolvimento em opera\u00e7\u00f5es il\u00edcitas.<\/p>\n\n\n\n<p class=\"wp-block-paragraph\"><\/p>\n","protected":false},"excerpt":{"rendered":"<p>Pai, irm\u00e3 e primo est\u00e3o entre os apontados pela Pol\u00edcia Federal como destinat\u00e1rios de repasses milion\u00e1rios sob suspeita de fraude \u200bA investiga\u00e7\u00e3o da Pol\u00edcia Federal [&#8230;]<\/p>\n","protected":false},"author":1,"featured_media":5399,"comment_status":"open","ping_status":"open","sticky":false,"template":"","format":"standard","meta":{"_crdt_document":"","_jetpack_memberships_contains_paid_content":false,"footnotes":"","jetpack_publicize_message":"","jetpack_publicize_feature_enabled":true,"jetpack_social_post_already_shared":true,"jetpack_social_options":{"image_generator_settings":{"template":"highway","default_image_id":0,"font":"","enabled":false},"version":2}},"categories":[3],"tags":[],"class_list":["post-5398","post","type-post","status-publish","format-standard","has-post-thumbnail","hentry","category-brasil"],"jetpack_publicize_connections":[],"jetpack_featured_media_url":"https:\/\/i0.wp.com\/oexpressobr.com.br\/wp-content\/uploads\/2026\/03\/IMG-20260308-WA0306.jpg?fit=1200%2C806&ssl=1","jetpack_likes_enabled":true,"jetpack_sharing_enabled":true,"_links":{"self":[{"href":"https:\/\/oexpressobr.com.br\/index.php?rest_route=\/wp\/v2\/posts\/5398","targetHints":{"allow":["GET"]}}],"collection":[{"href":"https:\/\/oexpressobr.com.br\/index.php?rest_route=\/wp\/v2\/posts"}],"about":[{"href":"https:\/\/oexpressobr.com.br\/index.php?rest_route=\/wp\/v2\/types\/post"}],"author":[{"embeddable":true,"href":"https:\/\/oexpressobr.com.br\/index.php?rest_route=\/wp\/v2\/users\/1"}],"replies":[{"embeddable":true,"href":"https:\/\/oexpressobr.com.br\/index.php?rest_route=%2Fwp%2Fv2%2Fcomments&post=5398"}],"version-history":[{"count":1,"href":"https:\/\/oexpressobr.com.br\/index.php?rest_route=\/wp\/v2\/posts\/5398\/revisions"}],"predecessor-version":[{"id":5400,"href":"https:\/\/oexpressobr.com.br\/index.php?rest_route=\/wp\/v2\/posts\/5398\/revisions\/5400"}],"wp:featuredmedia":[{"embeddable":true,"href":"https:\/\/oexpressobr.com.br\/index.php?rest_route=\/wp\/v2\/media\/5399"}],"wp:attachment":[{"href":"https:\/\/oexpressobr.com.br\/index.php?rest_route=%2Fwp%2Fv2%2Fmedia&parent=5398"}],"wp:term":[{"taxonomy":"category","embeddable":true,"href":"https:\/\/oexpressobr.com.br\/index.php?rest_route=%2Fwp%2Fv2%2Fcategories&post=5398"},{"taxonomy":"post_tag","embeddable":true,"href":"https:\/\/oexpressobr.com.br\/index.php?rest_route=%2Fwp%2Fv2%2Ftags&post=5398"}],"curies":[{"name":"wp","href":"https:\/\/api.w.org\/{rel}","templated":true}]}}